{"id":92546,"date":"2018-10-05T18:49:29","date_gmt":"2018-10-05T17:49:29","guid":{"rendered":"http:\/\/wikicollection.fr\/?p=92546"},"modified":"2020-12-06T23:28:08","modified_gmt":"2020-12-06T22:28:08","slug":"jetons-publicitaires-a-localiser-theatre-electrique-grenier","status":"publish","type":"post","link":"https:\/\/wikicollection.fr\/?p=92546","title":{"rendered":"Jetons publicitaires &#8211; (itin\u00e9rant) &#8211; Th\u00e9\u00e2tre \u00e9lectrique Grenier"},"content":{"rendered":"<p><a class=\"macoll bleu\" href=\"?page_id=10005\"><img src=http:\/\/www.wikicollection.fr\/wp-includes\/images\/ajout.jpg>Suivre cette page<\/a><br><br>Ernest Germain Grenier est n\u00e9 le 16 avril 1855. Avec l\u2019aide de son \u00e9pouse Marie-Louise il d\u00e9cide de monter une loterie et de faire les foires. Il fonde le Th\u00e9\u00e2tre \u00e9lectrique Grenier en 1894. Leurs cinq enfants participent \u00e0 la vie du th\u00e9\u00e2tre. Des num\u00e9ros de cirque viennent ensuite s&rsquo;ajouter \u00e0 la vie du th\u00e9\u00e2tre. En 1904 leur fille Adrienne \u00e9pouse Alexandre Palisse, clown. Le gendre d\u2019Ernest Germain Grenier entre donc au th\u00e9\u00e2tre, avant de cr\u00e9er son propre cirque en 1911.<br \/>\nLa guerre interrompt la brillante carri\u00e8re des Grenier \u00e0 Montargis. Ils installent leur cin\u00e9ma dans la salle de l\u2019Alhambra de cette ville. Pendant les hostilit\u00e9s, ils se r\u00e9fugient \u00e0 Olivet o\u00f9 ils poss\u00e8dent la villa \u00ab\u00a0Sans G\u00e8ne\u00a0\u00bb et cr\u00e9ent une guinguette sur leur propri\u00e9t\u00e9. Guinguette qui, du fait de bonnes affaires, deviendra le Pavillon Bleu vers 1916. Ernest Germain Grenier d\u00e9c\u00e8de le 19 avril 1920 \u00e0 Caen.<\/p>\n<p><a href=\"http:\/\/wikicollection.fr\/wp-content\/uploads\/2018\/10\/grenier.jpg\" data-rel=\"lightbox-image-0\" data-magnific_type=\"image\" data-rl_title=\"\" data-rl_caption=\"\" title=\"\"><img loading=\"lazy\" decoding=\"async\" class=\"alignnone size-full wp-image-92547\" src=\"http:\/\/wikicollection.fr\/wp-content\/uploads\/2018\/10\/grenier.jpg\" alt=\"\" width=\"632\" height=\"903\" srcset=\"https:\/\/wikicollection.fr\/wp-content\/uploads\/2018\/10\/grenier.jpg 632w, https:\/\/wikicollection.fr\/wp-content\/uploads\/2018\/10\/grenier-445x636.jpg 445w, https:\/\/wikicollection.fr\/wp-content\/uploads\/2018\/10\/grenier-210x300.jpg 210w\" sizes=\"auto, (max-width: 632px) 100vw, 632px\" \/><\/a><\/p>\n<p><a href=\"http:\/\/wikicollection.fr\/wp-content\/uploads\/grenier6.jpg\" data-rel=\"lightbox-image-1\" data-magnific_type=\"image\" data-rl_title=\"\" data-rl_caption=\"\" title=\"\"><img loading=\"lazy\" decoding=\"async\" class=\"alignnone size-full wp-image-18533\" src=\"http:\/\/wikicollection.fr\/wp-content\/uploads\/grenier6.jpg\" alt=\"grenier6\" width=\"505\" height=\"592\" srcset=\"https:\/\/wikicollection.fr\/wp-content\/uploads\/grenier6.jpg 505w, https:\/\/wikicollection.fr\/wp-content\/uploads\/grenier6-256x300.jpg 256w\" sizes=\"auto, (max-width: 505px) 100vw, 505px\" \/><\/a><\/p>\n<p>Ernest Grenier sera l\u2019un des premiers forains \u00e0 pr\u00e9senter un phonographe dans son attraction. Il pose ici avec son fils Edouard pr\u00e8s de l\u2019un de ses <em>Edison Class M.<\/em><\/p>\n<p><a href=\"http:\/\/wikicollection.fr\/wp-content\/uploads\/grenier7.jpg\" data-rel=\"lightbox-image-2\" data-magnific_type=\"image\" data-rl_title=\"\" data-rl_caption=\"\" title=\"\"><img loading=\"lazy\" decoding=\"async\" class=\"alignnone size-full wp-image-18535\" src=\"http:\/\/wikicollection.fr\/wp-content\/uploads\/grenier7.jpg\" alt=\"grenier7\" width=\"453\" height=\"596\" srcset=\"https:\/\/wikicollection.fr\/wp-content\/uploads\/grenier7.jpg 453w, https:\/\/wikicollection.fr\/wp-content\/uploads\/grenier7-228x300.jpg 228w\" sizes=\"auto, (max-width: 453px) 100vw, 453px\" \/><\/a><\/p>\n<p>Les jetons en aluminium du <em>Th\u00e9\u00e2tre \u00e9lectrique Grenier <\/em>mentionnent <em>le Biographe<\/em> et <em>les rayons X<\/em>. Le revers rend hommage \u00e0 la R\u00e9publique, \u00e0 Jeanne d&rsquo;Arc, \u00e0 St Georges ou au Pr\u00e9sident de la R\u00e9publique F\u00e9lix Faure.<\/p>\n<p><div id=\"FRJP-ITINERANTTEG-10-1\"><br><\/div><hr class=\"divider\" \/><a class=\"macoll bleu\" href=\"http:\/\/wikicollection.fr\/?page_id=10005#FRJP-ITINERANTTEG-10-1\"><img src=http:\/\/www.wikicollection.fr\/wp-includes\/images\/epingle.jpg>Ajouter &agrave; ma collection<\/a><a class=\"macoll bleu\" href=\"http:\/\/wikicollection.fr\/?page_id=10005#FRJP-ITINERANTTEG-10-1\"><img src=http:\/\/www.wikicollection.fr\/wp-includes\/images\/echange.jpg>Vendre\/&eacute;changer<\/a>  <a class=\"macoll bleu\" href=\"http:\/\/wikicollection.fr\/?page_id=10005#FRJP-ITINERANTTEG-10-1\"><img src=http:\/\/www.wikicollection.fr\/wp-includes\/images\/loupe.jpg>Rechercher<\/a><br>      <br \/>\n<strong>Mati\u00e8re :<\/strong> Aluminium<br \/>\n<strong>Forme :<\/strong> Rond<br \/>\n<strong>Diam\u00e8tre (mm) :<\/strong> 37,0<br \/>\n<a href=\"http:\/\/wikicollection.fr\/wp-content\/uploads\/2018\/10\/grenierj.jpg\" data-rel=\"lightbox-image-3\" data-magnific_type=\"image\" data-rl_title=\"\" data-rl_caption=\"\" title=\"\"><img loading=\"lazy\" decoding=\"async\" class=\"alignnone wp-image-92548\" src=\"http:\/\/wikicollection.fr\/wp-content\/uploads\/2018\/10\/grenierj.jpg\" alt=\"\" width=\"600\" height=\"305\" srcset=\"https:\/\/wikicollection.fr\/wp-content\/uploads\/2018\/10\/grenierj.jpg 1615w, https:\/\/wikicollection.fr\/wp-content\/uploads\/2018\/10\/grenierj-445x226.jpg 445w, https:\/\/wikicollection.fr\/wp-content\/uploads\/2018\/10\/grenierj-300x153.jpg 300w, https:\/\/wikicollection.fr\/wp-content\/uploads\/2018\/10\/grenierj-768x390.jpg 768w, https:\/\/wikicollection.fr\/wp-content\/uploads\/2018\/10\/grenierj-1024x521.jpg 1024w\" sizes=\"auto, (max-width: 600px) 100vw, 600px\" \/><\/a><\/p>\n<p><div id=\"FRJP-ITINERANTTEG-10-2\"><br><\/div><hr class=\"divider\" \/><a class=\"macoll bleu\" href=\"http:\/\/wikicollection.fr\/?page_id=10005#FRJP-ITINERANTTEG-10-2\"><img src=http:\/\/www.wikicollection.fr\/wp-includes\/images\/epingle.jpg>Ajouter &agrave; ma collection<\/a><a class=\"macoll bleu\" href=\"http:\/\/wikicollection.fr\/?page_id=10005#FRJP-ITINERANTTEG-10-2\"><img src=http:\/\/www.wikicollection.fr\/wp-includes\/images\/echange.jpg>Vendre\/&eacute;changer<\/a>  <a class=\"macoll bleu\" href=\"http:\/\/wikicollection.fr\/?page_id=10005#FRJP-ITINERANTTEG-10-2\"><img src=http:\/\/www.wikicollection.fr\/wp-includes\/images\/loupe.jpg>Rechercher<\/a><br>      <br \/>\n<strong>Mati\u00e8re :<\/strong> Aluminium<br \/>\n<strong>Forme :<\/strong> Rond<br \/>\n<strong>Diam\u00e8tre (mm) :<\/strong> 37,0<\/p>\n<p><img loading=\"lazy\" decoding=\"async\" class=\"alignnone wp-image-92553\" src=\"http:\/\/wikicollection.fr\/wp-content\/uploads\/2018\/10\/grenierc.jpg\" alt=\"\" width=\"600\" height=\"298\" srcset=\"https:\/\/wikicollection.fr\/wp-content\/uploads\/2018\/10\/grenierc.jpg 546w, https:\/\/wikicollection.fr\/wp-content\/uploads\/2018\/10\/grenierc-445x221.jpg 445w, https:\/\/wikicollection.fr\/wp-content\/uploads\/2018\/10\/grenierc-300x149.jpg 300w\" sizes=\"auto, (max-width: 600px) 100vw, 600px\" \/><\/p>\n<p>&nbsp;<\/p>\n<p><div id=\"FRJP-ITINERANTTEG-10-3\"><br><\/div><hr class=\"divider\" \/><a class=\"macoll bleu\" href=\"http:\/\/wikicollection.fr\/?page_id=10005#FRJP-ITINERANTTEG-10-3\"><img src=http:\/\/www.wikicollection.fr\/wp-includes\/images\/epingle.jpg>Ajouter &agrave; ma collection<\/a><a class=\"macoll bleu\" href=\"http:\/\/wikicollection.fr\/?page_id=10005#FRJP-ITINERANTTEG-10-3\"><img src=http:\/\/www.wikicollection.fr\/wp-includes\/images\/echange.jpg>Vendre\/&eacute;changer<\/a>  <a class=\"macoll bleu\" href=\"http:\/\/wikicollection.fr\/?page_id=10005#FRJP-ITINERANTTEG-10-3\"><img src=http:\/\/www.wikicollection.fr\/wp-includes\/images\/loupe.jpg>Rechercher<\/a><br>      <strong><br \/>\nMati\u00e8re :<\/strong> Aluminium<br \/>\n<strong>Forme :<\/strong> Rond<br \/>\n<strong>Diam\u00e8tre (mm) :<\/strong> 37,0<\/p>\n<p><a href=\"http:\/\/wikicollection.fr\/wp-content\/uploads\/2018\/10\/grenier-theatre.jpg\" data-rel=\"lightbox-image-4\" data-magnific_type=\"image\" data-rl_title=\"\" data-rl_caption=\"\" title=\"\"><img loading=\"lazy\" decoding=\"async\" class=\"alignnone wp-image-98846\" src=\"http:\/\/wikicollection.fr\/wp-content\/uploads\/2018\/10\/grenier-theatre.jpg\" alt=\"\" width=\"600\" height=\"294\" srcset=\"https:\/\/wikicollection.fr\/wp-content\/uploads\/2018\/10\/grenier-theatre.jpg 824w, https:\/\/wikicollection.fr\/wp-content\/uploads\/2018\/10\/grenier-theatre-445x218.jpg 445w, https:\/\/wikicollection.fr\/wp-content\/uploads\/2018\/10\/grenier-theatre-300x147.jpg 300w, https:\/\/wikicollection.fr\/wp-content\/uploads\/2018\/10\/grenier-theatre-768x377.jpg 768w\" sizes=\"auto, (max-width: 600px) 100vw, 600px\" \/><\/a><\/p>\n<p><div id=\"FRJP-ITINERANTTEG-10-4\"><br><\/div><hr class=\"divider\" \/><a class=\"macoll bleu\" href=\"http:\/\/wikicollection.fr\/?page_id=10005#FRJP-ITINERANTTEG-10-4\"><img src=http:\/\/www.wikicollection.fr\/wp-includes\/images\/epingle.jpg>Ajouter &agrave; ma collection<\/a><a class=\"macoll bleu\" href=\"http:\/\/wikicollection.fr\/?page_id=10005#FRJP-ITINERANTTEG-10-4\"><img src=http:\/\/www.wikicollection.fr\/wp-includes\/images\/echange.jpg>Vendre\/&eacute;changer<\/a>  <a class=\"macoll bleu\" href=\"http:\/\/wikicollection.fr\/?page_id=10005#FRJP-ITINERANTTEG-10-4\"><img src=http:\/\/www.wikicollection.fr\/wp-includes\/images\/loupe.jpg>Rechercher<\/a><br>      <strong><br \/>\nMati\u00e8re :<\/strong> Aluminium<br \/>\n<strong>Forme :<\/strong> Rond<br \/>\n<strong>Diam\u00e8tre (mm) :<\/strong> 37,0<\/p>\n<p><img loading=\"lazy\" decoding=\"async\" class=\"alignnone wp-image-92555\" src=\"http:\/\/wikicollection.fr\/wp-content\/uploads\/2018\/10\/grenierja.jpg\" alt=\"\" width=\"600\" height=\"298\" srcset=\"https:\/\/wikicollection.fr\/wp-content\/uploads\/2018\/10\/grenierja.jpg 546w, https:\/\/wikicollection.fr\/wp-content\/uploads\/2018\/10\/grenierja-445x221.jpg 445w, https:\/\/wikicollection.fr\/wp-content\/uploads\/2018\/10\/grenierja-300x149.jpg 300w\" sizes=\"auto, (max-width: 600px) 100vw, 600px\" \/><\/p>\n<p>&nbsp;<\/p>\n<p><strong><div id=\"FRJP-ITINERANTTEG-10-5\"><br><\/div><hr class=\"divider\" \/><a class=\"macoll bleu\" href=\"http:\/\/wikicollection.fr\/?page_id=10005#FRJP-ITINERANTTEG-10-5\"><img src=http:\/\/www.wikicollection.fr\/wp-includes\/images\/epingle.jpg>Ajouter &agrave; ma collection<\/a><a class=\"macoll bleu\" href=\"http:\/\/wikicollection.fr\/?page_id=10005#FRJP-ITINERANTTEG-10-5\"><img src=http:\/\/www.wikicollection.fr\/wp-includes\/images\/echange.jpg>Vendre\/&eacute;changer<\/a>  <a class=\"macoll bleu\" href=\"http:\/\/wikicollection.fr\/?page_id=10005#FRJP-ITINERANTTEG-10-5\"><img src=http:\/\/www.wikicollection.fr\/wp-includes\/images\/loupe.jpg>Rechercher<\/a><br>      <br \/>\nMati\u00e8re :<\/strong> Aluminium<br \/>\n<strong>Forme :<\/strong> Rond<br \/>\n<strong>Diam\u00e8tre (mm) :<\/strong> 37,0<br \/>\n<strong>Note :<\/strong> Nicolas II<\/p>\n<p><div id=\"FRJP-ITINERANTTEG-10-6\"><br><\/div><hr class=\"divider\" \/><a class=\"macoll bleu\" href=\"http:\/\/wikicollection.fr\/?page_id=10005#FRJP-ITINERANTTEG-10-6\"><img src=http:\/\/www.wikicollection.fr\/wp-includes\/images\/epingle.jpg>Ajouter &agrave; ma collection<\/a><a class=\"macoll bleu\" href=\"http:\/\/wikicollection.fr\/?page_id=10005#FRJP-ITINERANTTEG-10-6\"><img src=http:\/\/www.wikicollection.fr\/wp-includes\/images\/echange.jpg>Vendre\/&eacute;changer<\/a>  <a class=\"macoll bleu\" href=\"http:\/\/wikicollection.fr\/?page_id=10005#FRJP-ITINERANTTEG-10-6\"><img src=http:\/\/www.wikicollection.fr\/wp-includes\/images\/loupe.jpg>Rechercher<\/a><br>      <br \/>\n<strong>Mati\u00e8re :<\/strong> Aluminium<br \/>\n<strong>Forme :<\/strong> Rond<br \/>\n<strong>Diam\u00e8tre (mm) :<\/strong> 37,0<\/p>\n<p><img loading=\"lazy\" decoding=\"async\" class=\"alignnone wp-image-92556\" src=\"http:\/\/wikicollection.fr\/wp-content\/uploads\/2018\/10\/grenierp.jpg\" alt=\"\" width=\"600\" height=\"298\" srcset=\"https:\/\/wikicollection.fr\/wp-content\/uploads\/2018\/10\/grenierp.jpg 546w, https:\/\/wikicollection.fr\/wp-content\/uploads\/2018\/10\/grenierp-445x221.jpg 445w, https:\/\/wikicollection.fr\/wp-content\/uploads\/2018\/10\/grenierp-300x149.jpg 300w\" sizes=\"auto, (max-width: 600px) 100vw, 600px\" \/><\/p>\n<p>&nbsp;<\/p>\n<p>&nbsp;<\/p>\n<table>\n<tbody>\n<tr>\n<td width=\"60\"><a href=\"https:\/\/wikicollection.fr\/?product=jetons-reclame-dexpression-francaise-1750-1950-tome-i-par-laurent-nesly\"><img loading=\"lazy\" decoding=\"async\" src=\"https:\/\/wikicollection.fr\/wp-content\/uploads\/2020\/07\/panier.jpg\" alt=\"\" width=\"693\" height=\"694\" \/><\/a><\/td>\n<td width=\"552\"><span style=\"color: #ff6600;\">Les jetons-r\u00e9clame d&rsquo;expression fran\u00e7aise (1750-1950) par Laurent Nesly<\/span><br \/>\n<span style=\"color: #ff6600;\">Tome I \/ Gravure &#8211; Horlogerie &amp; bijouterie &#8211; Arts et spectacles &#8211; M\u00e9decine<\/span><\/td>\n<\/tr>\n<\/tbody>\n<\/table>\n<p><a href=\"http:\/\/wikicollection.fr\/?p=84164\"><img loading=\"lazy\" decoding=\"async\" class=\"alignnone wp-image-8488\" src=\"http:\/\/wikicollection.fr\/wp-content\/uploads\/2015\/09\/fleche1.jpg\" alt=\"fleche\" width=\"20\" height=\"20\" \/>\u00a0Acc\u00e9der au catalogue des jetons et m\u00e9dailles publicitaires<\/a><\/p>\n","protected":false},"excerpt":{"rendered":"<p>Ernest Germain Grenier est n\u00e9 le 16 avril 1855. Avec l\u2019aide de son \u00e9pouse Marie-Louise il d\u00e9cide de monter une<\/p>\n","protected":false},"author":1,"featured_media":99635,"comment_status":"open","ping_status":"open","sticky":false,"template":"","format":"standard","meta":{"footnotes":""},"categories":[23],"tags":[],"class_list":["post-92546","post","type-post","status-publish","format-standard","has-post-thumbnail","hentry","category-jetons-publicitaires"],"_links":{"self":[{"href":"https:\/\/wikicollection.fr\/index.php?rest_route=\/wp\/v2\/posts\/92546","targetHints":{"allow":["GET"]}}],"collection":[{"href":"https:\/\/wikicollection.fr\/index.php?rest_route=\/wp\/v2\/posts"}],"about":[{"href":"https:\/\/wikicollection.fr\/index.php?rest_route=\/wp\/v2\/types\/post"}],"author":[{"embeddable":true,"href":"https:\/\/wikicollection.fr\/index.php?rest_route=\/wp\/v2\/users\/1"}],"replies":[{"embeddable":true,"href":"https:\/\/wikicollection.fr\/index.php?rest_route=%2Fwp%2Fv2%2Fcomments&post=92546"}],"version-history":[{"count":0,"href":"https:\/\/wikicollection.fr\/index.php?rest_route=\/wp\/v2\/posts\/92546\/revisions"}],"wp:featuredmedia":[{"embeddable":true,"href":"https:\/\/wikicollection.fr\/index.php?rest_route=\/wp\/v2\/media\/99635"}],"wp:attachment":[{"href":"https:\/\/wikicollection.fr\/index.php?rest_route=%2Fwp%2Fv2%2Fmedia&parent=92546"}],"wp:term":[{"taxonomy":"category","embeddable":true,"href":"https:\/\/wikicollection.fr\/index.php?rest_route=%2Fwp%2Fv2%2Fcategories&post=92546"},{"taxonomy":"post_tag","embeddable":true,"href":"https:\/\/wikicollection.fr\/index.php?rest_route=%2Fwp%2Fv2%2Ftags&post=92546"}],"curies":[{"name":"wp","href":"https:\/\/api.w.org\/{rel}","templated":true}]}}