{"id":86817,"date":"2018-04-21T15:06:43","date_gmt":"2018-04-21T14:06:43","guid":{"rendered":"http:\/\/wikicollection.fr\/?p=86817"},"modified":"2018-04-21T16:41:16","modified_gmt":"2018-04-21T15:41:16","slug":"rationnement-emissions-locales-1939-1949-sarre-titre-105-110-bezugsausweis-fur-speisekartoffeln-categorie-m-octobre-1947-a-mars-1948","status":"publish","type":"post","link":"https:\/\/wikicollection.fr\/?p=86817","title":{"rendered":"Rationnement \u2013 Emissions locales (1939-1949) \u2013 (Sarre) \u2013 Titre 105-110 \u2013 Bezugsausweis f\u00fcr Speisekartoffeln \u2013 Cat\u00e9gorie M \u2013 Octobre 1947 \u00e0 Mars 1948"},"content":{"rendered":"<p><a class=\"macoll bleu\" href=\"?page_id=10005\"><img src=http:\/\/www.wikicollection.fr\/wp-includes\/images\/ajout.jpg>Suivre cette page<\/a><br><br><strong>P\u00e9riode :<\/strong> Seconde Guerre Mondiale (1939-1945)<br \/>\n<strong>Date :<\/strong> Octobre 1947 \u00e0 Mars 1948<br \/>\n<strong>Dimensions (mm) :<\/strong><br \/>\n<strong>Cr\u00e9dit photo :<\/strong> Uwe Elix<\/p>\n<p><a href=\"http:\/\/wikicollection.fr\/wp-content\/uploads\/2018\/04\/saar105a.jpg\" data-rel=\"lightbox-image-0\" data-magnific_type=\"image\" data-rl_title=\"\" data-rl_caption=\"\" title=\"\"><img loading=\"lazy\" decoding=\"async\" class=\"alignnone wp-image-86819\" src=\"http:\/\/wikicollection.fr\/wp-content\/uploads\/2018\/04\/saar105a.jpg\" alt=\"\" width=\"794\" height=\"689\" srcset=\"https:\/\/wikicollection.fr\/wp-content\/uploads\/2018\/04\/saar105a.jpg 1200w, https:\/\/wikicollection.fr\/wp-content\/uploads\/2018\/04\/saar105a-445x386.jpg 445w, https:\/\/wikicollection.fr\/wp-content\/uploads\/2018\/04\/saar105a-300x260.jpg 300w, https:\/\/wikicollection.fr\/wp-content\/uploads\/2018\/04\/saar105a-768x666.jpg 768w, https:\/\/wikicollection.fr\/wp-content\/uploads\/2018\/04\/saar105a-1024x888.jpg 1024w\" sizes=\"auto, (max-width: 794px) 100vw, 794px\" \/><\/a><\/p>\n<p>&nbsp;<\/p>\n<p><a href=\"http:\/\/wikicollection.fr\/?p=86575\"><img loading=\"lazy\" decoding=\"async\" class=\"alignnone wp-image-8488\" src=\"http:\/\/wikicollection.fr\/wp-content\/uploads\/2015\/09\/fleche1.jpg\" alt=\"fleche\" width=\"20\" height=\"20\" \/>\u00a0Acc\u00e9der aux titres de rationnement pour les Fran\u00e7ais en Allemagne<\/a><\/p>\n","protected":false},"excerpt":{"rendered":"<p>P\u00e9riode : Seconde Guerre Mondiale (1939-1945) Date : Octobre 1947 \u00e0 Mars 1948 Dimensions (mm) : Cr\u00e9dit photo : Uwe<\/p>\n","protected":false},"author":1,"featured_media":0,"comment_status":"open","ping_status":"open","sticky":false,"template":"","format":"standard","meta":{"footnotes":""},"categories":[11],"tags":[],"class_list":["post-86817","post","type-post","status-publish","format-standard","hentry","category-emissions-1939-1949-locales"],"_links":{"self":[{"href":"https:\/\/wikicollection.fr\/index.php?rest_route=\/wp\/v2\/posts\/86817","targetHints":{"allow":["GET"]}}],"collection":[{"href":"https:\/\/wikicollection.fr\/index.php?rest_route=\/wp\/v2\/posts"}],"about":[{"href":"https:\/\/wikicollection.fr\/index.php?rest_route=\/wp\/v2\/types\/post"}],"author":[{"embeddable":true,"href":"https:\/\/wikicollection.fr\/index.php?rest_route=\/wp\/v2\/users\/1"}],"replies":[{"embeddable":true,"href":"https:\/\/wikicollection.fr\/index.php?rest_route=%2Fwp%2Fv2%2Fcomments&post=86817"}],"version-history":[{"count":0,"href":"https:\/\/wikicollection.fr\/index.php?rest_route=\/wp\/v2\/posts\/86817\/revisions"}],"wp:attachment":[{"href":"https:\/\/wikicollection.fr\/index.php?rest_route=%2Fwp%2Fv2%2Fmedia&parent=86817"}],"wp:term":[{"taxonomy":"category","embeddable":true,"href":"https:\/\/wikicollection.fr\/index.php?rest_route=%2Fwp%2Fv2%2Fcategories&post=86817"},{"taxonomy":"post_tag","embeddable":true,"href":"https:\/\/wikicollection.fr\/index.php?rest_route=%2Fwp%2Fv2%2Ftags&post=86817"}],"curies":[{"name":"wp","href":"https:\/\/api.w.org\/{rel}","templated":true}]}}