{"id":86784,"date":"2018-04-20T22:44:16","date_gmt":"2018-04-20T21:44:16","guid":{"rendered":"http:\/\/wikicollection.fr\/?p=86784"},"modified":"2018-04-21T16:42:26","modified_gmt":"2018-04-21T15:42:26","slug":"rationnement-emissions-locales-1939-1949-sarre-titre-3471-denrees-diverses-categorie-j2-octobre-1947","status":"publish","type":"post","link":"https:\/\/wikicollection.fr\/?p=86784","title":{"rendered":"Rationnement \u2013 Emissions locales (1939-1949) \u2013 (Sarre) \u2013 Titre 3471 \u2013 Denr\u00e9es diverses \u2013 Cat\u00e9gorie J2 \u2013 Septembre 1947 \/ Octobre 1947"},"content":{"rendered":"<p><a class=\"macoll bleu\" href=\"?page_id=10005\"><img src=http:\/\/www.wikicollection.fr\/wp-includes\/images\/ajout.jpg>Suivre cette page<\/a><br><br><br \/>\n<strong>P\u00e9riode :<\/strong> Seconde Guerre Mondiale (1939-1945)<br \/>\n<strong>Date :<\/strong> Septembre 1947<br \/>\n<strong>Dimensions (mm) :<br \/>\nCr\u00e9dit photo :<\/strong> Uwe Elix<\/p>\n<p><a href=\"http:\/\/wikicollection.fr\/wp-content\/uploads\/2018\/04\/j2-sarre.jpg\" data-rel=\"lightbox-image-0\" data-magnific_type=\"image\" data-rl_title=\"\" data-rl_caption=\"\" title=\"\"><img loading=\"lazy\" decoding=\"async\" class=\"alignnone wp-image-86789\" src=\"http:\/\/wikicollection.fr\/wp-content\/uploads\/2018\/04\/j2-sarre.jpg\" alt=\"\" width=\"797\" height=\"585\" srcset=\"https:\/\/wikicollection.fr\/wp-content\/uploads\/2018\/04\/j2-sarre.jpg 1200w, https:\/\/wikicollection.fr\/wp-content\/uploads\/2018\/04\/j2-sarre-445x327.jpg 445w, https:\/\/wikicollection.fr\/wp-content\/uploads\/2018\/04\/j2-sarre-300x220.jpg 300w, https:\/\/wikicollection.fr\/wp-content\/uploads\/2018\/04\/j2-sarre-768x564.jpg 768w, https:\/\/wikicollection.fr\/wp-content\/uploads\/2018\/04\/j2-sarre-1024x752.jpg 1024w\" sizes=\"auto, (max-width: 797px) 100vw, 797px\" \/><\/a><\/p>\n<p>&nbsp;<\/p>\n<p><strong>P\u00e9riode :<\/strong> Seconde Guerre Mondiale (1939-1945)<br \/>\n<strong>Date :<\/strong> Octobre 1947<br \/>\n<strong>Dimensions (mm) :<br \/>\nCr\u00e9dit photo :<\/strong> Uwe Elix<\/p>\n<p><a href=\"http:\/\/wikicollection.fr\/wp-content\/uploads\/2018\/04\/3471.jpg\" data-rel=\"lightbox-image-1\" data-magnific_type=\"image\" data-rl_title=\"\" data-rl_caption=\"\" title=\"\"><img loading=\"lazy\" decoding=\"async\" class=\"alignnone wp-image-86785\" src=\"http:\/\/wikicollection.fr\/wp-content\/uploads\/2018\/04\/3471.jpg\" alt=\"\" width=\"793\" height=\"406\" srcset=\"https:\/\/wikicollection.fr\/wp-content\/uploads\/2018\/04\/3471.jpg 1200w, https:\/\/wikicollection.fr\/wp-content\/uploads\/2018\/04\/3471-445x228.jpg 445w, https:\/\/wikicollection.fr\/wp-content\/uploads\/2018\/04\/3471-300x154.jpg 300w, https:\/\/wikicollection.fr\/wp-content\/uploads\/2018\/04\/3471-768x394.jpg 768w, https:\/\/wikicollection.fr\/wp-content\/uploads\/2018\/04\/3471-1024x525.jpg 1024w\" sizes=\"auto, (max-width: 793px) 100vw, 793px\" \/><\/a><\/p>\n<p>&nbsp;<\/p>\n<p><a href=\"http:\/\/wikicollection.fr\/?p=86575\"><img loading=\"lazy\" decoding=\"async\" class=\"alignnone wp-image-8488\" src=\"http:\/\/wikicollection.fr\/wp-content\/uploads\/2015\/09\/fleche1.jpg\" alt=\"fleche\" width=\"20\" height=\"20\" \/>\u00a0Acc\u00e9der aux titres de rationnement pour les Fran\u00e7ais en Allemagne<\/a><\/p>\n","protected":false},"excerpt":{"rendered":"<p>P\u00e9riode : Seconde Guerre Mondiale (1939-1945) Date : Septembre 1947 Dimensions (mm) : Cr\u00e9dit photo : Uwe Elix &nbsp; P\u00e9riode<\/p>\n","protected":false},"author":281,"featured_media":0,"comment_status":"open","ping_status":"open","sticky":false,"template":"","format":"standard","meta":{"footnotes":""},"categories":[11],"tags":[],"class_list":["post-86784","post","type-post","status-publish","format-standard","hentry","category-emissions-1939-1949-locales"],"_links":{"self":[{"href":"https:\/\/wikicollection.fr\/index.php?rest_route=\/wp\/v2\/posts\/86784","targetHints":{"allow":["GET"]}}],"collection":[{"href":"https:\/\/wikicollection.fr\/index.php?rest_route=\/wp\/v2\/posts"}],"about":[{"href":"https:\/\/wikicollection.fr\/index.php?rest_route=\/wp\/v2\/types\/post"}],"author":[{"embeddable":true,"href":"https:\/\/wikicollection.fr\/index.php?rest_route=\/wp\/v2\/users\/281"}],"replies":[{"embeddable":true,"href":"https:\/\/wikicollection.fr\/index.php?rest_route=%2Fwp%2Fv2%2Fcomments&post=86784"}],"version-history":[{"count":0,"href":"https:\/\/wikicollection.fr\/index.php?rest_route=\/wp\/v2\/posts\/86784\/revisions"}],"wp:attachment":[{"href":"https:\/\/wikicollection.fr\/index.php?rest_route=%2Fwp%2Fv2%2Fmedia&parent=86784"}],"wp:term":[{"taxonomy":"category","embeddable":true,"href":"https:\/\/wikicollection.fr\/index.php?rest_route=%2Fwp%2Fv2%2Fcategories&post=86784"},{"taxonomy":"post_tag","embeddable":true,"href":"https:\/\/wikicollection.fr\/index.php?rest_route=%2Fwp%2Fv2%2Ftags&post=86784"}],"curies":[{"name":"wp","href":"https:\/\/api.w.org\/{rel}","templated":true}]}}