{"id":66902,"date":"2017-04-12T20:50:07","date_gmt":"2017-04-12T19:50:07","guid":{"rendered":"http:\/\/wikicollection.fr\/?p=66902"},"modified":"2017-07-21T21:27:50","modified_gmt":"2017-07-21T20:27:50","slug":"exposition-france-allemagnes-1870-1871","status":"publish","type":"post","link":"https:\/\/wikicollection.fr\/?p=66902","title":{"rendered":"Exposition France-Allemagne(s) 1870-1871"},"content":{"rendered":"<a class=\"macoll bleu\" href=\"?page_id=10005\"><img src=http:\/\/www.wikicollection.fr\/wp-includes\/images\/ajout.jpg>Suivre cette page<\/a><br><br>\n<p><a href=\"http:\/\/wikicollection.fr\/wp-content\/uploads\/2017\/04\/france-allemange-g.jpg\" data-rel=\"lightbox-image-0\" data-magnific_type=\"image\" data-rl_title=\"\" data-rl_caption=\"\" title=\"\"><img loading=\"lazy\" decoding=\"async\" class=\"alignnone wp-image-66903 size-large\" src=\"http:\/\/wikicollection.fr\/wp-content\/uploads\/2017\/04\/france-allemange-g-1024x695.jpg\" alt=\"\" width=\"800\" height=\"543\" srcset=\"https:\/\/wikicollection.fr\/wp-content\/uploads\/2017\/04\/france-allemange-g-1024x695.jpg 1024w, https:\/\/wikicollection.fr\/wp-content\/uploads\/2017\/04\/france-allemange-g-445x302.jpg 445w, https:\/\/wikicollection.fr\/wp-content\/uploads\/2017\/04\/france-allemange-g-300x204.jpg 300w, https:\/\/wikicollection.fr\/wp-content\/uploads\/2017\/04\/france-allemange-g-768x521.jpg 768w, https:\/\/wikicollection.fr\/wp-content\/uploads\/2017\/04\/france-allemange-g.jpg 1042w\" sizes=\"auto, (max-width: 800px) 100vw, 800px\" \/><\/a><\/p>\n<p>Nous nous associons \u00e0 l&rsquo;exposition <span style=\"color: #f03232;\"><strong>France-Allemagne(s) 1870-1871, la guerre, la Commune, les m\u00e9moires<\/strong> <\/span>du 13 avril au 30 juillet 2017 au Mus\u00e9e de l\u2019Arm\u00e9e Invalides pour vous pr\u00e9senter quelques documents sur <span style=\"color: #f03232;\"><strong>wikicollection<\/strong><\/span> de cette \u00e9poque et qui trainaient encore dans nos fonds de tiroir. Nous signalons l&rsquo;assistance d&rsquo;Alain Faure dans la r\u00e9daction de certains de ces articles.<br \/>\n&#8211; <a href=\"http:\/\/wikicollection.fr\/?p=36028\">Rationnement sous le Si\u00e8ge et la Commune de Paris (septembre 1870-mai 1871)<\/a><br \/>\n&#8211; <a href=\"http:\/\/wikicollection.fr\/?p=47640\">R\u00e9quisition de logements vacants sous le Si\u00e8ge et la Commune de Paris (septembre 1870-mai 1871)<\/a><br \/>\n&#8211; <a href=\"http:\/\/wikicollection.fr\/?p=45740\">Rations de viande pour les hommes d\u2019une barricade \u00e0 Belleville (mai 1871)<\/a><\/p>\n<p>&nbsp;<\/p>\n<p><strong>Les si\u00e8ges de Paris<\/strong><\/p>\n<p>Apr\u00e8s la victoire de Sedan, le nouvelle R\u00e9publique fran\u00e7aise d\u00e9cidant de poursuivre les combats, Moltke \u2013 chef de l\u2019\u00c9tat-major prussien \u2013 porte son effort sur Paris, afin de faire tomber la capitale et gagner la guerre. Du 20 septembre au 28 janvier, jusqu\u2019\u00e0 400 000 soldats allemands assi\u00e8gent la capitale. Prot\u00e9g\u00e9s par les imposantes fortifications de Paris, 1 750 000 civils et 450 000 combattants attendent l\u2019assaut ennemi&#8230; en vain, Moltke pr\u00e9f\u00e9rant vaincre par la faim plut\u00f4t qu\u2019infliger \u00e0 son arm\u00e9e de sanglants combats de rues. Les assi\u00e9g\u00e9s souffrent du rude hiver 1870-1871, des privations de charbon et de nourriture, mais esp\u00e8rent le succ\u00e8s des arm\u00e9es fran\u00e7aises. \u00c0 partir du 5 janvier, Paris et sa banlieue subissent un intense bombardement : exc\u00e9d\u00e9 par la r\u00e9sistance parisienne, l\u2019\u00c9tat-major prussien veut contraindre la ville \u00e0 la capitulation, sans succ\u00e8s. Fin janvier 1871, la situation \u00e9tant d\u00e9sesp\u00e9r\u00e9e, la France n\u00e9gocie un armistice qui met fin \u00e0 132 jours de si\u00e8ge. La capitale est ravitaill\u00e9e, mais \u00e9chappe \u00e0 l\u2019occupation allemande.<\/p>\n<p>Apr\u00e8s l\u2019insurrection populaire du 18 mars 1871, le gouvernement fran\u00e7ais quitte Paris pour Versailles. Les combats d\u00e9butent d\u00e8s le 21 mars. Le 2 avril, l\u2019arm\u00e9e fran\u00e7aise s\u2019empare de Courbevoie, alors que les F\u00e9d\u00e9r\u00e9s \u00e9chouent \u00e0 prendre Versailles le 3. \u00c0 partir du 30 avril, pr\u00e8s de 400 pi\u00e8ces d\u2019artillerie, install\u00e9es au Mont-Val\u00e9rien et sur les hauteurs de Saint-Cloud, Meudon et Ch\u00e2tillon, pilonnent les forts d\u2019Issy et de Vanves, cl\u00e9s de la d\u00e9fense parisienne au sud-ouest, et les remparts de l\u2019enceinte fortifi\u00e9e. Cependant, les dommages s\u2019\u00e9tendent bien au-del\u00e0 de ces objectifs, touchant les quartiers ouest de la ville. Le 21 mai, l\u2019arm\u00e9e fran\u00e7aise p\u00e9n\u00e8tre dans Paris : c\u2019est le d\u00e9but de la Semaine sanglante, qui voit la reconqu\u00eate quartier par quartier de la capitale. Les combats s\u2019ach\u00e8vent le 28 mai par la prise des derni\u00e8res barricades \u00e0 Belleville.<\/p>\n<p>&nbsp;<\/p>\n<p><strong>La Commune<\/strong><br \/>\nL\u2019armistice mettant fin aux combats de la guerre de 1870-1871 est v\u00e9cu comme une trahison par une partie des Parisiens, qui veulent poursuivre la guerre. Par ailleurs, certaines mesures du gouvernement \u2013 fin du moratoire sur les loyers, suppression de la solde des gardes nationaux \u2013 sont critiqu\u00e9es. Ce sursaut patriotique, conjugu\u00e9 \u00e0 l\u2019agitation sociale et \u00e0 une tradition r\u00e9volutionnaire, d\u00e9bouche sur une guerre civile opposant, \u00e0 partir de l\u2019insurrection du 18 mars, le gouvernement de Thiers install\u00e9 \u00e0 Versailles et la Commune de Paris, proclam\u00e9e par la F\u00e9d\u00e9ration r\u00e9publicaine de la Garde nationale.<\/p>\n<p>Pendant 72 jours, la ville est dirig\u00e9e par un conseil communal, dont le programme sera en partie repris par la IIIe R\u00e9publique : s\u00e9paration de l\u2019\u00c9glise et de l\u2019\u00c9tat, enseignement gratuit et la\u00efque&#8230; Des \u00e9pisodes insurrectionnels, rapidement r\u00e9prim\u00e9s, ont \u00e9galement lieu \u00e0 Lyon, Marseille, Le Creusot ou Toulouse. La r\u00e9action du gouvernement est imm\u00e9diate : l\u2019arm\u00e9e fran\u00e7aise assi\u00e8ge Paris et combat les troupes f\u00e9d\u00e9-<br \/>\nr\u00e9es. La ville est reconquise quartier par quartier, sous l\u2019\u0153il des Allemands, qui facilitent le retour des prisonniers de guerre fran\u00e7ais au profit du gouvernement. \u00c0 l\u2019issue de la Semaine sanglante (21-28 mai 1871), une r\u00e9pression f\u00e9roce s\u2019abat sur les Communards : arrestations, ex\u00e9cutions, condamnations \u00e0 des peines de prison ou \u00e0 la d\u00e9portation en Nouvelle-Cal\u00e9donie. Par deux lois successives en 1879 et 1880, la R\u00e9publique amnistie les Communards. Le 29 novembre 2016, l\u2019Assembl\u00e9e nationale r\u00e9habilite les victimes de la Commune.<\/p>\n<p>&nbsp;<\/p>\n<table>\n<tbody>\n<tr>\n<td width=\"40\"><a href=\"http:\/\/wikicollection.fr\/wp-content\/uploads\/2017\/04\/MA_DP_FR_FA1870_WEB_BasseDef.pdf\" target=\"_blank\"><img loading=\"lazy\" decoding=\"async\" class=\"alignnone wp-image-37822\" src=\"http:\/\/wikicollection.fr\/wp-content\/uploads\/pdf.jpg\" alt=\"pdf\" width=\"50\" height=\"52\" \/><\/a><\/td>\n<td width=\"552\">DOSSIER DE PRESSE \u2013 Exposition France-Allemagnes(s) 1870-1871<br \/>\nMus\u00e9e de l&rsquo;Arm\u00e9e &#8211; Avril 2017<\/td>\n<\/tr>\n<\/tbody>\n<\/table>\n<p>&nbsp;<\/p>\n","protected":false},"excerpt":{"rendered":"<p>Nous nous associons \u00e0 l&rsquo;exposition France-Allemagne(s) 1870-1871, la guerre, la Commune, les m\u00e9moires du 13 avril au 30 juillet 2017<\/p>\n","protected":false},"author":1,"featured_media":66911,"comment_status":"open","ping_status":"open","sticky":false,"template":"","format":"standard","meta":{"footnotes":""},"categories":[103],"tags":[],"class_list":["post-66902","post","type-post","status-publish","format-standard","has-post-thumbnail","hentry","category-bons-plans"],"_links":{"self":[{"href":"https:\/\/wikicollection.fr\/index.php?rest_route=\/wp\/v2\/posts\/66902","targetHints":{"allow":["GET"]}}],"collection":[{"href":"https:\/\/wikicollection.fr\/index.php?rest_route=\/wp\/v2\/posts"}],"about":[{"href":"https:\/\/wikicollection.fr\/index.php?rest_route=\/wp\/v2\/types\/post"}],"author":[{"embeddable":true,"href":"https:\/\/wikicollection.fr\/index.php?rest_route=\/wp\/v2\/users\/1"}],"replies":[{"embeddable":true,"href":"https:\/\/wikicollection.fr\/index.php?rest_route=%2Fwp%2Fv2%2Fcomments&post=66902"}],"version-history":[{"count":0,"href":"https:\/\/wikicollection.fr\/index.php?rest_route=\/wp\/v2\/posts\/66902\/revisions"}],"wp:featuredmedia":[{"embeddable":true,"href":"https:\/\/wikicollection.fr\/index.php?rest_route=\/wp\/v2\/media\/66911"}],"wp:attachment":[{"href":"https:\/\/wikicollection.fr\/index.php?rest_route=%2Fwp%2Fv2%2Fmedia&parent=66902"}],"wp:term":[{"taxonomy":"category","embeddable":true,"href":"https:\/\/wikicollection.fr\/index.php?rest_route=%2Fwp%2Fv2%2Fcategories&post=66902"},{"taxonomy":"post_tag","embeddable":true,"href":"https:\/\/wikicollection.fr\/index.php?rest_route=%2Fwp%2Fv2%2Ftags&post=66902"}],"curies":[{"name":"wp","href":"https:\/\/api.w.org\/{rel}","templated":true}]}}