{"id":54785,"date":"2016-11-27T11:06:43","date_gmt":"2016-11-27T10:06:43","guid":{"rendered":"http:\/\/wikicollection.fr\/?p=54785"},"modified":"2016-11-27T11:33:18","modified_gmt":"2016-11-27T10:33:18","slug":"actions-et-obligations-aude-canal-des-deux-mers","status":"publish","type":"post","link":"https:\/\/wikicollection.fr\/?p=54785","title":{"rendered":"Actions et obligations &#8211; (Aude) &#8211; Canal des deux mers"},"content":{"rendered":"<p><a class=\"macoll bleu\" href=\"?page_id=10005\"><img src=http:\/\/www.wikicollection.fr\/wp-includes\/images\/ajout.jpg>Suivre cette page<\/a><br><br><br \/>\nCe canal n&rsquo;est pas l&rsquo;actuel Canal du Midi.<br \/>\nCon\u00e7u sous Fran\u00e7ois Ier et Henri IV, le projet d&rsquo;Union entre l&rsquo;Oc\u00e9an et la M\u00e9diterran\u00e9e fut r\u00e9alis\u00e9 sous Louis XIV \u00e0 l&rsquo;initiative de Pierre Paul Riquet : le Canal du Midi.<\/p>\n<p>Au XIXe Si\u00e8cle d\u00e9j\u00e0, avec sa profondeur de deux m\u00e8tres, il ne r\u00e9pond plus aux exigences de la navigation moderne. C&rsquo;est pourquoi on envisage de le remplacer par un canal maritime, analogue au Canal de Suez. Un premier projet en 1880 par le s\u00e9nateur Duclerc, sera abandonn\u00e9 en 1882 cette entreprise \u00e9tant jug\u00e9e p\u00e9rilleuse et al\u00e9atoire.<\/p>\n<p>En 1885, l&rsquo;ing\u00e9nieur Louis Verstra\u00ebt pr\u00e9sente un projet plus a,bitieux encore. Ce canal partirait des environs de Narbonne pour rejoindre Toulouse et suivant la rive gauche de la Garonne aboutirait \u00e0 la pointe de la Grave. D&rsquo;autres itin\u00e9raires furent envisag\u00e9s.<\/p>\n<p>Malheureusement son co\u00fbt est estim\u00e9 de 2 \u00e0 3 milliards et les r\u00e9sultats li\u00e9s \u00e0 son exploitation incertains.<\/p>\n<p>Une commission institu\u00e9e par le d\u00e9cret de 1894 se montre d\u00e9favorable au projet. En 1901, une commission de d\u00e9put\u00e9s trouve le projet parfaitement r\u00e9alisable. Puis en 1910 il est d\u00e9finitivement enterr\u00e9 suite \u00e0 un avis tr\u00e8s d\u00e9favorable de l&rsquo;Inspecteur g\u00e9n\u00e9ral des ponts et chauss\u00e9es.<\/p>\n<p>Le projet resterat en l&rsquo;\u00e9tat car Louis Verstra\u00ebt se donne la mort le 20 juillet 1910.<\/p>\n<p><img loading=\"lazy\" decoding=\"async\" class=\"alignnone size-full wp-image-54786\" src=\"http:\/\/wikicollection.fr\/wp-content\/uploads\/canal.jpg\" alt=\"canal\" width=\"944\" height=\"759\" srcset=\"https:\/\/wikicollection.fr\/wp-content\/uploads\/canal.jpg 944w, https:\/\/wikicollection.fr\/wp-content\/uploads\/canal-445x358.jpg 445w, https:\/\/wikicollection.fr\/wp-content\/uploads\/canal-300x241.jpg 300w, https:\/\/wikicollection.fr\/wp-content\/uploads\/canal-768x617.jpg 768w\" sizes=\"auto, (max-width: 944px) 100vw, 944px\" \/><\/p>\n<p>&nbsp;<\/p>\n<p><img loading=\"lazy\" decoding=\"async\" class=\"alignnone size-full wp-image-54793\" src=\"http:\/\/wikicollection.fr\/wp-content\/uploads\/canal-2mers.jpg\" alt=\"canal-2mers\" width=\"976\" height=\"722\" srcset=\"https:\/\/wikicollection.fr\/wp-content\/uploads\/canal-2mers.jpg 976w, https:\/\/wikicollection.fr\/wp-content\/uploads\/canal-2mers-445x329.jpg 445w, https:\/\/wikicollection.fr\/wp-content\/uploads\/canal-2mers-300x222.jpg 300w, https:\/\/wikicollection.fr\/wp-content\/uploads\/canal-2mers-768x568.jpg 768w\" sizes=\"auto, (max-width: 976px) 100vw, 976px\" \/><\/p>\n<p><img loading=\"lazy\" decoding=\"async\" class=\"alignnone size-full wp-image-54797\" src=\"http:\/\/wikicollection.fr\/wp-content\/uploads\/canal-2mers2.jpg\" alt=\"canal-2mers2\" width=\"933\" height=\"681\" srcset=\"https:\/\/wikicollection.fr\/wp-content\/uploads\/canal-2mers2.jpg 933w, https:\/\/wikicollection.fr\/wp-content\/uploads\/canal-2mers2-445x325.jpg 445w, https:\/\/wikicollection.fr\/wp-content\/uploads\/canal-2mers2-300x219.jpg 300w, https:\/\/wikicollection.fr\/wp-content\/uploads\/canal-2mers2-768x561.jpg 768w\" sizes=\"auto, (max-width: 933px) 100vw, 933px\" \/><\/p>\n<p><img loading=\"lazy\" decoding=\"async\" class=\"alignnone wp-image-54794\" src=\"http:\/\/wikicollection.fr\/wp-content\/uploads\/canal2mers3.jpg\" alt=\"canal2mers3\" width=\"862\" height=\"615\" srcset=\"https:\/\/wikicollection.fr\/wp-content\/uploads\/canal2mers3.jpg 464w, https:\/\/wikicollection.fr\/wp-content\/uploads\/canal2mers3-445x317.jpg 445w, https:\/\/wikicollection.fr\/wp-content\/uploads\/canal2mers3-300x214.jpg 300w\" sizes=\"auto, (max-width: 862px) 100vw, 862px\" \/><\/p>\n<p><img loading=\"lazy\" decoding=\"async\" class=\"alignnone wp-image-54795\" src=\"http:\/\/wikicollection.fr\/wp-content\/uploads\/canal2mers4jpg.jpg\" alt=\"canal2mers4jpg\" width=\"881\" height=\"625\" srcset=\"https:\/\/wikicollection.fr\/wp-content\/uploads\/canal2mers4jpg.jpg 464w, https:\/\/wikicollection.fr\/wp-content\/uploads\/canal2mers4jpg-445x316.jpg 445w, https:\/\/wikicollection.fr\/wp-content\/uploads\/canal2mers4jpg-300x213.jpg 300w\" sizes=\"auto, (max-width: 881px) 100vw, 881px\" \/><\/p>\n<p><img loading=\"lazy\" decoding=\"async\" class=\"alignnone size-full wp-image-54796\" src=\"http:\/\/wikicollection.fr\/wp-content\/uploads\/canal2mers5.jpg\" alt=\"canal2mers5\" width=\"996\" height=\"722\" srcset=\"https:\/\/wikicollection.fr\/wp-content\/uploads\/canal2mers5.jpg 996w, https:\/\/wikicollection.fr\/wp-content\/uploads\/canal2mers5-445x323.jpg 445w, https:\/\/wikicollection.fr\/wp-content\/uploads\/canal2mers5-300x217.jpg 300w, https:\/\/wikicollection.fr\/wp-content\/uploads\/canal2mers5-768x557.jpg 768w\" sizes=\"auto, (max-width: 996px) 100vw, 996px\" \/><\/p>\n<p>&nbsp;<\/p>\n<p><a href=\"http:\/\/wikicollection.fr\/?p=50363\"><img loading=\"lazy\" decoding=\"async\" class=\"alignnone wp-image-8488\" src=\"http:\/\/wikicollection.fr\/wp-content\/uploads\/2015\/09\/fleche1.jpg\" alt=\"fleche\" width=\"20\" height=\"20\" \/>\u00a0Acc\u00e9der au catalogue des actions et obligations de l\u2019Aude<\/a><\/p>\n<p><em>Source : http:\/\/www.monnaiesaude.fr\/actions<\/em><\/p>\n","protected":false},"excerpt":{"rendered":"<p>Ce canal n&rsquo;est pas l&rsquo;actuel Canal du Midi. Con\u00e7u sous Fran\u00e7ois Ier et Henri IV, le projet d&rsquo;Union entre l&rsquo;Oc\u00e9an<\/p>\n","protected":false},"author":31,"featured_media":52215,"comment_status":"open","ping_status":"open","sticky":false,"template":"","format":"standard","meta":{"footnotes":""},"categories":[113],"tags":[],"class_list":["post-54785","post","type-post","status-publish","format-standard","has-post-thumbnail","hentry","category-actions"],"_links":{"self":[{"href":"https:\/\/wikicollection.fr\/index.php?rest_route=\/wp\/v2\/posts\/54785","targetHints":{"allow":["GET"]}}],"collection":[{"href":"https:\/\/wikicollection.fr\/index.php?rest_route=\/wp\/v2\/posts"}],"about":[{"href":"https:\/\/wikicollection.fr\/index.php?rest_route=\/wp\/v2\/types\/post"}],"author":[{"embeddable":true,"href":"https:\/\/wikicollection.fr\/index.php?rest_route=\/wp\/v2\/users\/31"}],"replies":[{"embeddable":true,"href":"https:\/\/wikicollection.fr\/index.php?rest_route=%2Fwp%2Fv2%2Fcomments&post=54785"}],"version-history":[{"count":0,"href":"https:\/\/wikicollection.fr\/index.php?rest_route=\/wp\/v2\/posts\/54785\/revisions"}],"wp:featuredmedia":[{"embeddable":true,"href":"https:\/\/wikicollection.fr\/index.php?rest_route=\/wp\/v2\/media\/52215"}],"wp:attachment":[{"href":"https:\/\/wikicollection.fr\/index.php?rest_route=%2Fwp%2Fv2%2Fmedia&parent=54785"}],"wp:term":[{"taxonomy":"category","embeddable":true,"href":"https:\/\/wikicollection.fr\/index.php?rest_route=%2Fwp%2Fv2%2Fcategories&post=54785"},{"taxonomy":"post_tag","embeddable":true,"href":"https:\/\/wikicollection.fr\/index.php?rest_route=%2Fwp%2Fv2%2Ftags&post=54785"}],"curies":[{"name":"wp","href":"https:\/\/api.w.org\/{rel}","templated":true}]}}