{"id":54058,"date":"2016-11-05T14:02:16","date_gmt":"2016-11-05T13:02:16","guid":{"rendered":"http:\/\/wikicollection.fr\/?p=54058"},"modified":"2022-01-08T11:22:29","modified_gmt":"2022-01-08T10:22:29","slug":"jetons-des-mines-et-carrieres-cevennes-gard-centrale-electrique-du-fesc","status":"publish","type":"post","link":"https:\/\/wikicollection.fr\/?p=54058","title":{"rendered":"Jetons des mines et carri\u00e8res &#8211; (Gard) &#8211; Houill\u00e8re du Bassin des C\u00e9vennes \/ Centrale \u00e9lectrique du Fesc"},"content":{"rendered":"<p><a class=\"macoll bleu\" href=\"http:\/\/www.wikicollection.fr\/?p=45103\"><img src=http:\/\/www.wikicollection.fr\/wp-includes\/images\/retour.jpg>Aller au sommaire<\/a><br><a class=\"macoll bleu\" href=\"?page_id=10005\"><img src=http:\/\/www.wikicollection.fr\/wp-includes\/images\/ajout.jpg>Suivre cette page<\/a><br><br><strong><img loading=\"lazy\" decoding=\"async\" class=\"alignnone size-full wp-image-54072\" src=\"http:\/\/wikicollection.fr\/wp-content\/uploads\/fesc-1.jpg\" alt=\"fesc\" width=\"995\" height=\"637\" srcset=\"https:\/\/wikicollection.fr\/wp-content\/uploads\/fesc-1.jpg 995w, https:\/\/wikicollection.fr\/wp-content\/uploads\/fesc-1-445x285.jpg 445w, https:\/\/wikicollection.fr\/wp-content\/uploads\/fesc-1-300x192.jpg 300w, https:\/\/wikicollection.fr\/wp-content\/uploads\/fesc-1-768x492.jpg 768w\" sizes=\"auto, (max-width: 995px) 100vw, 995px\" \/><br \/>\n<\/strong><em>La nouvelle centrale \u00e9lectrique du Fesc<\/em><\/p>\n<p>&nbsp;<\/p>\n<p>Centrale \u00e9lectrique construite au quartier du Mas de Fesc, \u00e0 la Grand&rsquo;Combe. Les travaux d\u00e9but\u00e8rent en 1946 avec plus de 200 ouvriers, pour une mise en service en 1950. L&rsquo;usine, qui produisait de l&rsquo;energie pour les mines \u00e0 charbon du secteur, fut ferm\u00e9e en 1981. Le b\u00e2timent a \u00e9t\u00e9 dynamit\u00e9 en 2003.<\/p>\n<p>&nbsp;<\/p>\n<p><strong>Avers<\/strong>:\u00a0En haut, HOUILLERES DU \/ BASSIN DES \/ CEVENNES. Au centre, motif et triangle de la maison Thevenon. En ourbe, CENTRALE DU FESC<br \/>\n<strong>Revers :<\/strong>\u00a0Sur le pourtour, gr\u00e8netis de perles.\u00a0Au centre, num\u00e9ro d&rsquo;identification<\/p>\n<p><div id=\"FRJM-GARDHDBDC-10-1\"><br><\/div><hr class=\"divider\" \/><a class=\"macoll bleu\" href=\"http:\/\/wikicollection.fr\/?page_id=10005#FRJM-GARDHDBDC-10-1\"><img src=http:\/\/www.wikicollection.fr\/wp-includes\/images\/epingle.jpg>Ajouter &agrave; ma collection<\/a><a class=\"macoll bleu\" href=\"http:\/\/wikicollection.fr\/?page_id=10005#FRJM-GARDHDBDC-10-1\"><img src=http:\/\/www.wikicollection.fr\/wp-includes\/images\/echange.jpg>Vendre\/&eacute;changer<\/a>  <a class=\"macoll bleu\" href=\"http:\/\/wikicollection.fr\/?page_id=10005#FRJM-GARDHDBDC-10-1\"><img src=http:\/\/www.wikicollection.fr\/wp-includes\/images\/loupe.jpg>Rechercher<\/a><br>      <br \/>\n<strong>Mati\u00e8re :<\/strong> Aluminium<br \/>\n<strong>Forme :<\/strong> Rond, trou\u00e9 \u00e0 12h<br \/>\n<strong>Diam\u00e8tre (mm) :<\/strong> 38,0<br \/>\n<strong>R\u00e9f\u00e9rences :<\/strong> <a href=\"http:\/\/wikicollection.fr\/?product=numismatique-des-mines-et-carrieres-francaises-et-coloniales-par-lacjm\">ACJM mines et carri\u00e8res<\/a> n\u00b04.1 (page 139)<br \/>\n<strong>Cr\u00e9dit photo<\/strong> : Collection particuli\u00e8re<br \/>\n<strong>Cotation indicative<\/strong>: 15\/18\u20ac<\/p>\n<p><a href=\"http:\/\/wikicollection.fr\/wp-content\/uploads\/2016\/11\/fesc-2.jpg\" data-rel=\"lightbox-image-0\" data-magnific_type=\"image\" data-rl_title=\"\" data-rl_caption=\"\" title=\"\"><img loading=\"lazy\" decoding=\"async\" class=\"alignnone wp-image-90370\" src=\"http:\/\/wikicollection.fr\/wp-content\/uploads\/2016\/11\/fesc-2-300x150.jpg\" alt=\"\" width=\"600\" height=\"299\" srcset=\"https:\/\/wikicollection.fr\/wp-content\/uploads\/2016\/11\/fesc-2-300x150.jpg 300w, https:\/\/wikicollection.fr\/wp-content\/uploads\/2016\/11\/fesc-2-445x222.jpg 445w, https:\/\/wikicollection.fr\/wp-content\/uploads\/2016\/11\/fesc-2-768x383.jpg 768w, https:\/\/wikicollection.fr\/wp-content\/uploads\/2016\/11\/fesc-2-1024x511.jpg 1024w, https:\/\/wikicollection.fr\/wp-content\/uploads\/2016\/11\/fesc-2.jpg 1833w\" sizes=\"auto, (max-width: 600px) 100vw, 600px\" \/><\/a><\/p>\n<p>&nbsp;<\/p>\n<p><em><a href=\"http:\/\/wikicollection.fr\/?p=45103\"><img loading=\"lazy\" decoding=\"async\" class=\"alignnone wp-image-8488\" src=\"http:\/\/wikicollection.fr\/wp-content\/uploads\/2015\/09\/fleche1.jpg\" alt=\"fleche\" width=\"20\" height=\"20\" \/>\u00a0Acc\u00e9der au catalogue des jetons du Gard<\/a><\/em><\/p>\n","protected":false},"excerpt":{"rendered":"<p>La nouvelle centrale \u00e9lectrique du Fesc &nbsp; Centrale \u00e9lectrique construite au quartier du Mas de Fesc, \u00e0 la Grand&rsquo;Combe. Les<\/p>\n","protected":false},"author":81,"featured_media":55774,"comment_status":"open","ping_status":"open","sticky":false,"template":"","format":"standard","meta":{"footnotes":""},"categories":[62],"tags":[],"class_list":["post-54058","post","type-post","status-publish","format-standard","has-post-thumbnail","hentry","category-jetons-de-mine"],"_links":{"self":[{"href":"https:\/\/wikicollection.fr\/index.php?rest_route=\/wp\/v2\/posts\/54058","targetHints":{"allow":["GET"]}}],"collection":[{"href":"https:\/\/wikicollection.fr\/index.php?rest_route=\/wp\/v2\/posts"}],"about":[{"href":"https:\/\/wikicollection.fr\/index.php?rest_route=\/wp\/v2\/types\/post"}],"author":[{"embeddable":true,"href":"https:\/\/wikicollection.fr\/index.php?rest_route=\/wp\/v2\/users\/81"}],"replies":[{"embeddable":true,"href":"https:\/\/wikicollection.fr\/index.php?rest_route=%2Fwp%2Fv2%2Fcomments&post=54058"}],"version-history":[{"count":1,"href":"https:\/\/wikicollection.fr\/index.php?rest_route=\/wp\/v2\/posts\/54058\/revisions"}],"predecessor-version":[{"id":124118,"href":"https:\/\/wikicollection.fr\/index.php?rest_route=\/wp\/v2\/posts\/54058\/revisions\/124118"}],"wp:featuredmedia":[{"embeddable":true,"href":"https:\/\/wikicollection.fr\/index.php?rest_route=\/wp\/v2\/media\/55774"}],"wp:attachment":[{"href":"https:\/\/wikicollection.fr\/index.php?rest_route=%2Fwp%2Fv2%2Fmedia&parent=54058"}],"wp:term":[{"taxonomy":"category","embeddable":true,"href":"https:\/\/wikicollection.fr\/index.php?rest_route=%2Fwp%2Fv2%2Fcategories&post=54058"},{"taxonomy":"post_tag","embeddable":true,"href":"https:\/\/wikicollection.fr\/index.php?rest_route=%2Fwp%2Fv2%2Ftags&post=54058"}],"curies":[{"name":"wp","href":"https:\/\/api.w.org\/{rel}","templated":true}]}}