{"id":51277,"date":"2016-09-18T13:56:22","date_gmt":"2016-09-18T12:56:22","guid":{"rendered":"http:\/\/wikicollection.fr\/?p=51277"},"modified":"2017-01-29T11:02:36","modified_gmt":"2017-01-29T10:02:36","slug":"factures-illustrees-paris-xviiie-seine-entreprise-generale-dinstallations-electriques-1914","status":"publish","type":"post","link":"https:\/\/wikicollection.fr\/?p=51277","title":{"rendered":"Factures illustr\u00e9es &#8211; Paris XVIIIe (Seine) &#8211; Entreprise g\u00e9n\u00e9rale d&rsquo;installations \u00e9lectriques (1914)"},"content":{"rendered":"<p style=\"text-align: left;\"><a class=\"macoll bleu\" href=\"?page_id=10005\"><img src=http:\/\/www.wikicollection.fr\/wp-includes\/images\/ajout.jpg>Suivre cette page<\/a><br><br><br \/>\n<strong>\u00c9tablissement ou raison sociale <\/strong>: Entreprise g\u00e9n\u00e9rale d&rsquo;installations \u00e9lectriques, E. Winter, directeur (anciennement Daval fr\u00e8res).<br \/>\n<strong>Adresse : <\/strong>4 et 6 rue Franc\u0153ur, Paris 18e arrondissement (quartier Clignancourt)<br \/>\n<strong>Date de la facture <\/strong>: 8 avril 1914<\/p>\n<p><a href=\"http:\/\/wikicollection.fr\/wp-content\/uploads\/Winter-1b.jpg\" data-rel=\"lightbox-image-0\" data-magnific_type=\"image\" data-rl_title=\"\" data-rl_caption=\"\" title=\"\"><img loading=\"lazy\" decoding=\"async\" class=\"alignnone wp-image-52450\" src=\"http:\/\/wikicollection.fr\/wp-content\/uploads\/Winter-1b.jpg\" alt=\"winter-1b\" width=\"677\" height=\"886\" srcset=\"https:\/\/wikicollection.fr\/wp-content\/uploads\/Winter-1b.jpg 1200w, https:\/\/wikicollection.fr\/wp-content\/uploads\/Winter-1b-445x582.jpg 445w, https:\/\/wikicollection.fr\/wp-content\/uploads\/Winter-1b-229x300.jpg 229w, https:\/\/wikicollection.fr\/wp-content\/uploads\/Winter-1b-768x1005.jpg 768w, https:\/\/wikicollection.fr\/wp-content\/uploads\/Winter-1b-783x1024.jpg 783w\" sizes=\"auto, (max-width: 677px) 100vw, 677px\" \/><\/a><\/p>\n<p><a href=\"http:\/\/wikicollection.fr\/wp-content\/uploads\/Winter-2b.jpg\" data-rel=\"lightbox-image-1\" data-magnific_type=\"image\" data-rl_title=\"\" data-rl_caption=\"\" title=\"\"><img loading=\"lazy\" decoding=\"async\" class=\"alignnone wp-image-52449\" src=\"http:\/\/wikicollection.fr\/wp-content\/uploads\/Winter-2b.jpg\" alt=\"winter-2b\" width=\"675\" height=\"879\" srcset=\"https:\/\/wikicollection.fr\/wp-content\/uploads\/Winter-2b.jpg 1200w, https:\/\/wikicollection.fr\/wp-content\/uploads\/Winter-2b-445x580.jpg 445w, https:\/\/wikicollection.fr\/wp-content\/uploads\/Winter-2b-230x300.jpg 230w, https:\/\/wikicollection.fr\/wp-content\/uploads\/Winter-2b-768x1000.jpg 768w, https:\/\/wikicollection.fr\/wp-content\/uploads\/Winter-2b-786x1024.jpg 786w\" sizes=\"auto, (max-width: 675px) 100vw, 675px\" \/><\/a><\/p>\n<p>Vue de l&rsquo;en-t\u00eate de la facture figurant l&rsquo;\u00e9tablissement :<\/p>\n<p><a href=\"http:\/\/wikicollection.fr\/wp-content\/uploads\/winter-ent2.jpg\" data-rel=\"lightbox-image-2\" data-magnific_type=\"image\" data-rl_title=\"\" data-rl_caption=\"\" title=\"\"><img loading=\"lazy\" decoding=\"async\" class=\"alignnone wp-image-52454 size-full\" src=\"http:\/\/wikicollection.fr\/wp-content\/uploads\/winter-ent2.jpg\" alt=\"winter-ent2\" width=\"1800\" height=\"943\" srcset=\"https:\/\/wikicollection.fr\/wp-content\/uploads\/winter-ent2.jpg 1800w, https:\/\/wikicollection.fr\/wp-content\/uploads\/winter-ent2-445x233.jpg 445w, https:\/\/wikicollection.fr\/wp-content\/uploads\/winter-ent2-300x157.jpg 300w, https:\/\/wikicollection.fr\/wp-content\/uploads\/winter-ent2-768x402.jpg 768w, https:\/\/wikicollection.fr\/wp-content\/uploads\/winter-ent2-1024x536.jpg 1024w, https:\/\/wikicollection.fr\/wp-content\/uploads\/winter-ent2-390x205.jpg 390w\" sizes=\"auto, (max-width: 1800px) 100vw, 1800px\" \/><\/a><\/p>\n<p><strong>L&rsquo;entreprise : <\/strong>Le Grand Bazar du b\u00e2timent a \u00e9t\u00e9 fond\u00e9e par Alfred Daval qui s&rsquo;\u00e9tait install\u00e9 \u00e0 une date ind\u00e9termin\u00e9e au 103 de la rue Caulaincourt, dans le quartier Clignancourt en plein essor. Il vendait l\u00e0, en gros et d\u00e9tail, toutes sortes de mat\u00e9riaux de construction, provenant peut-\u00eatre de d\u00e9molitions, un commerce florissant \u00e0 Paris en raison de la grande activit\u00e9 du b\u00e2timent. Il acquit de grands terrains au carrefour des rues Caulaincourt, Franc\u0153ur et du Mont-Cenis pour y construire en 1898 un vaste ensemble o\u00f9 il utilisa notamment pour les fa\u00e7ades les mat\u00e9riaux provenant du Palais de l&rsquo;Industrie construit pour l&rsquo;exposition universelle de 1855 et d\u00e9truit deux ans auparavant en vue de celle de 1900.<\/p>\n<p>L&rsquo;histoire de cet ensemble est bien connu, du fait de ses avatars. Au 4 de la rue Franc\u0153ur \u00e9tait une sorte de maison de ma\u00eetre, tr\u00e8s orn\u00e9e, avec des bureaux au rez-de-chauss\u00e9e et aux \u00e9tages de beaux appartements occup\u00e9s \u00e0 l&rsquo;origine par les membres de la famille Daval. Le 6 donnait acc\u00e8s \u00e0 une vaste usine \u00e0 la disposition tr\u00e8s complexe : son sous-sol \u00e9tait de plain pied avec la rue Marcadet qui passait en contre-bas de la rue Franc\u0153ur ; sur trois niveaux, reli\u00e9s par un monte-charge, on trouvait des ateliers de serrurerie, de menuiserie, une scierie m\u00e9canique et des bureaux d&rsquo;\u00e9tudes, le tout m\u00fb par l&rsquo;\u00e9lectricit\u00e9. Le b\u00e2timent principal, de 54 m\u00e8tres, se terminait sur la rue Cyrano de Bergerac qui bornait la propri\u00e9t\u00e9 Daval et dont les escaliers menaient (et m\u00e8nent toujours) \u00e0 la rue Marcadet (voir les plans ci-dessous). Enfin un rideau de maisons de rapport, plus modestes, fut construit aux 8, 10 et 12 rue Franc\u0153ur avec retour sur la rue Cyrano, \u00e0 la fois pour masquer l&rsquo;usine et rentabiliser le terrain en bordure de voie publique. L&rsquo;ensemble devait d\u00e9passer 8 500 m\u00e8tres au sol. Notons que Daval poss\u00e9dait aussi le sol du 2 de la rue Franc\u0153ur o\u00f9 fut \u00e9lev\u00e9e la maison que l&rsquo;on aper\u00e7oit tout \u00e0 la droite du dessin et qui fait l&rsquo;angle avec la rue du Mont-Cenis.<\/p>\n<p>Le quartier en\u00a0 1895 (plan 1 ) et le quartier en 1909 (plan 2), avant et apr\u00e8s l&rsquo;op\u00e9ration mi-immobili\u00e8re mi-industrielle r\u00e9alis\u00e9e par Daval (D&rsquo;apr\u00e8s <em>l&rsquo;Atlas des Travaux de Paris<\/em>)<\/p>\n<p>Plan 1<\/p>\n<p><img loading=\"lazy\" decoding=\"async\" class=\"alignleft wp-image-53894\" src=\"http:\/\/wikicollection.fr\/wp-content\/uploads\/1895-300x195.jpg\" alt=\"IF\" width=\"455\" height=\"295\" srcset=\"https:\/\/wikicollection.fr\/wp-content\/uploads\/1895-300x195.jpg 300w, https:\/\/wikicollection.fr\/wp-content\/uploads\/1895-445x289.jpg 445w, https:\/\/wikicollection.fr\/wp-content\/uploads\/1895-768x498.jpg 768w, https:\/\/wikicollection.fr\/wp-content\/uploads\/1895-1024x664.jpg 1024w, https:\/\/wikicollection.fr\/wp-content\/uploads\/1895.jpg 1820w\" sizes=\"auto, (max-width: 455px) 100vw, 455px\" \/><\/p>\n<p>&nbsp;<\/p>\n<p>&nbsp;<\/p>\n<p>&nbsp;<\/p>\n<p>&nbsp;<\/p>\n<p>&nbsp;<\/p>\n<p>&nbsp;<\/p>\n<p>&nbsp;<\/p>\n<p>&nbsp;<\/p>\n<p>Plan 2<\/p>\n<p><img loading=\"lazy\" decoding=\"async\" class=\"alignnone wp-image-53895\" src=\"http:\/\/wikicollection.fr\/wp-content\/uploads\/1909-300x193.jpg\" alt=\"IF\" width=\"450\" height=\"289\" srcset=\"https:\/\/wikicollection.fr\/wp-content\/uploads\/1909-300x193.jpg 300w, https:\/\/wikicollection.fr\/wp-content\/uploads\/1909-445x286.jpg 445w, https:\/\/wikicollection.fr\/wp-content\/uploads\/1909-768x494.jpg 768w, https:\/\/wikicollection.fr\/wp-content\/uploads\/1909-1024x658.jpg 1024w, https:\/\/wikicollection.fr\/wp-content\/uploads\/1909.jpg 1417w\" sizes=\"auto, (max-width: 450px) 100vw, 450px\" \/><\/p>\n<p>&nbsp;<\/p>\n<p>Le bazar \u00e9tait devenu une usine au <a href=\"http:\/\/bibliotheques-specialisees.paris.fr\/ark:\/73873\/pf0001613142\/v0001.simple.selectedTab=record\" target=\"_blank\">catalogue impressionnant<\/a> m\u00ealant le fer, le bois, le marbre. La vente aux particuliers et aux grossistes se faisait dans les boutiques qui occupaient les rez-de-chauss\u00e9e des maisons de rapport. D&rsquo;apr\u00e8s notre facture, dat\u00e9e de 1914, l&rsquo;entreprise s&rsquo;\u00e9tait sp\u00e9cialis\u00e9e dans l&rsquo;\u00e9quipement \u00e9lectrique, et le nom de Daval figure seulement sur le pignon de l&rsquo;usine, c\u00f4t\u00e9 Cyrano, et sur la frise m\u00e9tallique au-dessus de la belle grille du 4. Mauvaises affaires ? La suite figure dans toutes les bonnes histoires du cin\u00e9ma : les locaux sont vendus \u00e0 Bernard Natan, cr\u00e9ateur de la soci\u00e9t\u00e9 Rapid-Film qui fusionne en 1929 avec les \u00e9tablissements Charles Path\u00e9. L&rsquo;usine Daval fut convertie en studios de cin\u00e9ma. Aujourd&rsquo;hui l&rsquo;\u00e9cole nationale sup\u00e9rieure des m\u00e9tiers de l&rsquo;image et du son \u2013 la F\u00e9mis \u2013, install\u00e9e dans ces lieux, donne en quelque sorte une troisi\u00e8me vie \u00e0 ce site industriel de plein ville.<em><strong><br \/>\n<\/strong><\/em><strong>La repr\u00e9sentation : <\/strong>L&rsquo;aspect ext\u00e9rieur actuel (2016) diff\u00e8re peu du dessin de 1914 du moins sur la rue Franc\u0153ur, o\u00f9 l&rsquo;occupation des boutiques est naturellement diff\u00e9rente, et o\u00f9 la grille du 4 a perdu son allure d&rsquo;entr\u00e9e de grande demeure fa\u00e7on 18<sup>e<\/sup> si\u00e8cle. Le changement est plus spectaculaire sur la rue Cyrano o\u00f9 la fa\u00e7ade de l&rsquo;usine a \u00e9t\u00e9 remani\u00e9e avec reconstruction du fronton, probablement dans les ann\u00e9es 1930 (pour les besoins des tournages ? ) En voici une repr\u00e9sentation d&rsquo;origine, plus compl\u00e8te que sur notre dessin :<\/p>\n<p><img loading=\"lazy\" decoding=\"async\" class=\"alignnone wp-image-52439 \" src=\"http:\/\/wikicollection.fr\/wp-content\/uploads\/Construction-moderne-1898.jpg\" alt=\"construction-moderne-1898\" width=\"612\" height=\"471\" srcset=\"https:\/\/wikicollection.fr\/wp-content\/uploads\/Construction-moderne-1898.jpg 520w, https:\/\/wikicollection.fr\/wp-content\/uploads\/Construction-moderne-1898-445x342.jpg 445w, https:\/\/wikicollection.fr\/wp-content\/uploads\/Construction-moderne-1898-300x231.jpg 300w\" sizes=\"auto, (max-width: 612px) 100vw, 612px\" \/><\/p>\n<p>Ne pourrait-on dire qu&rsquo;ici l&rsquo;habitation de fa\u00e7ade a prot\u00e9g\u00e9 l&rsquo;usine, la sauvant peut-\u00eatre de la destruction quand les studios ont ferm\u00e9 leurs portes en 1991 ?<\/p>\n<p><em>Sources<\/em> : Archives de Paris, D1P4 470, rue Francoeur, cadastre 1876 ; <em>La construction moderne<\/em>, 26 novembre 1898, pl. 19 et 20, p. 101-102 (ici pl. 2o) ; <em>Path\u00e9, premier empire du cin\u00e9ma<\/em>. Exposition, Paris, 26 octobre 1994-6 mars 1995, Centre Georges Pompidou. Paris, 1994, 473 p.<\/p>\n<p>&nbsp;<\/p>\n<p>&nbsp;<\/p>\n<p><a href=\"http:\/\/wikicollection.fr\/?p=43595\"><img loading=\"lazy\" decoding=\"async\" class=\"alignnone wp-image-8488\" src=\"http:\/\/wikicollection.fr\/wp-content\/uploads\/2015\/09\/fleche1.jpg\" alt=\"fleche\" width=\"20\" height=\"20\" \/>\u00a0Acc\u00e9der au catalogue des factures illustr\u00e9es pour Paris et ses\u00a0banlieues<\/a><\/p>\n","protected":false},"excerpt":{"rendered":"<p>\u00c9tablissement ou raison sociale : Entreprise g\u00e9n\u00e9rale d&rsquo;installations \u00e9lectriques, E. Winter, directeur (anciennement Daval fr\u00e8res). Adresse : 4 et 6<\/p>\n","protected":false},"author":85,"featured_media":45349,"comment_status":"open","ping_status":"open","sticky":false,"template":"","format":"standard","meta":{"footnotes":""},"categories":[108],"tags":[],"class_list":["post-51277","post","type-post","status-publish","format-standard","has-post-thumbnail","hentry","category-factures-illustrees"],"_links":{"self":[{"href":"https:\/\/wikicollection.fr\/index.php?rest_route=\/wp\/v2\/posts\/51277","targetHints":{"allow":["GET"]}}],"collection":[{"href":"https:\/\/wikicollection.fr\/index.php?rest_route=\/wp\/v2\/posts"}],"about":[{"href":"https:\/\/wikicollection.fr\/index.php?rest_route=\/wp\/v2\/types\/post"}],"author":[{"embeddable":true,"href":"https:\/\/wikicollection.fr\/index.php?rest_route=\/wp\/v2\/users\/85"}],"replies":[{"embeddable":true,"href":"https:\/\/wikicollection.fr\/index.php?rest_route=%2Fwp%2Fv2%2Fcomments&post=51277"}],"version-history":[{"count":0,"href":"https:\/\/wikicollection.fr\/index.php?rest_route=\/wp\/v2\/posts\/51277\/revisions"}],"wp:featuredmedia":[{"embeddable":true,"href":"https:\/\/wikicollection.fr\/index.php?rest_route=\/wp\/v2\/media\/45349"}],"wp:attachment":[{"href":"https:\/\/wikicollection.fr\/index.php?rest_route=%2Fwp%2Fv2%2Fmedia&parent=51277"}],"wp:term":[{"taxonomy":"category","embeddable":true,"href":"https:\/\/wikicollection.fr\/index.php?rest_route=%2Fwp%2Fv2%2Fcategories&post=51277"},{"taxonomy":"post_tag","embeddable":true,"href":"https:\/\/wikicollection.fr\/index.php?rest_route=%2Fwp%2Fv2%2Ftags&post=51277"}],"curies":[{"name":"wp","href":"https:\/\/api.w.org\/{rel}","templated":true}]}}