{"id":45740,"date":"2016-06-20T21:04:07","date_gmt":"2016-06-20T20:04:07","guid":{"rendered":"http:\/\/wikicollection.fr\/?p=45740"},"modified":"2020-09-16T08:37:56","modified_gmt":"2020-09-16T07:37:56","slug":"rationnement-emissions-locales-1871-rations-de-viande-pour-les-hommes-travaillant-a-la-barricade","status":"publish","type":"post","link":"https:\/\/wikicollection.fr\/?p=45740","title":{"rendered":"Rationnement et r\u00e9quisition sous le Si\u00e8ge et la Commune  de Paris (septembre 1870-mai 1871) &#8211; Paris XXe (Seine) &#8211; Rations de viande pour les hommes d&rsquo;une barricade \u00e0 Belleville (mai 1871)"},"content":{"rendered":"<p><a class=\"macoll bleu\" href=\"?page_id=10005\"><img src=http:\/\/www.wikicollection.fr\/wp-includes\/images\/ajout.jpg>Suivre cette page<\/a><br><br><a href=\"http:\/\/wikicollection.fr\/wp-content\/uploads\/barricade1.jpg\" data-rel=\"lightbox-image-0\" data-magnific_type=\"image\" data-rl_title=\"\" data-rl_caption=\"\" title=\"\"><img loading=\"lazy\" decoding=\"async\" class=\"alignnone wp-image-45743 size-large\" src=\"http:\/\/wikicollection.fr\/wp-content\/uploads\/barricade1-1024x824.jpg\" alt=\"barricade1\" width=\"800\" height=\"644\" srcset=\"https:\/\/wikicollection.fr\/wp-content\/uploads\/barricade1-1024x824.jpg 1024w, https:\/\/wikicollection.fr\/wp-content\/uploads\/barricade1-300x241.jpg 300w, https:\/\/wikicollection.fr\/wp-content\/uploads\/barricade1-768x618.jpg 768w, https:\/\/wikicollection.fr\/wp-content\/uploads\/barricade1.jpg 1743w\" sizes=\"auto, (max-width: 800px) 100vw, 800px\" \/><\/a><\/p>\n<p style=\"text-align: justify;\">Ce bon de r\u00e9quisition d&rsquo;aliments date du lundi 22 mai 1871, le 2<sup>e<\/sup> jour des combats entre l&rsquo;arm\u00e9e de Versailles, rentr\u00e9e la veille dans Paris, et les forces de la Commune, regroup\u00e9es dans la Garde nationale, cette arm\u00e9e citoyenne ressuscit\u00e9e en septembre 1870 pour la d\u00e9fense de Paris. Il \u00e9mane d&rsquo;une des unit\u00e9s de la garde du 20<sup>e<\/sup> arrondissement, le 74e bataillon, fort de 1 500 hommes \u00e0 peu pr\u00e8s sous le Si\u00e8ge. Le bataillon avait particip\u00e9 \u00e0 la d\u00e9fense des canons de la garde dont le gouvernement de Thiers avait voulu s&#8217;emparer au 18 mars pr\u00e9c\u00e9dent, pr\u00e9cipitant ainsi l&rsquo;av\u00e8nement de la Commune. Voulant assurer la d\u00e9fense du quartier contre une attaque de l&rsquo;arm\u00e9e r\u00e9guli\u00e8re, les hommes du bataillon avaient aussit\u00f4t \u00e9rig\u00e9 une barricade au bas de la rue des Amandiers : il en existe une photographie c\u00e9l\u00e8bre. Pour comprendre ce choix strat\u00e9gique, il faut pr\u00e9ciser qu&rsquo;\u00e0 l&rsquo;\u00e9poque ni l&rsquo;avenue de la R\u00e9publique ni l&rsquo;avenue Gambetta n&rsquo;existaient, ni non plus, plus haut, la rue Sorbier. La rue des Amandiers assurait une liaison directe entre le milieu de la rue de M\u00e9nilmontant et le boulevard, d&rsquo;o\u00f9 son importance : un coup d&rsquo;\u0153il sur une carte, m\u00eame actuelle, suffit \u00e0 le faire comprendre. D&rsquo;o\u00f9, le 22 mai, comme Paris se couvrait de barricades pour r\u00e9pondre \u00e0 l&rsquo;entr\u00e9e des Versaillais, l&rsquo;\u00e9rection d&rsquo;une nouvelle d\u00e9fense barrant la rue, mais cette fois semble-t-il dans le haut. Paris, en ses quartiers populaires, restait \u00e0 cette \u00e9poque une ville tr\u00e8s cloisonn\u00e9e o\u00f9 les liaisons internes commodes \u00e9taient rares.<\/p>\n<p style=\"text-align: justify;\">Le bon est r\u00e9dig\u00e9 et sign\u00e9 par le capitaine Gilbert Jacquin (la garde \u00e9lisait ses cadres). On trouve son nom sur un \u00e9tat nominatif de la compagnie en octobre 1870 ; il ne savait pas signer alors. Le bon est contresign\u00e9 par le commandant\u00a0 du bataillon, Nicolas Devarenne, un ouvrier nacrier de 31 ans, qui sera compromis dans l&rsquo;ex\u00e9cution d&rsquo;une cinquantaine d&rsquo;otages, le 26 mai, au si\u00e8ge du secteur dont d\u00e9pendait le 20<sup>e<\/sup>, rue Haxo. Devarenne fut condamn\u00e9 \u00e0 mort par un conseil de guerre, mais \u00e9tait pass\u00e9 en Belgique apr\u00e8s la Semaine sanglante.<\/p>\n<p style=\"text-align: justify;\">Ce bon fut pr\u00e9sent\u00e9 \u00e0 un boucher du quartier, ou plus vraisemblablement \u00e0 un restaurateur vendant du bouillon avec des portions de viande. Les mairies, sous le Si\u00e8ge puis sous la Commune, avaient sign\u00e9 des centaines de bons de ce genre, il est vrai essentiellement \u00e0 destination des propri\u00e9taires et des h\u00f4teliers, pour loger des r\u00e9fugi\u00e9s ou des familles chass\u00e9es par les bombardements de l&rsquo;arm\u00e9e versaillaise lors du deuxi\u00e8me si\u00e8ge. Ce document atteste que, dans l&rsquo;esprit des chefs de la barricade, le commer\u00e7ant devait \u00eatre indemnis\u00e9 apr\u00e8s les combats puisqu&rsquo;il pouvait attester la r\u00e9quisition. Ce formalisme resta de saison les jours suivants. Le document qui suit, dat\u00e9 du 24 mai o\u00f9 l&rsquo;assaut du 20e \u00e9tait imminent, le prouve.<\/p>\n<p style=\"text-align: justify;\">\u00a0<a href=\"http:\/\/wikicollection.fr\/wp-content\/uploads\/Barricade-110-Amandiers.jpg\" data-rel=\"lightbox-image-1\" data-magnific_type=\"image\" data-rl_title=\"\" data-rl_caption=\"\" title=\"\"><img loading=\"lazy\" decoding=\"async\" class=\"alignnone wp-image-48879 size-full\" src=\"http:\/\/wikicollection.fr\/wp-content\/uploads\/Barricade-110-Amandiers.jpg\" alt=\"Barricade-110-Amandiers\" width=\"1300\" height=\"817\" srcset=\"https:\/\/wikicollection.fr\/wp-content\/uploads\/Barricade-110-Amandiers.jpg 1300w, https:\/\/wikicollection.fr\/wp-content\/uploads\/Barricade-110-Amandiers-300x189.jpg 300w, https:\/\/wikicollection.fr\/wp-content\/uploads\/Barricade-110-Amandiers-768x483.jpg 768w, https:\/\/wikicollection.fr\/wp-content\/uploads\/Barricade-110-Amandiers-1024x644.jpg 1024w\" sizes=\"auto, (max-width: 1300px) 100vw, 1300px\" \/><\/a><\/p>\n<p style=\"text-align: justify;\">C&rsquo;est un sous-officier, peut-\u00eatre un simple garde, qui signa en lieu et place de Jacquin.<\/p>\n<figure id=\"attachment_48881\" aria-describedby=\"caption-attachment-48881\" style=\"width: 291px\" class=\"wp-caption alignnone\"><img loading=\"lazy\" decoding=\"async\" class=\"size-medium wp-image-48881\" src=\"http:\/\/wikicollection.fr\/wp-content\/uploads\/Cachet-74e-garde-291x300.jpg\" alt=\"Cachet du 74e bataillon en octobre 1870\" width=\"291\" height=\"300\" srcset=\"https:\/\/wikicollection.fr\/wp-content\/uploads\/Cachet-74e-garde-291x300.jpg 291w, https:\/\/wikicollection.fr\/wp-content\/uploads\/Cachet-74e-garde.jpg 300w\" sizes=\"auto, (max-width: 291px) 100vw, 291px\" \/><figcaption id=\"caption-attachment-48881\" class=\"wp-caption-text\">Cachet du 74e bataillon en octobre 1870 (Archives de Paris)<\/figcaption><\/figure>\n<p>&nbsp;<\/p>\n<p style=\"text-align: justify;\"><em>Sources <\/em>: Archives de Paris, D2R4 16, 74e bataillon ; notice \u00ab\u00a0Devarenne\u00a0\u00bb dans le dictionnaire <a href=\"http:\/\/maitron-en-ligne.univ-paris1.fr\/spip.php?article57548, notice DEVARENNE Nicolas , version mise en ligne le 26 juillet 2009, derni\u00e8re modification le 26 juillet 2009.\">Maitron.<\/a>\u00a0Sur les combats, lire l\u2019ouvrage de Robert Tombs, <em>La guerre contre Paris, 1871.<\/em> Paris, Aubier, 1997, 380 p.<\/p>\n<p><a href=\"http:\/\/wikicollection.fr\/?p=36028\"><img loading=\"lazy\" decoding=\"async\" class=\"alignnone wp-image-8488\" src=\"http:\/\/wikicollection.fr\/wp-content\/uploads\/2015\/09\/fleche1.jpg\" alt=\"fleche\" width=\"20\" height=\"20\" \/>\u00a0Acc\u00e9der au catalogue des \u00e9missions locales (1870-1871)<\/a><\/p>\n","protected":false},"excerpt":{"rendered":"<p>Ce bon de r\u00e9quisition d&rsquo;aliments date du lundi 22 mai 1871, le 2e jour des combats entre l&rsquo;arm\u00e9e de Versailles,<\/p>\n","protected":false},"author":85,"featured_media":86,"comment_status":"open","ping_status":"open","sticky":false,"template":"","format":"standard","meta":{"footnotes":""},"categories":[16],"tags":[],"class_list":["post-45740","post","type-post","status-publish","format-standard","has-post-thumbnail","hentry","category-emissions-1871-siege-de-paris"],"_links":{"self":[{"href":"https:\/\/wikicollection.fr\/index.php?rest_route=\/wp\/v2\/posts\/45740","targetHints":{"allow":["GET"]}}],"collection":[{"href":"https:\/\/wikicollection.fr\/index.php?rest_route=\/wp\/v2\/posts"}],"about":[{"href":"https:\/\/wikicollection.fr\/index.php?rest_route=\/wp\/v2\/types\/post"}],"author":[{"embeddable":true,"href":"https:\/\/wikicollection.fr\/index.php?rest_route=\/wp\/v2\/users\/85"}],"replies":[{"embeddable":true,"href":"https:\/\/wikicollection.fr\/index.php?rest_route=%2Fwp%2Fv2%2Fcomments&post=45740"}],"version-history":[{"count":0,"href":"https:\/\/wikicollection.fr\/index.php?rest_route=\/wp\/v2\/posts\/45740\/revisions"}],"wp:featuredmedia":[{"embeddable":true,"href":"https:\/\/wikicollection.fr\/index.php?rest_route=\/wp\/v2\/media\/86"}],"wp:attachment":[{"href":"https:\/\/wikicollection.fr\/index.php?rest_route=%2Fwp%2Fv2%2Fmedia&parent=45740"}],"wp:term":[{"taxonomy":"category","embeddable":true,"href":"https:\/\/wikicollection.fr\/index.php?rest_route=%2Fwp%2Fv2%2Fcategories&post=45740"},{"taxonomy":"post_tag","embeddable":true,"href":"https:\/\/wikicollection.fr\/index.php?rest_route=%2Fwp%2Fv2%2Ftags&post=45740"}],"curies":[{"name":"wp","href":"https:\/\/api.w.org\/{rel}","templated":true}]}}