{"id":45467,"date":"2016-06-19T07:34:56","date_gmt":"2016-06-19T06:34:56","guid":{"rendered":"http:\/\/wikicollection.fr\/?p=45467"},"modified":"2020-10-20T17:26:42","modified_gmt":"2020-10-20T16:26:42","slug":"jetons-publicitaires-nimes-gard-chapellerie-l-dide","status":"publish","type":"post","link":"https:\/\/wikicollection.fr\/?p=45467","title":{"rendered":"Jetons publicitaires &#8211; N\u00eemes (Gard) &#8211; Chapellerie L. Dide"},"content":{"rendered":"<p><a class=\"macoll bleu\" href=\"http:\/\/www.wikicollection.fr\/?p=45103\"><img src=http:\/\/www.wikicollection.fr\/wp-includes\/images\/retour.jpg>Aller au sommaire<\/a><br><a class=\"macoll bleu\" href=\"?page_id=10005\"><img src=http:\/\/www.wikicollection.fr\/wp-includes\/images\/ajout.jpg>Suivre cette page<\/a><br><br><br \/>\n<strong>Avers :<\/strong>\u00a0Au centre L. DIDE \/\u00a0GRAND\u2019RUE 13 ET 15 \/\u00a0NIMES. Sur le pourtour,\u00a0CHAPELLERIE FASHIONABLE \/ COIFFURES D\u2019ADMINISTRATIONS<br \/>\n<strong>Revers :<\/strong>\u00a0Au centre 3 blasons orn\u00e9s, dont N\u00eemes. Premi\u00e8re couronne :\u00a0ATELIERS RUE ARGDUGRAS 5 \/ ET RUE DES LOMBARDS 10. Deuxi\u00e8me couronne, FABRIQUE DE CHAPEAUX FEUTRE ET SOIE \/ EXPOSITION 1863 NIMES<br \/>\n<div id=\"FRJP-NIMESDIDE-10-1\"><br><\/div><hr class=\"divider\" \/><a class=\"macoll bleu\" href=\"http:\/\/wikicollection.fr\/?page_id=10005#FRJP-NIMESDIDE-10-1\"><img src=http:\/\/www.wikicollection.fr\/wp-includes\/images\/epingle.jpg>Ajouter &agrave; ma collection<\/a><a class=\"macoll bleu\" href=\"http:\/\/wikicollection.fr\/?page_id=10005#FRJP-NIMESDIDE-10-1\"><img src=http:\/\/www.wikicollection.fr\/wp-includes\/images\/echange.jpg>Vendre\/&eacute;changer<\/a>  <a class=\"macoll bleu\" href=\"http:\/\/wikicollection.fr\/?page_id=10005#FRJP-NIMESDIDE-10-1\"><img src=http:\/\/www.wikicollection.fr\/wp-includes\/images\/loupe.jpg>Rechercher<\/a><br>      <br \/>\n<strong>Mati\u00e8re :<\/strong> Laiton<br \/>\n<strong>Forme :<\/strong> Rond<br \/>\n<strong>Diam\u00e8tre (mm) :<\/strong> 29,0<br \/>\n<strong>R\u00e9f\u00e9rences :<\/strong> Non r\u00e9f\u00e9renc\u00e9<br \/>\n<strong>Cr\u00e9dit photo :<\/strong> Jean-Louis Mirmand<br \/>\n<strong>Cotation indicative :<\/strong>\u00a015\/25\u20ac<br \/>\n<a href=\"http:\/\/wikicollection.fr\/wp-content\/uploads\/dide-nimes.jpg\" data-rel=\"lightbox-image-0\" data-magnific_type=\"image\" data-rl_title=\"\" data-rl_caption=\"\" title=\"\"><img loading=\"lazy\" decoding=\"async\" class=\"alignnone wp-image-45468\" src=\"http:\/\/wikicollection.fr\/wp-content\/uploads\/dide-nimes.jpg\" alt=\"dide-nimes\" width=\"600\" height=\"292\" srcset=\"https:\/\/wikicollection.fr\/wp-content\/uploads\/dide-nimes.jpg 765w, https:\/\/wikicollection.fr\/wp-content\/uploads\/dide-nimes-300x146.jpg 300w\" sizes=\"auto, (max-width: 600px) 100vw, 600px\" \/><\/a><\/p>\n<p>&nbsp;<\/p>\n<p><a href=\"http:\/\/wikicollection.fr\/?p=45103\"><img loading=\"lazy\" decoding=\"async\" class=\"alignnone wp-image-8488\" src=\"http:\/\/wikicollection.fr\/wp-content\/uploads\/2015\/09\/fleche1.jpg\" alt=\"fleche\" width=\"20\" height=\"20\" \/>\u00a0Acc\u00e9der au catalogue des jetons du Gard<\/a><br \/>\n<a href=\"http:\/\/wikicollection.fr\/?p=84164\"><img loading=\"lazy\" decoding=\"async\" class=\"alignnone wp-image-8488\" src=\"http:\/\/wikicollection.fr\/wp-content\/uploads\/2015\/09\/fleche1.jpg\" alt=\"fleche\" width=\"20\" height=\"20\" \/>\u00a0Acc\u00e9der au catalogue des jetons et m\u00e9dailles publicitaires<\/a><\/p>\n","protected":false},"excerpt":{"rendered":"<p>Avers :\u00a0Au centre L. DIDE \/\u00a0GRAND\u2019RUE 13 ET 15 \/\u00a0NIMES. Sur le pourtour,\u00a0CHAPELLERIE FASHIONABLE \/ COIFFURES D\u2019ADMINISTRATIONS Revers :\u00a0Au centre<\/p>\n","protected":false},"author":81,"featured_media":55774,"comment_status":"open","ping_status":"open","sticky":false,"template":"","format":"standard","meta":{"footnotes":""},"categories":[23],"tags":[],"class_list":["post-45467","post","type-post","status-publish","format-standard","has-post-thumbnail","hentry","category-jetons-publicitaires"],"_links":{"self":[{"href":"https:\/\/wikicollection.fr\/index.php?rest_route=\/wp\/v2\/posts\/45467","targetHints":{"allow":["GET"]}}],"collection":[{"href":"https:\/\/wikicollection.fr\/index.php?rest_route=\/wp\/v2\/posts"}],"about":[{"href":"https:\/\/wikicollection.fr\/index.php?rest_route=\/wp\/v2\/types\/post"}],"author":[{"embeddable":true,"href":"https:\/\/wikicollection.fr\/index.php?rest_route=\/wp\/v2\/users\/81"}],"replies":[{"embeddable":true,"href":"https:\/\/wikicollection.fr\/index.php?rest_route=%2Fwp%2Fv2%2Fcomments&post=45467"}],"version-history":[{"count":0,"href":"https:\/\/wikicollection.fr\/index.php?rest_route=\/wp\/v2\/posts\/45467\/revisions"}],"wp:featuredmedia":[{"embeddable":true,"href":"https:\/\/wikicollection.fr\/index.php?rest_route=\/wp\/v2\/media\/55774"}],"wp:attachment":[{"href":"https:\/\/wikicollection.fr\/index.php?rest_route=%2Fwp%2Fv2%2Fmedia&parent=45467"}],"wp:term":[{"taxonomy":"category","embeddable":true,"href":"https:\/\/wikicollection.fr\/index.php?rest_route=%2Fwp%2Fv2%2Fcategories&post=45467"},{"taxonomy":"post_tag","embeddable":true,"href":"https:\/\/wikicollection.fr\/index.php?rest_route=%2Fwp%2Fv2%2Ftags&post=45467"}],"curies":[{"name":"wp","href":"https:\/\/api.w.org\/{rel}","templated":true}]}}