{"id":123525,"date":"2021-05-19T20:38:24","date_gmt":"2021-05-19T19:38:24","guid":{"rendered":"https:\/\/wikicollection.fr\/?p=123525"},"modified":"2021-06-11T20:21:20","modified_gmt":"2021-06-11T19:21:20","slug":"cartes-nominatives-carnet-de-porteur-aux-halles-et-marches-prefecture-de-police-9-novembre-1938","status":"publish","type":"post","link":"https:\/\/wikicollection.fr\/?p=123525","title":{"rendered":"Cartes nominatives \u2013 Carnet de Porteur aux Halles et March\u00e9s \u2013 Pr\u00e9fecture de Police \u2013 9 novembre 1938"},"content":{"rendered":"<p><a class=\"macoll bleu\" href=\"?page_id=10005\"><img src=http:\/\/www.wikicollection.fr\/wp-includes\/images\/ajout.jpg>Suivre cette page<\/a><br><br><br \/>\nCe carnet (un duplicata) a \u00e9t\u00e9 d\u00e9livr\u00e9 le 9 novembre 1938. Il comprend, outre les renseignements sur le titulaire, une copie de l&rsquo;ordonnance du 16 d\u00e9cembre 1929, modifi\u00e9e en 1937 qui r\u00e9git cette profession (tr\u00e8s peu de cartes professionnelles comportent un texte de loi aussi long). L&rsquo;ordonnance comme les pr\u00e9c\u00e9dentes, insiste sur la diff\u00e9rence entre les 2 corporations : les forts (l&rsquo;aristocratie des Halles) et les porteurs ou portefaix.<br \/>\nPour pouvoir travailler comme porteur, le carnet est obligatoire ainsi que 2 m\u00e9dailles comportant le nom, les initiales des pr\u00e9noms, le num\u00e9ro d&rsquo;immatriculation et un poin\u00e7on au mill\u00e9sime de l&rsquo;ann\u00e9e. Une m\u00e9daille carr\u00e9e \u00e9tait destin\u00e9e aux ann\u00e9es impaires et une m\u00e9daille hexagonale ou ovale aux ann\u00e9es paires.<br \/>\nTous les domaines de la profession sont abord\u00e9s dans l&rsquo;ordonnance : formalit\u00e9s pour exercer la profession, changement de domicile, circulation dans les halles, mode d&rsquo;enl\u00e8vement des marchandises, dimensions et utilisation des diables, port d&rsquo;une m\u00e9daille ovale pour le transport des denr\u00e9es par les commer\u00e7ants eux-m\u00eames ou leurs employ\u00e9s,\u00a0 infractions et proc\u00e8s-verbaux&#8230;<br \/>\nLa lecture compl\u00e8te de l&rsquo;ordonnance permettra, \u00e0 ceux qui le souhaitent, d&rsquo;appr\u00e9hender la complexit\u00e9 de la r\u00e8glementation de cette profession.<\/p>\n<p>&nbsp;<\/p>\n<h2><strong><em><u>Carnet de Porteur aux Halles et March\u00e9s \u2013 9 novembre 1938<\/u><\/em><\/strong><\/h2>\n<p><img loading=\"lazy\" decoding=\"async\" class=\"alignnone wp-image-123528\" src=\"https:\/\/wikicollection.fr\/wp-content\/uploads\/2021\/05\/Carte-Porteur-A-scaled.jpg\" alt=\"\" width=\"800\" height=\"556\" srcset=\"https:\/\/wikicollection.fr\/wp-content\/uploads\/2021\/05\/Carte-Porteur-A-scaled.jpg 2560w, https:\/\/wikicollection.fr\/wp-content\/uploads\/2021\/05\/Carte-Porteur-A-445x309.jpg 445w, https:\/\/wikicollection.fr\/wp-content\/uploads\/2021\/05\/Carte-Porteur-A-300x208.jpg 300w, https:\/\/wikicollection.fr\/wp-content\/uploads\/2021\/05\/Carte-Porteur-A-1024x712.jpg 1024w, https:\/\/wikicollection.fr\/wp-content\/uploads\/2021\/05\/Carte-Porteur-A-768x534.jpg 768w, https:\/\/wikicollection.fr\/wp-content\/uploads\/2021\/05\/Carte-Porteur-A-1536x1067.jpg 1536w, https:\/\/wikicollection.fr\/wp-content\/uploads\/2021\/05\/Carte-Porteur-A-2048x1423.jpg 2048w, https:\/\/wikicollection.fr\/wp-content\/uploads\/2021\/05\/Carte-Porteur-A-392x272.jpg 392w, https:\/\/wikicollection.fr\/wp-content\/uploads\/2021\/05\/Carte-Porteur-A-130x90.jpg 130w\" sizes=\"auto, (max-width: 800px) 100vw, 800px\" \/><\/p>\n<p><img loading=\"lazy\" decoding=\"async\" class=\"alignnone wp-image-123529\" src=\"https:\/\/wikicollection.fr\/wp-content\/uploads\/2021\/05\/Carte-Porteur-B-scaled.jpg\" alt=\"\" width=\"800\" height=\"559\" srcset=\"https:\/\/wikicollection.fr\/wp-content\/uploads\/2021\/05\/Carte-Porteur-B-scaled.jpg 2560w, https:\/\/wikicollection.fr\/wp-content\/uploads\/2021\/05\/Carte-Porteur-B-445x311.jpg 445w, https:\/\/wikicollection.fr\/wp-content\/uploads\/2021\/05\/Carte-Porteur-B-300x210.jpg 300w, https:\/\/wikicollection.fr\/wp-content\/uploads\/2021\/05\/Carte-Porteur-B-1024x715.jpg 1024w, https:\/\/wikicollection.fr\/wp-content\/uploads\/2021\/05\/Carte-Porteur-B-768x536.jpg 768w, https:\/\/wikicollection.fr\/wp-content\/uploads\/2021\/05\/Carte-Porteur-B-1536x1073.jpg 1536w, https:\/\/wikicollection.fr\/wp-content\/uploads\/2021\/05\/Carte-Porteur-B-2048x1430.jpg 2048w, https:\/\/wikicollection.fr\/wp-content\/uploads\/2021\/05\/Carte-Porteur-B-130x90.jpg 130w\" sizes=\"auto, (max-width: 800px) 100vw, 800px\" \/><\/p>\n<p><img loading=\"lazy\" decoding=\"async\" class=\"alignnone wp-image-123530 size-large\" src=\"https:\/\/wikicollection.fr\/wp-content\/uploads\/2021\/05\/Carte-Porteur-C-1024x720.jpg\" alt=\"\" width=\"800\" height=\"563\" srcset=\"https:\/\/wikicollection.fr\/wp-content\/uploads\/2021\/05\/Carte-Porteur-C-1024x720.jpg 1024w, https:\/\/wikicollection.fr\/wp-content\/uploads\/2021\/05\/Carte-Porteur-C-445x313.jpg 445w, https:\/\/wikicollection.fr\/wp-content\/uploads\/2021\/05\/Carte-Porteur-C-300x211.jpg 300w, https:\/\/wikicollection.fr\/wp-content\/uploads\/2021\/05\/Carte-Porteur-C-768x540.jpg 768w, https:\/\/wikicollection.fr\/wp-content\/uploads\/2021\/05\/Carte-Porteur-C-1536x1080.jpg 1536w, https:\/\/wikicollection.fr\/wp-content\/uploads\/2021\/05\/Carte-Porteur-C-2048x1440.jpg 2048w, https:\/\/wikicollection.fr\/wp-content\/uploads\/2021\/05\/Carte-Porteur-C-130x90.jpg 130w\" sizes=\"auto, (max-width: 800px) 100vw, 800px\" \/><\/p>\n<p><img loading=\"lazy\" decoding=\"async\" class=\"alignnone wp-image-123531\" src=\"https:\/\/wikicollection.fr\/wp-content\/uploads\/2021\/05\/Carte-Porteur-D-scaled.jpg\" alt=\"\" width=\"800\" height=\"561\" srcset=\"https:\/\/wikicollection.fr\/wp-content\/uploads\/2021\/05\/Carte-Porteur-D-scaled.jpg 2560w, https:\/\/wikicollection.fr\/wp-content\/uploads\/2021\/05\/Carte-Porteur-D-445x312.jpg 445w, https:\/\/wikicollection.fr\/wp-content\/uploads\/2021\/05\/Carte-Porteur-D-300x210.jpg 300w, https:\/\/wikicollection.fr\/wp-content\/uploads\/2021\/05\/Carte-Porteur-D-1024x718.jpg 1024w, https:\/\/wikicollection.fr\/wp-content\/uploads\/2021\/05\/Carte-Porteur-D-768x538.jpg 768w, https:\/\/wikicollection.fr\/wp-content\/uploads\/2021\/05\/Carte-Porteur-D-1536x1076.jpg 1536w, https:\/\/wikicollection.fr\/wp-content\/uploads\/2021\/05\/Carte-Porteur-D-2048x1435.jpg 2048w, https:\/\/wikicollection.fr\/wp-content\/uploads\/2021\/05\/Carte-Porteur-D-130x90.jpg 130w\" sizes=\"auto, (max-width: 800px) 100vw, 800px\" \/><\/p>\n<p><img loading=\"lazy\" decoding=\"async\" class=\"alignnone wp-image-123532\" src=\"https:\/\/wikicollection.fr\/wp-content\/uploads\/2021\/05\/Carte-Porteur-E-scaled.jpg\" alt=\"\" width=\"800\" height=\"559\" srcset=\"https:\/\/wikicollection.fr\/wp-content\/uploads\/2021\/05\/Carte-Porteur-E-scaled.jpg 2560w, https:\/\/wikicollection.fr\/wp-content\/uploads\/2021\/05\/Carte-Porteur-E-445x311.jpg 445w, https:\/\/wikicollection.fr\/wp-content\/uploads\/2021\/05\/Carte-Porteur-E-300x210.jpg 300w, https:\/\/wikicollection.fr\/wp-content\/uploads\/2021\/05\/Carte-Porteur-E-1024x716.jpg 1024w, https:\/\/wikicollection.fr\/wp-content\/uploads\/2021\/05\/Carte-Porteur-E-768x537.jpg 768w, https:\/\/wikicollection.fr\/wp-content\/uploads\/2021\/05\/Carte-Porteur-E-1536x1074.jpg 1536w, https:\/\/wikicollection.fr\/wp-content\/uploads\/2021\/05\/Carte-Porteur-E-2048x1432.jpg 2048w, https:\/\/wikicollection.fr\/wp-content\/uploads\/2021\/05\/Carte-Porteur-E-130x90.jpg 130w\" sizes=\"auto, (max-width: 800px) 100vw, 800px\" \/><\/p>\n<p><img loading=\"lazy\" decoding=\"async\" class=\"alignnone wp-image-123533\" src=\"https:\/\/wikicollection.fr\/wp-content\/uploads\/2021\/05\/Carte-Porteur-F-scaled.jpg\" alt=\"\" width=\"800\" height=\"558\" srcset=\"https:\/\/wikicollection.fr\/wp-content\/uploads\/2021\/05\/Carte-Porteur-F-scaled.jpg 2560w, https:\/\/wikicollection.fr\/wp-content\/uploads\/2021\/05\/Carte-Porteur-F-445x310.jpg 445w, https:\/\/wikicollection.fr\/wp-content\/uploads\/2021\/05\/Carte-Porteur-F-300x209.jpg 300w, https:\/\/wikicollection.fr\/wp-content\/uploads\/2021\/05\/Carte-Porteur-F-1024x713.jpg 1024w, https:\/\/wikicollection.fr\/wp-content\/uploads\/2021\/05\/Carte-Porteur-F-768x535.jpg 768w, https:\/\/wikicollection.fr\/wp-content\/uploads\/2021\/05\/Carte-Porteur-F-1536x1070.jpg 1536w, https:\/\/wikicollection.fr\/wp-content\/uploads\/2021\/05\/Carte-Porteur-F-2048x1427.jpg 2048w, https:\/\/wikicollection.fr\/wp-content\/uploads\/2021\/05\/Carte-Porteur-F-392x272.jpg 392w, https:\/\/wikicollection.fr\/wp-content\/uploads\/2021\/05\/Carte-Porteur-F-130x90.jpg 130w\" sizes=\"auto, (max-width: 800px) 100vw, 800px\" \/><\/p>\n<p><img loading=\"lazy\" decoding=\"async\" class=\"alignnone wp-image-123534\" src=\"https:\/\/wikicollection.fr\/wp-content\/uploads\/2021\/05\/Carte-Porteur-G-scaled.jpg\" alt=\"\" width=\"800\" height=\"565\" srcset=\"https:\/\/wikicollection.fr\/wp-content\/uploads\/2021\/05\/Carte-Porteur-G-scaled.jpg 2560w, https:\/\/wikicollection.fr\/wp-content\/uploads\/2021\/05\/Carte-Porteur-G-445x314.jpg 445w, https:\/\/wikicollection.fr\/wp-content\/uploads\/2021\/05\/Carte-Porteur-G-300x212.jpg 300w, https:\/\/wikicollection.fr\/wp-content\/uploads\/2021\/05\/Carte-Porteur-G-1024x724.jpg 1024w, https:\/\/wikicollection.fr\/wp-content\/uploads\/2021\/05\/Carte-Porteur-G-768x543.jpg 768w, https:\/\/wikicollection.fr\/wp-content\/uploads\/2021\/05\/Carte-Porteur-G-1536x1085.jpg 1536w, https:\/\/wikicollection.fr\/wp-content\/uploads\/2021\/05\/Carte-Porteur-G-2048x1447.jpg 2048w\" sizes=\"auto, (max-width: 800px) 100vw, 800px\" \/><\/p>\n<p><img loading=\"lazy\" decoding=\"async\" class=\"alignnone wp-image-123535\" src=\"https:\/\/wikicollection.fr\/wp-content\/uploads\/2021\/05\/Carte-Porteur-H-scaled.jpg\" alt=\"\" width=\"800\" height=\"558\" srcset=\"https:\/\/wikicollection.fr\/wp-content\/uploads\/2021\/05\/Carte-Porteur-H-scaled.jpg 2560w, https:\/\/wikicollection.fr\/wp-content\/uploads\/2021\/05\/Carte-Porteur-H-445x310.jpg 445w, https:\/\/wikicollection.fr\/wp-content\/uploads\/2021\/05\/Carte-Porteur-H-300x209.jpg 300w, https:\/\/wikicollection.fr\/wp-content\/uploads\/2021\/05\/Carte-Porteur-H-1024x714.jpg 1024w, https:\/\/wikicollection.fr\/wp-content\/uploads\/2021\/05\/Carte-Porteur-H-768x536.jpg 768w, https:\/\/wikicollection.fr\/wp-content\/uploads\/2021\/05\/Carte-Porteur-H-1536x1072.jpg 1536w, https:\/\/wikicollection.fr\/wp-content\/uploads\/2021\/05\/Carte-Porteur-H-2048x1429.jpg 2048w, https:\/\/wikicollection.fr\/wp-content\/uploads\/2021\/05\/Carte-Porteur-H-392x272.jpg 392w, https:\/\/wikicollection.fr\/wp-content\/uploads\/2021\/05\/Carte-Porteur-H-130x90.jpg 130w\" sizes=\"auto, (max-width: 800px) 100vw, 800px\" \/><\/p>\n<p><img loading=\"lazy\" decoding=\"async\" class=\"alignnone wp-image-123536\" src=\"https:\/\/wikicollection.fr\/wp-content\/uploads\/2021\/05\/Carte-Porteur-I-scaled.jpg\" alt=\"\" width=\"800\" height=\"567\" srcset=\"https:\/\/wikicollection.fr\/wp-content\/uploads\/2021\/05\/Carte-Porteur-I-scaled.jpg 2560w, https:\/\/wikicollection.fr\/wp-content\/uploads\/2021\/05\/Carte-Porteur-I-445x315.jpg 445w, https:\/\/wikicollection.fr\/wp-content\/uploads\/2021\/05\/Carte-Porteur-I-300x212.jpg 300w, https:\/\/wikicollection.fr\/wp-content\/uploads\/2021\/05\/Carte-Porteur-I-1024x725.jpg 1024w, https:\/\/wikicollection.fr\/wp-content\/uploads\/2021\/05\/Carte-Porteur-I-768x544.jpg 768w, https:\/\/wikicollection.fr\/wp-content\/uploads\/2021\/05\/Carte-Porteur-I-1536x1087.jpg 1536w, https:\/\/wikicollection.fr\/wp-content\/uploads\/2021\/05\/Carte-Porteur-I-2048x1449.jpg 2048w\" sizes=\"auto, (max-width: 800px) 100vw, 800px\" \/><\/p>\n<p><img loading=\"lazy\" decoding=\"async\" class=\"alignnone wp-image-123537 size-large\" src=\"https:\/\/wikicollection.fr\/wp-content\/uploads\/2021\/05\/Carte-Porteur-J-1024x717.jpg\" alt=\"\" width=\"800\" height=\"560\" srcset=\"https:\/\/wikicollection.fr\/wp-content\/uploads\/2021\/05\/Carte-Porteur-J-1024x717.jpg 1024w, https:\/\/wikicollection.fr\/wp-content\/uploads\/2021\/05\/Carte-Porteur-J-445x312.jpg 445w, https:\/\/wikicollection.fr\/wp-content\/uploads\/2021\/05\/Carte-Porteur-J-300x210.jpg 300w, https:\/\/wikicollection.fr\/wp-content\/uploads\/2021\/05\/Carte-Porteur-J-768x538.jpg 768w, https:\/\/wikicollection.fr\/wp-content\/uploads\/2021\/05\/Carte-Porteur-J-1536x1076.jpg 1536w, https:\/\/wikicollection.fr\/wp-content\/uploads\/2021\/05\/Carte-Porteur-J-2048x1435.jpg 2048w, https:\/\/wikicollection.fr\/wp-content\/uploads\/2021\/05\/Carte-Porteur-J-130x90.jpg 130w\" sizes=\"auto, (max-width: 800px) 100vw, 800px\" \/><\/p>\n<p><img loading=\"lazy\" decoding=\"async\" class=\"alignnone wp-image-123538 size-large\" src=\"https:\/\/wikicollection.fr\/wp-content\/uploads\/2021\/05\/Carte-Porteur-K-1024x704.jpg\" alt=\"\" width=\"800\" height=\"550\" srcset=\"https:\/\/wikicollection.fr\/wp-content\/uploads\/2021\/05\/Carte-Porteur-K-1024x704.jpg 1024w, https:\/\/wikicollection.fr\/wp-content\/uploads\/2021\/05\/Carte-Porteur-K-445x306.jpg 445w, https:\/\/wikicollection.fr\/wp-content\/uploads\/2021\/05\/Carte-Porteur-K-300x206.jpg 300w, https:\/\/wikicollection.fr\/wp-content\/uploads\/2021\/05\/Carte-Porteur-K-768x528.jpg 768w, https:\/\/wikicollection.fr\/wp-content\/uploads\/2021\/05\/Carte-Porteur-K-1536x1057.jpg 1536w, https:\/\/wikicollection.fr\/wp-content\/uploads\/2021\/05\/Carte-Porteur-K-2048x1409.jpg 2048w, https:\/\/wikicollection.fr\/wp-content\/uploads\/2021\/05\/Carte-Porteur-K-130x90.jpg 130w\" sizes=\"auto, (max-width: 800px) 100vw, 800px\" \/><\/p>\n<p><strong>D\u00e9tail : <\/strong>Monsieur Riesterer venait travailler \u00e0 bicyclette, son carnet comporte deux timbres d&rsquo;imp\u00f4ts sur les v\u00e9locip\u00e8des de 1945 et de 1946 (celui de 1945 est cach\u00e9 sous le premier timbre).<\/p>\n<p>&nbsp;<\/p>\n<h2><strong><em><u>M\u00e9dailles de Porteurs aux Halles et March\u00e9s : carr\u00e9e (ann\u00e9es impaires) et hexagonale ou ovale (ann\u00e9es paires) <\/u><\/em><\/strong><strong><em><u>\u00a0<\/u><\/em><\/strong><\/h2>\n<p>Les m\u00e9dailles comportaient le nom, les initiales des pr\u00e9noms, le num\u00e9ro d&rsquo;immatriculation et le poin\u00e7on au mill\u00e9sime de l&rsquo;ann\u00e9e.<\/p>\n<p><img loading=\"lazy\" decoding=\"async\" class=\"alignnone wp-image-123539 size-large\" src=\"https:\/\/wikicollection.fr\/wp-content\/uploads\/2021\/05\/image023-1-1024x469.jpg\" alt=\"\" width=\"800\" height=\"366\" srcset=\"https:\/\/wikicollection.fr\/wp-content\/uploads\/2021\/05\/image023-1-1024x469.jpg 1024w, https:\/\/wikicollection.fr\/wp-content\/uploads\/2021\/05\/image023-1-445x204.jpg 445w, https:\/\/wikicollection.fr\/wp-content\/uploads\/2021\/05\/image023-1-300x137.jpg 300w, https:\/\/wikicollection.fr\/wp-content\/uploads\/2021\/05\/image023-1-768x352.jpg 768w, https:\/\/wikicollection.fr\/wp-content\/uploads\/2021\/05\/image023-1.jpg 1090w\" sizes=\"auto, (max-width: 800px) 100vw, 800px\" \/><\/p>\n<p>&nbsp;<\/p>\n<h2><strong><em><u>Historique de la r\u00e9glementation du m\u00e9tier de Porteurs aux Halles et March\u00e9s<\/u><\/em><\/strong><\/h2>\n<p><strong>Arr\u00eat\u00e9 du 12 messidor an VIII (1er juillet 1800) qui d\u00e9termine les fonctions du pr\u00e9fet de police \u00e0 Paris (Bull. des Lois S., B. 33, n\u00b0 214)<br \/>\n<\/strong>L&rsquo;article 32 de l&rsquo;arr\u00eat\u00e9 institue dans les fonctions du pr\u00e9fet de police de Paris, la surveillance des portefaix. Extrait : <strong>\u00ab\u00a0<\/strong>Il (le pr\u00e9fet) fera surveiller sp\u00e9cialement les foires, march\u00e9s, halles, places publiques, et les marchands forains, colporteurs, revendeurs, portefaix, commissionnaires\u00a0\u00bb.<\/p>\n<p><strong><a href=\"https:\/\/wikicollection.fr\/wp-content\/uploads\/2021\/05\/Ordonnance-6-mai-1861.pdf\" target=\"_blank\" rel=\"noopener\">Ordonnance du 6 mai 1861 concernant les Porteurs aux Halles et March\u00e9s (Pr\u00e9fecture de Police de Paris)<\/a><br \/>\n<\/strong>Ce texte va d\u00e9tailler la r\u00e9glementation et instituer une permission d&rsquo;exercer sur papier timbr\u00e9 et le syst\u00e8me des 2 m\u00e9dailles. C&rsquo;est cette ordonnance qui a servi de documentation \u00e0 \u00c9mile Zola pour la r\u00e9daction du roman \u00ab\u00a0Le ventre de Paris\u00a0\u00bb.<\/p>\n<p><strong><a href=\"https:\/\/wikicollection.fr\/wp-content\/uploads\/2021\/05\/Ordonnance-1er-fevier-1902-12345-compress.pdf\" target=\"_blank\" rel=\"noopener\">Ordonnance du 1<sup>er<\/sup> f\u00e9vrier 1902 concernant les Porteurs aux Halles et March\u00e9s (Pr\u00e9fecture de Police de Paris)<\/a><br \/>\n<\/strong>La permission sur papier timbr\u00e9 est remplac\u00e9e par le carnet d&rsquo;identit\u00e9 avec autorisation d&rsquo;exercer. Le syst\u00e8me des 2 m\u00e9dailles est maintenu.<\/p>\n","protected":false},"excerpt":{"rendered":"<p>Ce carnet (un duplicata) a \u00e9t\u00e9 d\u00e9livr\u00e9 le 9 novembre 1938. Il comprend, outre les renseignements sur le titulaire, une<\/p>\n","protected":false},"author":326,"featured_media":0,"comment_status":"open","ping_status":"open","sticky":false,"template":"","format":"standard","meta":{"footnotes":""},"categories":[73],"tags":[],"class_list":["post-123525","post","type-post","status-publish","format-standard","hentry","category-cartes-nominatives"],"_links":{"self":[{"href":"https:\/\/wikicollection.fr\/index.php?rest_route=\/wp\/v2\/posts\/123525","targetHints":{"allow":["GET"]}}],"collection":[{"href":"https:\/\/wikicollection.fr\/index.php?rest_route=\/wp\/v2\/posts"}],"about":[{"href":"https:\/\/wikicollection.fr\/index.php?rest_route=\/wp\/v2\/types\/post"}],"author":[{"embeddable":true,"href":"https:\/\/wikicollection.fr\/index.php?rest_route=\/wp\/v2\/users\/326"}],"replies":[{"embeddable":true,"href":"https:\/\/wikicollection.fr\/index.php?rest_route=%2Fwp%2Fv2%2Fcomments&post=123525"}],"version-history":[{"count":8,"href":"https:\/\/wikicollection.fr\/index.php?rest_route=\/wp\/v2\/posts\/123525\/revisions"}],"predecessor-version":[{"id":123675,"href":"https:\/\/wikicollection.fr\/index.php?rest_route=\/wp\/v2\/posts\/123525\/revisions\/123675"}],"wp:attachment":[{"href":"https:\/\/wikicollection.fr\/index.php?rest_route=%2Fwp%2Fv2%2Fmedia&parent=123525"}],"wp:term":[{"taxonomy":"category","embeddable":true,"href":"https:\/\/wikicollection.fr\/index.php?rest_route=%2Fwp%2Fv2%2Fcategories&post=123525"},{"taxonomy":"post_tag","embeddable":true,"href":"https:\/\/wikicollection.fr\/index.php?rest_route=%2Fwp%2Fv2%2Ftags&post=123525"}],"curies":[{"name":"wp","href":"https:\/\/api.w.org\/{rel}","templated":true}]}}