{"id":123346,"date":"2021-05-04T10:08:39","date_gmt":"2021-05-04T09:08:39","guid":{"rendered":"https:\/\/wikicollection.fr\/?p=123346"},"modified":"2021-06-19T20:53:31","modified_gmt":"2021-06-19T19:53:31","slug":"cartes-nominatives-conduite-des-vehicules-automobiles-militaires-certificat-de-capacite-permis-militaire-brevet-militaire","status":"publish","type":"post","link":"https:\/\/wikicollection.fr\/?p=123346","title":{"rendered":"Cartes nominatives \u2013 Conduite des v\u00e9hicules automobiles militaires : Certificat de capacit\u00e9, permis militaire &#038; brevet militaire"},"content":{"rendered":"<p><a class=\"macoll bleu\" href=\"?page_id=10005\"><img src=http:\/\/www.wikicollection.fr\/wp-includes\/images\/ajout.jpg>Suivre cette page<\/a><br><br><br \/>\nQuatre mod\u00e8les de documents justifiant la capacit\u00e9 de conduite des v\u00e9hicules automobiles militaires ont \u00e9t\u00e9 cr\u00e9\u00e9s respectivement en 1915, 1921, 1923 &amp; 1954.<\/p>\n<h2><strong><u>1915 : D\u00e9cret du 20 juin<\/u><\/strong><\/h2>\n<p>Un certificat de capacit\u00e9 est cr\u00e9\u00e9 pour la dur\u00e9e de la guerre, en faveur des hommes mobilis\u00e9s, sur le mod\u00e8le de celui du d\u00e9cret du 10 mars 1899 pour les civils. Le nom de brevet sp\u00e9cial appara\u00eet dans le d\u00e9cret mais le document a pour nom \u00ab\u00a0certificat de capacit\u00e9\u00a0\u00bb.<br \/>\n<img loading=\"lazy\" decoding=\"async\" class=\"alignnone wp-image-123347 size-large\" src=\"https:\/\/wikicollection.fr\/wp-content\/uploads\/2021\/05\/image001-1024x606.jpg\" alt=\"\" width=\"800\" height=\"473\" srcset=\"https:\/\/wikicollection.fr\/wp-content\/uploads\/2021\/05\/image001-1024x606.jpg 1024w, https:\/\/wikicollection.fr\/wp-content\/uploads\/2021\/05\/image001-445x263.jpg 445w, https:\/\/wikicollection.fr\/wp-content\/uploads\/2021\/05\/image001-300x178.jpg 300w, https:\/\/wikicollection.fr\/wp-content\/uploads\/2021\/05\/image001-768x455.jpg 768w, https:\/\/wikicollection.fr\/wp-content\/uploads\/2021\/05\/image001.jpg 1216w\" sizes=\"auto, (max-width: 800px) 100vw, 800px\" \/><\/p>\n<p>&nbsp;<\/p>\n<p><strong>Certificat de capacit\u00e9 pour les militaires &#8211; Aux arm\u00e9es le 25 septembre 1917<br \/>\n<img loading=\"lazy\" decoding=\"async\" class=\"alignnone wp-image-123348 size-large\" src=\"https:\/\/wikicollection.fr\/wp-content\/uploads\/2021\/05\/image003-1024x676.jpg\" alt=\"\" width=\"800\" height=\"528\" srcset=\"https:\/\/wikicollection.fr\/wp-content\/uploads\/2021\/05\/image003-1024x676.jpg 1024w, https:\/\/wikicollection.fr\/wp-content\/uploads\/2021\/05\/image003-445x294.jpg 445w, https:\/\/wikicollection.fr\/wp-content\/uploads\/2021\/05\/image003-300x198.jpg 300w, https:\/\/wikicollection.fr\/wp-content\/uploads\/2021\/05\/image003-768x507.jpg 768w, https:\/\/wikicollection.fr\/wp-content\/uploads\/2021\/05\/image003-1536x1014.jpg 1536w, https:\/\/wikicollection.fr\/wp-content\/uploads\/2021\/05\/image003-2048x1352.jpg 2048w\" sizes=\"auto, (max-width: 800px) 100vw, 800px\" \/><\/strong><\/p>\n<p>&nbsp;<\/p>\n<p><strong>Certificat de capacit\u00e9 pour les militaires &#8211; Fontainebleau le 1<sup>er<\/sup> janvier 1921<br \/>\n<img loading=\"lazy\" decoding=\"async\" class=\"alignnone wp-image-123352 size-large\" src=\"https:\/\/wikicollection.fr\/wp-content\/uploads\/2021\/05\/image033-1024x675.jpg\" alt=\"\" width=\"800\" height=\"527\" srcset=\"https:\/\/wikicollection.fr\/wp-content\/uploads\/2021\/05\/image033-1024x675.jpg 1024w, https:\/\/wikicollection.fr\/wp-content\/uploads\/2021\/05\/image033-445x293.jpg 445w, https:\/\/wikicollection.fr\/wp-content\/uploads\/2021\/05\/image033-300x198.jpg 300w, https:\/\/wikicollection.fr\/wp-content\/uploads\/2021\/05\/image033-768x506.jpg 768w, https:\/\/wikicollection.fr\/wp-content\/uploads\/2021\/05\/image033-1536x1013.jpg 1536w, https:\/\/wikicollection.fr\/wp-content\/uploads\/2021\/05\/image033-2048x1350.jpg 2048w\" sizes=\"auto, (max-width: 800px) 100vw, 800px\" \/><\/strong><\/p>\n<p>&nbsp;<\/p>\n<p><strong>Certificat de capacit\u00e9 pour les civils du 28 f\u00e9vrier 1917 (\u00e0 titre de comparaison)<br \/>\n<\/strong>C&rsquo;est le d\u00e9cret du 10 mars 1899 qui institue ce certificat de capacit\u00e9 obligatoire pour conduire une automobile (article 11). Il a servi de mod\u00e8le au premier certificat de capacit\u00e9 valable pour la conduite des v\u00e9hicules militaires.<br \/>\n<img loading=\"lazy\" decoding=\"async\" class=\"alignnone wp-image-123349 size-large\" src=\"https:\/\/wikicollection.fr\/wp-content\/uploads\/2021\/05\/image007-1024x641.jpg\" alt=\"\" width=\"800\" height=\"501\" srcset=\"https:\/\/wikicollection.fr\/wp-content\/uploads\/2021\/05\/image007-1024x641.jpg 1024w, https:\/\/wikicollection.fr\/wp-content\/uploads\/2021\/05\/image007-445x278.jpg 445w, https:\/\/wikicollection.fr\/wp-content\/uploads\/2021\/05\/image007-300x188.jpg 300w, https:\/\/wikicollection.fr\/wp-content\/uploads\/2021\/05\/image007-768x480.jpg 768w, https:\/\/wikicollection.fr\/wp-content\/uploads\/2021\/05\/image007-1536x961.jpg 1536w, https:\/\/wikicollection.fr\/wp-content\/uploads\/2021\/05\/image007-2048x1281.jpg 2048w\" sizes=\"auto, (max-width: 800px) 100vw, 800px\" \/><\/p>\n<p>&nbsp;<\/p>\n<p>Le certificat de 1917 est valable pour la dur\u00e9e de la guerre.<br \/>\n<img loading=\"lazy\" decoding=\"async\" class=\"alignnone wp-image-123350\" src=\"https:\/\/wikicollection.fr\/wp-content\/uploads\/2021\/05\/image009-1024x682.jpg\" alt=\"\" width=\"599\" height=\"399\" srcset=\"https:\/\/wikicollection.fr\/wp-content\/uploads\/2021\/05\/image009-1024x682.jpg 1024w, https:\/\/wikicollection.fr\/wp-content\/uploads\/2021\/05\/image009-445x296.jpg 445w, https:\/\/wikicollection.fr\/wp-content\/uploads\/2021\/05\/image009-300x200.jpg 300w, https:\/\/wikicollection.fr\/wp-content\/uploads\/2021\/05\/image009-768x511.jpg 768w, https:\/\/wikicollection.fr\/wp-content\/uploads\/2021\/05\/image009.jpg 1386w\" sizes=\"auto, (max-width: 599px) 100vw, 599px\" \/><\/p>\n<p>&nbsp;<\/p>\n<p>Le certificat de 1921 (avec une \u00e9tiquette) est valable pour le temps de pr\u00e9sence sous les drapeaux.<br \/>\n<img loading=\"lazy\" decoding=\"async\" class=\"alignnone wp-image-123351\" src=\"https:\/\/wikicollection.fr\/wp-content\/uploads\/2021\/05\/image011.jpg\" alt=\"\" width=\"600\" height=\"397\" srcset=\"https:\/\/wikicollection.fr\/wp-content\/uploads\/2021\/05\/image011.jpg 772w, https:\/\/wikicollection.fr\/wp-content\/uploads\/2021\/05\/image011-445x295.jpg 445w, https:\/\/wikicollection.fr\/wp-content\/uploads\/2021\/05\/image011-300x199.jpg 300w, https:\/\/wikicollection.fr\/wp-content\/uploads\/2021\/05\/image011-768x508.jpg 768w\" sizes=\"auto, (max-width: 600px) 100vw, 600px\" \/><\/p>\n<p>&nbsp;<\/p>\n<h2><strong><u>1921 : D\u00e9cret du 26 mars, d\u00e9cret du 27 mai &amp; arr\u00eat\u00e9 du 29 novembre<\/u><\/strong><\/h2>\n<p><strong>D\u00e9cret du 26 mars 1921<br \/>\n<\/strong>Un brevet sp\u00e9cial constatant l&rsquo;aptitude \u00e0 conduire les v\u00e9hicules militaires est cr\u00e9\u00e9 le 26 mars 1921 (le nom \u00ab\u00a0certificat de capacit\u00e9\u00a0\u00bb est cit\u00e9 \u00e9galement dans le d\u00e9cret).<br \/>\n<img loading=\"lazy\" decoding=\"async\" class=\"alignnone wp-image-123355 size-large\" src=\"https:\/\/wikicollection.fr\/wp-content\/uploads\/2021\/05\/image013-1024x462.jpg\" alt=\"\" width=\"800\" height=\"361\" srcset=\"https:\/\/wikicollection.fr\/wp-content\/uploads\/2021\/05\/image013-1024x462.jpg 1024w, https:\/\/wikicollection.fr\/wp-content\/uploads\/2021\/05\/image013-445x201.jpg 445w, https:\/\/wikicollection.fr\/wp-content\/uploads\/2021\/05\/image013-300x135.jpg 300w, https:\/\/wikicollection.fr\/wp-content\/uploads\/2021\/05\/image013-768x346.jpg 768w, https:\/\/wikicollection.fr\/wp-content\/uploads\/2021\/05\/image013.jpg 1173w\" sizes=\"auto, (max-width: 800px) 100vw, 800px\" \/><\/p>\n<p>&nbsp;<\/p>\n<p><strong>Mod\u00e8le du permis annex\u00e9 \u00e0 l&rsquo;arr\u00eat\u00e9 du 29 novembre 1921<br \/>\n<\/strong>L&rsquo;article 1<sup>er<\/sup> de l&rsquo;arr\u00eat\u00e9 parle de \u00ab\u00a0brevet de capacit\u00e9 militaire (permis verts)\u00a0\u00bb mais le document s&rsquo;appelle encore \u00ab\u00a0certificat de capacit\u00e9\u00a0\u00bb. Ce type de brevet n&rsquo;a pas dur\u00e9 longtemps (environ 2 ans).<br \/>\n<img loading=\"lazy\" decoding=\"async\" class=\"alignnone wp-image-123356 size-large\" src=\"https:\/\/wikicollection.fr\/wp-content\/uploads\/2021\/05\/image015-1024x444.jpg\" alt=\"\" width=\"800\" height=\"347\" srcset=\"https:\/\/wikicollection.fr\/wp-content\/uploads\/2021\/05\/image015-1024x444.jpg 1024w, https:\/\/wikicollection.fr\/wp-content\/uploads\/2021\/05\/image015-445x193.jpg 445w, https:\/\/wikicollection.fr\/wp-content\/uploads\/2021\/05\/image015-300x130.jpg 300w, https:\/\/wikicollection.fr\/wp-content\/uploads\/2021\/05\/image015-768x333.jpg 768w, https:\/\/wikicollection.fr\/wp-content\/uploads\/2021\/05\/image015-1536x666.jpg 1536w, https:\/\/wikicollection.fr\/wp-content\/uploads\/2021\/05\/image015-2048x888.jpg 2048w\" sizes=\"auto, (max-width: 800px) 100vw, 800px\" \/><\/p>\n<p>&nbsp;<\/p>\n<p><strong>Certificat de capacit\u00e9 pour les militaires &#8211;\u00a0 4\u00e8me division de cavalerie le 10 septembre 1922<br \/>\n<\/strong><strong><img loading=\"lazy\" decoding=\"async\" class=\"alignnone wp-image-123689 size-large\" src=\"https:\/\/wikicollection.fr\/wp-content\/uploads\/2021\/05\/Militaire-1921-BH-RV-1024x682.jpg\" alt=\"\" width=\"800\" height=\"533\" srcset=\"https:\/\/wikicollection.fr\/wp-content\/uploads\/2021\/05\/Militaire-1921-BH-RV-1024x682.jpg 1024w, https:\/\/wikicollection.fr\/wp-content\/uploads\/2021\/05\/Militaire-1921-BH-RV-445x297.jpg 445w, https:\/\/wikicollection.fr\/wp-content\/uploads\/2021\/05\/Militaire-1921-BH-RV-300x200.jpg 300w, https:\/\/wikicollection.fr\/wp-content\/uploads\/2021\/05\/Militaire-1921-BH-RV-768x512.jpg 768w, https:\/\/wikicollection.fr\/wp-content\/uploads\/2021\/05\/Militaire-1921-BH-RV-1536x1023.jpg 1536w, https:\/\/wikicollection.fr\/wp-content\/uploads\/2021\/05\/Militaire-1921-BH-RV-2048x1365.jpg 2048w\" sizes=\"auto, (max-width: 800px) 100vw, 800px\" \/><\/strong><\/p>\n<p>&nbsp;<\/p>\n<p><strong>Le certificat de 1922 est valable pour le temps de pr\u00e9sence sous les drapeaux (comme le mod\u00e8le de 1915 avec \u00e9tiquette).<\/strong><br \/>\n<strong><img loading=\"lazy\" decoding=\"async\" class=\"alignnone wp-image-123690\" src=\"https:\/\/wikicollection.fr\/wp-content\/uploads\/2021\/05\/Militaire-1921-nota-1.jpg\" alt=\"\" width=\"600\" height=\"398\" srcset=\"https:\/\/wikicollection.fr\/wp-content\/uploads\/2021\/05\/Militaire-1921-nota-1.jpg 646w, https:\/\/wikicollection.fr\/wp-content\/uploads\/2021\/05\/Militaire-1921-nota-1-445x295.jpg 445w, https:\/\/wikicollection.fr\/wp-content\/uploads\/2021\/05\/Militaire-1921-nota-1-300x199.jpg 300w\" sizes=\"auto, (max-width: 600px) 100vw, 600px\" \/><br \/>\n<\/strong><\/p>\n<p>&nbsp;<\/p>\n<h2><strong><u>1923 : Arr\u00eat\u00e9 du 17 octobre &amp; arr\u00eat\u00e9 du 30 juin 1928<br \/>\n<\/u><\/strong><\/h2>\n<p>Cet arr\u00eat\u00e9 est sign\u00e9 conjointement par le ministre de la guerre et des pensions et le ministre de la marine. Il repr\u00e9cise les points suivants :<br \/>\n&#8211; La conduite des v\u00e9hicules automobiles des formations de l&rsquo;arm\u00e9e et de la marine est exclusivement confi\u00e9e, sur la voie publique, aux militaires et marins titulaires d&rsquo;un permis de conduire civil ou d&rsquo;un brevet de capacit\u00e9 militaire.<br \/>\n&#8211; Le programme de l&rsquo;examen comprend une partie th\u00e9orique et une partie pratique (diff\u00e9rentes selon la cat\u00e9gorie du v\u00e9hicule).<br \/>\n&#8211; Les modalit\u00e9s de conversion en permis civil sont d\u00e9taill\u00e9es.<br \/>\n&#8211; Un mod\u00e8le de permis est annex\u00e9 \u00e0 l&rsquo;arr\u00eat\u00e9 (ce permis s&rsquo;appelle toujours \u00ab\u00a0certificat de capacit\u00e9\u00a0\u00bb).<\/p>\n<p>&nbsp;<\/p>\n<p><strong>Permis vert mod\u00e8le 787 modifi\u00e9 fourni par le magasin central automobile.<br \/>\n<img loading=\"lazy\" decoding=\"async\" class=\"alignnone wp-image-123357 size-large\" src=\"https:\/\/wikicollection.fr\/wp-content\/uploads\/2021\/05\/image017-1024x907.jpg\" alt=\"\" width=\"800\" height=\"709\" srcset=\"https:\/\/wikicollection.fr\/wp-content\/uploads\/2021\/05\/image017-1024x907.jpg 1024w, https:\/\/wikicollection.fr\/wp-content\/uploads\/2021\/05\/image017-445x394.jpg 445w, https:\/\/wikicollection.fr\/wp-content\/uploads\/2021\/05\/image017-300x266.jpg 300w, https:\/\/wikicollection.fr\/wp-content\/uploads\/2021\/05\/image017-768x680.jpg 768w, https:\/\/wikicollection.fr\/wp-content\/uploads\/2021\/05\/image017-1536x1360.jpg 1536w, https:\/\/wikicollection.fr\/wp-content\/uploads\/2021\/05\/image017-2048x1814.jpg 2048w\" sizes=\"auto, (max-width: 800px) 100vw, 800px\" \/><br \/>\n<\/strong><\/p>\n<p>&nbsp;<\/p>\n<p><strong>\u00a0L\u2019arr\u00eat\u00e9 du 30 juin 1928<\/strong> modifie l&rsquo;arr\u00eat\u00e9 commun aux minist\u00e8res de la guerre et de la marine du 17 octobre 1923 sur quelques points. En particulier, pour \u00e9viter les d\u00e9nominations multiples et vari\u00e9es, l&rsquo;intitul\u00e9 est standardis\u00e9. Les mots : <strong><em>\u00ab\u00a0permis de conduire, brevet de capacit\u00e9 militaire, certificat de capacit\u00e9\u00a0\u00bb<\/em><\/strong>, employ\u00e9s dans le texte de l&rsquo;arr\u00eat\u00e9 du 17 octobre 1923, devront \u00eatre remplac\u00e9s par 1es mots : \u00ab\u00a0<strong><em>brevet militaire valable pour la conduite des v\u00e9hicules automobiles de l&rsquo;arm\u00e9e ou de la marine<\/em><\/strong>\u00ab\u00a0. Nous verrons par la suite que l&rsquo;arr\u00eat\u00e9 n&rsquo;a pas toujours \u00e9t\u00e9 suivi \u00e0 la lettre.<\/p>\n<p><strong>Brevet militaire recto verso sur le mod\u00e8le de l&rsquo;arr\u00eat\u00e9 du 17 octobre 1923 modifi\u00e9 par celui du 30 juin 1928<br \/>\n<img loading=\"lazy\" decoding=\"async\" class=\"alignnone wp-image-123358 size-large\" src=\"https:\/\/wikicollection.fr\/wp-content\/uploads\/2021\/05\/image019-1024x665.jpg\" alt=\"\" width=\"800\" height=\"520\" srcset=\"https:\/\/wikicollection.fr\/wp-content\/uploads\/2021\/05\/image019-1024x665.jpg 1024w, https:\/\/wikicollection.fr\/wp-content\/uploads\/2021\/05\/image019-445x289.jpg 445w, https:\/\/wikicollection.fr\/wp-content\/uploads\/2021\/05\/image019-300x195.jpg 300w, https:\/\/wikicollection.fr\/wp-content\/uploads\/2021\/05\/image019-768x498.jpg 768w, https:\/\/wikicollection.fr\/wp-content\/uploads\/2021\/05\/image019-1536x997.jpg 1536w, https:\/\/wikicollection.fr\/wp-content\/uploads\/2021\/05\/image019-2048x1329.jpg 2048w\" sizes=\"auto, (max-width: 800px) 100vw, 800px\" \/><\/strong><\/p>\n<p>&nbsp;<\/p>\n<p><strong>Certificat de capacit\u00e9 du 4 mars 1926 (cr\u00e9\u00e9 avant les modifications de l&rsquo;arr\u00eat\u00e9 du 30 juin 1928)<br \/>\n<img loading=\"lazy\" decoding=\"async\" class=\"alignnone wp-image-123359 \" src=\"https:\/\/wikicollection.fr\/wp-content\/uploads\/2021\/05\/image021-1024x663.jpg\" alt=\"\" width=\"605\" height=\"392\" srcset=\"https:\/\/wikicollection.fr\/wp-content\/uploads\/2021\/05\/image021-1024x663.jpg 1024w, https:\/\/wikicollection.fr\/wp-content\/uploads\/2021\/05\/image021-445x288.jpg 445w, https:\/\/wikicollection.fr\/wp-content\/uploads\/2021\/05\/image021-300x194.jpg 300w, https:\/\/wikicollection.fr\/wp-content\/uploads\/2021\/05\/image021-768x497.jpg 768w, https:\/\/wikicollection.fr\/wp-content\/uploads\/2021\/05\/image021.jpg 1483w\" sizes=\"auto, (max-width: 605px) 100vw, 605px\" \/><\/strong><\/p>\n<p>&nbsp;<\/p>\n<p><strong>Permis militaire du 12 mai 1961 (ce document aurait d\u00fb s&rsquo;intituler \u00ab\u00a0Brevet\u00a0\u00bb)<br \/>\n<img loading=\"lazy\" decoding=\"async\" class=\"alignnone wp-image-123362 \" src=\"https:\/\/wikicollection.fr\/wp-content\/uploads\/2021\/05\/image023-e1620074980216-1024x705.jpg\" alt=\"\" width=\"601\" height=\"413\" srcset=\"https:\/\/wikicollection.fr\/wp-content\/uploads\/2021\/05\/image023-e1620074980216-1024x705.jpg 1024w, https:\/\/wikicollection.fr\/wp-content\/uploads\/2021\/05\/image023-e1620074980216-445x306.jpg 445w, https:\/\/wikicollection.fr\/wp-content\/uploads\/2021\/05\/image023-e1620074980216-300x206.jpg 300w, https:\/\/wikicollection.fr\/wp-content\/uploads\/2021\/05\/image023-e1620074980216-768x528.jpg 768w, https:\/\/wikicollection.fr\/wp-content\/uploads\/2021\/05\/image023-e1620074980216-130x90.jpg 130w, https:\/\/wikicollection.fr\/wp-content\/uploads\/2021\/05\/image023-e1620074980216.jpg 1414w\" sizes=\"auto, (max-width: 601px) 100vw, 601px\" \/><br \/>\n<\/strong><\/p>\n<p>&nbsp;<\/p>\n<p><strong>Brevet militaire du 23 novembre 1960<br \/>\n<img loading=\"lazy\" decoding=\"async\" class=\"alignnone wp-image-123361 \" src=\"https:\/\/wikicollection.fr\/wp-content\/uploads\/2021\/05\/image025-e1620075148895-1024x706.jpg\" alt=\"\" width=\"603\" height=\"415\" srcset=\"https:\/\/wikicollection.fr\/wp-content\/uploads\/2021\/05\/image025-e1620075148895-1024x706.jpg 1024w, https:\/\/wikicollection.fr\/wp-content\/uploads\/2021\/05\/image025-e1620075148895-445x307.jpg 445w, https:\/\/wikicollection.fr\/wp-content\/uploads\/2021\/05\/image025-e1620075148895-300x207.jpg 300w, https:\/\/wikicollection.fr\/wp-content\/uploads\/2021\/05\/image025-e1620075148895-768x530.jpg 768w, https:\/\/wikicollection.fr\/wp-content\/uploads\/2021\/05\/image025-e1620075148895-1536x1059.jpg 1536w, https:\/\/wikicollection.fr\/wp-content\/uploads\/2021\/05\/image025-e1620075148895-130x90.jpg 130w, https:\/\/wikicollection.fr\/wp-content\/uploads\/2021\/05\/image025-e1620075148895.jpg 1607w\" sizes=\"auto, (max-width: 603px) 100vw, 603px\" \/><\/strong><\/p>\n<p>&nbsp;<\/p>\n<p>Les dates de d\u00e9cret sont parfois erron\u00e9es : 6 mars 1921, 20 mars 1921 ou 26 mars 1922 (au lieu de 26 mars 1921)<br \/>\n<img loading=\"lazy\" decoding=\"async\" class=\"alignnone wp-image-123363\" src=\"https:\/\/wikicollection.fr\/wp-content\/uploads\/2021\/05\/image027.jpg\" alt=\"\" width=\"770\" height=\"294\" srcset=\"https:\/\/wikicollection.fr\/wp-content\/uploads\/2021\/05\/image027.jpg 1236w, https:\/\/wikicollection.fr\/wp-content\/uploads\/2021\/05\/image027-445x170.jpg 445w, https:\/\/wikicollection.fr\/wp-content\/uploads\/2021\/05\/image027-300x115.jpg 300w, https:\/\/wikicollection.fr\/wp-content\/uploads\/2021\/05\/image027-1024x391.jpg 1024w, https:\/\/wikicollection.fr\/wp-content\/uploads\/2021\/05\/image027-768x293.jpg 768w\" sizes=\"auto, (max-width: 770px) 100vw, 770px\" \/><\/p>\n<p>&nbsp;<\/p>\n<h2><strong><u>1954 : D\u00e9cret 54-724 du 10 juillet &amp; arr\u00eat\u00e9 du 21 juillet<\/u><\/strong><\/h2>\n<p>Le d\u00e9cret pr\u00e9cise le r\u00e8glement g\u00e9n\u00e9ral de la circulation routi\u00e8re, la circulation des v\u00e9hicules militaires y est \u00e9galement d\u00e9taill\u00e9e.<br \/>\nL&rsquo;arr\u00eat\u00e9 formalise les conditions d&rsquo;\u00e9tablissement, de d\u00e9livrance et de validit\u00e9 des permis de conduire civil. Un article est consacr\u00e9 \u00e0 la conversion du brevet militaire en permis civil.<\/p>\n<p><strong>Brevet militaire du 6 avril 1961 &#8211; D\u00e9fense Nationale &#8211; Arm\u00e9es de Terre, de l&rsquo;Air et de Mer &#8211; Cat\u00e9gorie \u00ab\u00a0B\u00a0\u00bb<br \/>\n<\/strong><img loading=\"lazy\" decoding=\"async\" class=\"alignnone wp-image-123364 \" src=\"https:\/\/wikicollection.fr\/wp-content\/uploads\/2021\/05\/image029-e1620075554732-1024x668.jpg\" alt=\"\" width=\"605\" height=\"395\" srcset=\"https:\/\/wikicollection.fr\/wp-content\/uploads\/2021\/05\/image029-e1620075554732-1024x668.jpg 1024w, https:\/\/wikicollection.fr\/wp-content\/uploads\/2021\/05\/image029-e1620075554732-445x290.jpg 445w, https:\/\/wikicollection.fr\/wp-content\/uploads\/2021\/05\/image029-e1620075554732-300x196.jpg 300w, https:\/\/wikicollection.fr\/wp-content\/uploads\/2021\/05\/image029-e1620075554732-768x501.jpg 768w, https:\/\/wikicollection.fr\/wp-content\/uploads\/2021\/05\/image029-e1620075554732-1536x1002.jpg 1536w, https:\/\/wikicollection.fr\/wp-content\/uploads\/2021\/05\/image029-e1620075554732.jpg 1625w\" sizes=\"auto, (max-width: 605px) 100vw, 605px\" \/><\/p>\n<p>&nbsp;<\/p>\n<p><strong>Brevet militaire du 27 ao\u00fbt 1963 &#8211; D\u00e9fense Nationale &#8211; Arm\u00e9es de Terre, de l&rsquo;Air et de Mer &#8211; Cat\u00e9gorie \u00ab\u00a0B\u00a0\u00bb<br \/>\n<\/strong><strong>\u00a0<img loading=\"lazy\" decoding=\"async\" class=\"alignnone wp-image-123365\" src=\"https:\/\/wikicollection.fr\/wp-content\/uploads\/2021\/05\/image031-e1620075333256.jpg\" alt=\"\" width=\"603\" height=\"417\" srcset=\"https:\/\/wikicollection.fr\/wp-content\/uploads\/2021\/05\/image031-e1620075333256.jpg 806w, https:\/\/wikicollection.fr\/wp-content\/uploads\/2021\/05\/image031-e1620075333256-445x308.jpg 445w, https:\/\/wikicollection.fr\/wp-content\/uploads\/2021\/05\/image031-e1620075333256-300x207.jpg 300w, https:\/\/wikicollection.fr\/wp-content\/uploads\/2021\/05\/image031-e1620075333256-768x531.jpg 768w, https:\/\/wikicollection.fr\/wp-content\/uploads\/2021\/05\/image031-e1620075333256-392x272.jpg 392w, https:\/\/wikicollection.fr\/wp-content\/uploads\/2021\/05\/image031-e1620075333256-130x90.jpg 130w\" sizes=\"auto, (max-width: 603px) 100vw, 603px\" \/><br \/>\n<\/strong><\/p>\n<p>Un grand merci \u00e0 Daniel Genet pour la fourniture de documents et de photos.<\/p>\n<p>&nbsp;<\/p>\n<blockquote class=\"wp-embedded-content\" data-secret=\"Mb7MY7buiq\"><p><a href=\"https:\/\/wikicollection.fr\/?p=123487\">Cartes nominatives \u2013 Demande de Permis de conduire et conversion du Brevet militaire<\/a><\/p><\/blockquote>\n<p><iframe loading=\"lazy\" class=\"wp-embedded-content\" sandbox=\"allow-scripts\" security=\"restricted\" style=\"position: absolute; clip: rect(1px, 1px, 1px, 1px);\" title=\"\u00ab\u00a0Cartes nominatives \u2013 Demande de Permis de conduire et conversion du Brevet militaire\u00a0\u00bb &#8212; Wikicollection - Gestion et partage de sa collection en ligne\" src=\"https:\/\/wikicollection.fr\/?p=123487&#038;embed=true#?secret=Mb7MY7buiq\" data-secret=\"Mb7MY7buiq\" width=\"600\" height=\"338\" frameborder=\"0\" marginwidth=\"0\" marginheight=\"0\" scrolling=\"no\"><\/iframe><\/p>\n<blockquote class=\"wp-embedded-content\" data-secret=\"KDTd6rlkHs\"><p><a href=\"https:\/\/wikicollection.fr\/?p=122455\">Histoire de la &#8220;Carte Rose&#8221; \u2013 Les certificats de capacit\u00e9 et permis de conduire de 1888 \u00e0 2013<\/a><\/p><\/blockquote>\n<p><iframe loading=\"lazy\" class=\"wp-embedded-content\" sandbox=\"allow-scripts\" security=\"restricted\" style=\"position: absolute; clip: rect(1px, 1px, 1px, 1px);\" title=\"\u00ab\u00a0Histoire de la &#8220;Carte Rose&#8221; \u2013 Les certificats de capacit\u00e9 et permis de conduire de 1888 \u00e0 2013\u00a0\u00bb &#8212; Wikicollection - Gestion et partage de sa collection en ligne\" src=\"https:\/\/wikicollection.fr\/?p=122455&#038;embed=true#?secret=KDTd6rlkHs\" data-secret=\"KDTd6rlkHs\" width=\"600\" height=\"338\" frameborder=\"0\" marginwidth=\"0\" marginheight=\"0\" scrolling=\"no\"><\/iframe><\/p>\n","protected":false},"excerpt":{"rendered":"<p>Quatre mod\u00e8les de documents justifiant la capacit\u00e9 de conduite des v\u00e9hicules automobiles militaires ont \u00e9t\u00e9 cr\u00e9\u00e9s respectivement en 1915, 1921,<\/p>\n","protected":false},"author":326,"featured_media":0,"comment_status":"open","ping_status":"open","sticky":false,"template":"","format":"standard","meta":{"footnotes":""},"categories":[73],"tags":[],"class_list":["post-123346","post","type-post","status-publish","format-standard","hentry","category-cartes-nominatives"],"_links":{"self":[{"href":"https:\/\/wikicollection.fr\/index.php?rest_route=\/wp\/v2\/posts\/123346","targetHints":{"allow":["GET"]}}],"collection":[{"href":"https:\/\/wikicollection.fr\/index.php?rest_route=\/wp\/v2\/posts"}],"about":[{"href":"https:\/\/wikicollection.fr\/index.php?rest_route=\/wp\/v2\/types\/post"}],"author":[{"embeddable":true,"href":"https:\/\/wikicollection.fr\/index.php?rest_route=\/wp\/v2\/users\/326"}],"replies":[{"embeddable":true,"href":"https:\/\/wikicollection.fr\/index.php?rest_route=%2Fwp%2Fv2%2Fcomments&post=123346"}],"version-history":[{"count":13,"href":"https:\/\/wikicollection.fr\/index.php?rest_route=\/wp\/v2\/posts\/123346\/revisions"}],"predecessor-version":[{"id":123486,"href":"https:\/\/wikicollection.fr\/index.php?rest_route=\/wp\/v2\/posts\/123346\/revisions\/123486"}],"wp:attachment":[{"href":"https:\/\/wikicollection.fr\/index.php?rest_route=%2Fwp%2Fv2%2Fmedia&parent=123346"}],"wp:term":[{"taxonomy":"category","embeddable":true,"href":"https:\/\/wikicollection.fr\/index.php?rest_route=%2Fwp%2Fv2%2Fcategories&post=123346"},{"taxonomy":"post_tag","embeddable":true,"href":"https:\/\/wikicollection.fr\/index.php?rest_route=%2Fwp%2Fv2%2Ftags&post=123346"}],"curies":[{"name":"wp","href":"https:\/\/api.w.org\/{rel}","templated":true}]}}