{"id":121593,"date":"2021-01-10T00:33:49","date_gmt":"2021-01-09T23:33:49","guid":{"rendered":"https:\/\/wikicollection.fr\/?p=121593"},"modified":"2021-05-15T16:54:15","modified_gmt":"2021-05-15T15:54:15","slug":"cartes-didentite-evolution-des-modeles-et-de-la-fiscalite-de-1921-a-1987-droit-de-timbre-de-15-francs","status":"publish","type":"post","link":"https:\/\/wikicollection.fr\/?p=121593","title":{"rendered":"Cartes d&rsquo;identit\u00e9 \u2013 \u00c9volution des mod\u00e8les et de la fiscalit\u00e9 de 1921 \u00e0 1987 \/ Droit de\u00a0 timbre de 15 francs"},"content":{"rendered":"<a class=\"macoll bleu\" href=\"http:\/\/www.wikicollection.fr\/?p=121244\"><img src=http:\/\/www.wikicollection.fr\/wp-includes\/images\/retour.jpg>Aller au sommaire<\/a><br><a class=\"macoll bleu\" href=\"?page_id=10005\"><img src=http:\/\/www.wikicollection.fr\/wp-includes\/images\/ajout.jpg>Suivre cette page<\/a><br><br>\n<ul>\n<li><a href=\"https:\/\/wikicollection.fr\/?p=121580\">Les documents pr\u00e9curseurs de la carte d\u2019identit\u00e9<\/a><\/li>\n<li><a href=\"https:\/\/wikicollection.fr\/?p=121583\">Droit de\u00a0 timbre de 4 francs \/ Janvier 1922 (Loi du 29 avril 1921 &amp; D\u00e9cret du 31 d\u00e9cembre 1921)<\/a><\/li>\n<li><a href=\"https:\/\/wikicollection.fr\/?p=121586\">Droit de\u00a0 timbre de 4,80 francs (soit 2 d\u00e9cimes en sus) \/ Mars 1924 (Loi du 22 mars 1924)<\/a><\/li>\n<li><a href=\"https:\/\/wikicollection.fr\/?p=121589\">Droit de\u00a0 timbre de 12 francs \/ Ao\u00fbt 1926 (D\u00e9cret du 3 ao\u00fbt 1926 &amp; Code du timbre 1935 \u2013 Art. 202)<\/a><\/li>\n<li><a href=\"https:\/\/wikicollection.fr\/?p=121591\">Droit de timbre de 13 francs \/ Juillet 1938 (D\u00e9cret du 28 mai 1938)<\/a><\/li>\n<li><strong>Droit de\u00a0 timbre de 15 francs \/ 1943 (Loi du 24 mars 1943)<\/strong><\/li>\n<li><a href=\"https:\/\/wikicollection.fr\/?p=121596\">Droit de\u00a0 timbre de 50 francs \u00e0 85 francs \/ 1947 \u00e0 1955 (Loi du 23 d\u00e9cembre 1946)<\/a><\/li>\n<li><a href=\"https:\/\/wikicollection.fr\/?p=121598\">Droit de timbre de 85 \u00e0 250 francs &amp; 2,50 NF \u00e0 150 francs \/ 1956 \u00e0 1987 (D\u00e9cret n\u00b0 55*1397 du 22 octobre 1955)<\/a><\/li>\n<\/ul>\n<p><strong>Carte d&rsquo;Identit\u00e9 de Fran\u00e7ais<\/strong><strong><br \/>\n<\/strong>C&rsquo;est la loi du 27 octobre 1940 qui institue cette carte et jusque mi-1943, lois et d\u00e9crets pr\u00e9ciseront les modalit\u00e9s de sa mise en place. Cette carte se pr\u00e9sentait sous 2 formes : payante (15 francs, la m\u00eame taxe que pour les autres cartes de cette p\u00e9riode) et gratuite pour r\u00e9pondre aux exon\u00e9rations. Cependant, du fait de la p\u00e9nurie de mati\u00e8res premi\u00e8res, ces cartes ne dur\u00e8rent que peu de temps (aout 1943 \u00e0 d\u00e9cembre 1944) et la grande majorit\u00e9 des cartes d&rsquo;identit\u00e9 furent fabriqu\u00e9es comme avant 1943, avec toujours une multiplicit\u00e9 de mod\u00e8les.<br \/>\n<strong><a href=\"http:\/\/wikicollection.fr\/?p=100408\"><img loading=\"lazy\" decoding=\"async\" src=\"http:\/\/wikicollection.fr\/wp-content\/uploads\/2015\/09\/fleche1.jpg\" alt=\"fleche\" width=\"20\" height=\"20\" \/><\/a><\/strong><a href=\"https:\/\/gallica.bnf.fr\/ark:\/12148\/bpt6k2032152w\/f4.item\" target=\"_blank\" rel=\"noopener\">Acc\u00e9der au N\u00b0 du JORF<\/a><strong><br \/>\n<\/strong><\/p>\n<div id=\"FRCI-PARISCARTEID-14-1\"><br><\/div><hr class=\"divider\" \/><a class=\"macoll bleu\" href=\"http:\/\/wikicollection.fr\/?page_id=10005#FRCI-PARISCARTEID-14-1\"><img src=http:\/\/www.wikicollection.fr\/wp-includes\/images\/epingle.jpg>Ajouter &agrave; ma collection<\/a><a class=\"macoll bleu\" href=\"http:\/\/wikicollection.fr\/?page_id=10005#FRCI-PARISCARTEID-14-1\"><img src=http:\/\/www.wikicollection.fr\/wp-includes\/images\/echange.jpg>Vendre\/&eacute;changer<\/a>  <a class=\"macoll bleu\" href=\"http:\/\/wikicollection.fr\/?page_id=10005#FRCI-PARISCARTEID-14-1\"><img src=http:\/\/www.wikicollection.fr\/wp-includes\/images\/loupe.jpg>Rechercher<\/a><br>      \n<p><strong>Carte d&rsquo;Identit\u00e9 de Fran\u00e7ais gratuite<\/strong> (cr\u00e9dit photo : Delcampe) <strong><br \/>\n<img loading=\"lazy\" decoding=\"async\" class=\"alignnone wp-image-121360\" src=\"https:\/\/wikicollection.fr\/wp-content\/uploads\/2020\/12\/Carte-identite-Francais-gratuite-A.jpg\" alt=\"\" width=\"600\" height=\"477\" srcset=\"https:\/\/wikicollection.fr\/wp-content\/uploads\/2020\/12\/Carte-identite-Francais-gratuite-A.jpg 1316w, https:\/\/wikicollection.fr\/wp-content\/uploads\/2020\/12\/Carte-identite-Francais-gratuite-A-445x354.jpg 445w, https:\/\/wikicollection.fr\/wp-content\/uploads\/2020\/12\/Carte-identite-Francais-gratuite-A-300x238.jpg 300w, https:\/\/wikicollection.fr\/wp-content\/uploads\/2020\/12\/Carte-identite-Francais-gratuite-A-1024x814.jpg 1024w, https:\/\/wikicollection.fr\/wp-content\/uploads\/2020\/12\/Carte-identite-Francais-gratuite-A-768x610.jpg 768w\" sizes=\"auto, (max-width: 600px) 100vw, 600px\" \/><\/strong><\/p>\n<p><img loading=\"lazy\" decoding=\"async\" class=\"alignnone wp-image-121361\" src=\"https:\/\/wikicollection.fr\/wp-content\/uploads\/2020\/12\/Carte-identite-Francais-gratuite-B.jpg\" alt=\"\" width=\"600\" height=\"477\" srcset=\"https:\/\/wikicollection.fr\/wp-content\/uploads\/2020\/12\/Carte-identite-Francais-gratuite-B.jpg 1330w, https:\/\/wikicollection.fr\/wp-content\/uploads\/2020\/12\/Carte-identite-Francais-gratuite-B-445x354.jpg 445w, https:\/\/wikicollection.fr\/wp-content\/uploads\/2020\/12\/Carte-identite-Francais-gratuite-B-300x238.jpg 300w, https:\/\/wikicollection.fr\/wp-content\/uploads\/2020\/12\/Carte-identite-Francais-gratuite-B-1024x814.jpg 1024w, https:\/\/wikicollection.fr\/wp-content\/uploads\/2020\/12\/Carte-identite-Francais-gratuite-B-768x610.jpg 768w\" sizes=\"auto, (max-width: 600px) 100vw, 600px\" \/><\/p>\n<p>&nbsp;<\/p>\n<div id=\"FRCI-PARISCARTEID-14-2\"><br><\/div><hr class=\"divider\" \/><a class=\"macoll bleu\" href=\"http:\/\/wikicollection.fr\/?page_id=10005#FRCI-PARISCARTEID-14-2\"><img src=http:\/\/www.wikicollection.fr\/wp-includes\/images\/epingle.jpg>Ajouter &agrave; ma collection<\/a><a class=\"macoll bleu\" href=\"http:\/\/wikicollection.fr\/?page_id=10005#FRCI-PARISCARTEID-14-2\"><img src=http:\/\/www.wikicollection.fr\/wp-includes\/images\/echange.jpg>Vendre\/&eacute;changer<\/a>  <a class=\"macoll bleu\" href=\"http:\/\/wikicollection.fr\/?page_id=10005#FRCI-PARISCARTEID-14-2\"><img src=http:\/\/www.wikicollection.fr\/wp-includes\/images\/loupe.jpg>Rechercher<\/a><br>      \n<p><strong>Carte d&rsquo;Identit\u00e9 de Fran\u00e7ais payante \u00e0 15 francs<\/strong> (cr\u00e9dit photo : Delcampe)<strong><br \/>\n<img loading=\"lazy\" decoding=\"async\" class=\"alignnone wp-image-121362\" src=\"https:\/\/wikicollection.fr\/wp-content\/uploads\/2020\/12\/carte-identite-Francais-15-F-A-OK.jpg\" alt=\"\" width=\"600\" height=\"478\" srcset=\"https:\/\/wikicollection.fr\/wp-content\/uploads\/2020\/12\/carte-identite-Francais-15-F-A-OK.jpg 849w, https:\/\/wikicollection.fr\/wp-content\/uploads\/2020\/12\/carte-identite-Francais-15-F-A-OK-445x354.jpg 445w, https:\/\/wikicollection.fr\/wp-content\/uploads\/2020\/12\/carte-identite-Francais-15-F-A-OK-300x239.jpg 300w, https:\/\/wikicollection.fr\/wp-content\/uploads\/2020\/12\/carte-identite-Francais-15-F-A-OK-768x612.jpg 768w\" sizes=\"auto, (max-width: 600px) 100vw, 600px\" \/><\/strong><\/p>\n<p><img loading=\"lazy\" decoding=\"async\" class=\"alignnone wp-image-121364\" src=\"https:\/\/wikicollection.fr\/wp-content\/uploads\/2020\/12\/carte-identite-Francais-15-F-B-OK.jpg\" alt=\"\" width=\"600\" height=\"471\" srcset=\"https:\/\/wikicollection.fr\/wp-content\/uploads\/2020\/12\/carte-identite-Francais-15-F-B-OK.jpg 849w, https:\/\/wikicollection.fr\/wp-content\/uploads\/2020\/12\/carte-identite-Francais-15-F-B-OK-445x350.jpg 445w, https:\/\/wikicollection.fr\/wp-content\/uploads\/2020\/12\/carte-identite-Francais-15-F-B-OK-300x236.jpg 300w, https:\/\/wikicollection.fr\/wp-content\/uploads\/2020\/12\/carte-identite-Francais-15-F-B-OK-768x603.jpg 768w\" sizes=\"auto, (max-width: 600px) 100vw, 600px\" \/><\/p>\n<p>&nbsp;<\/p>\n<div id=\"FRCI-PARISCARTEID-14-3\"><br><\/div><hr class=\"divider\" \/><a class=\"macoll bleu\" href=\"http:\/\/wikicollection.fr\/?page_id=10005#FRCI-PARISCARTEID-14-3\"><img src=http:\/\/www.wikicollection.fr\/wp-includes\/images\/epingle.jpg>Ajouter &agrave; ma collection<\/a><a class=\"macoll bleu\" href=\"http:\/\/wikicollection.fr\/?page_id=10005#FRCI-PARISCARTEID-14-3\"><img src=http:\/\/www.wikicollection.fr\/wp-includes\/images\/echange.jpg>Vendre\/&eacute;changer<\/a>  <a class=\"macoll bleu\" href=\"http:\/\/wikicollection.fr\/?page_id=10005#FRCI-PARISCARTEID-14-3\"><img src=http:\/\/www.wikicollection.fr\/wp-includes\/images\/loupe.jpg>Rechercher<\/a><br>      \n<p><strong>Carte d&rsquo;Identit\u00e9 de Fran\u00e7ais surcharg\u00e9e \u00ab\u00a0R\u00e9publique Fran\u00e7aise\u00a0\u00bb<\/strong> (cr\u00e9dit photo : Delcampe)<br \/>\n<img loading=\"lazy\" decoding=\"async\" class=\"alignnone wp-image-121416\" src=\"https:\/\/wikicollection.fr\/wp-content\/uploads\/2020\/12\/Carte-Vichy-RF-B.jpg\" alt=\"\" width=\"600\" height=\"476\" srcset=\"https:\/\/wikicollection.fr\/wp-content\/uploads\/2020\/12\/Carte-Vichy-RF-B.jpg 808w, https:\/\/wikicollection.fr\/wp-content\/uploads\/2020\/12\/Carte-Vichy-RF-B-445x353.jpg 445w, https:\/\/wikicollection.fr\/wp-content\/uploads\/2020\/12\/Carte-Vichy-RF-B-300x238.jpg 300w, https:\/\/wikicollection.fr\/wp-content\/uploads\/2020\/12\/Carte-Vichy-RF-B-768x609.jpg 768w\" sizes=\"auto, (max-width: 600px) 100vw, 600px\" \/><\/p>\n<p><img loading=\"lazy\" decoding=\"async\" class=\"alignnone wp-image-121417\" src=\"https:\/\/wikicollection.fr\/wp-content\/uploads\/2020\/12\/Carte-Vichy-RF-A.jpg\" alt=\"\" width=\"600\" height=\"469\" srcset=\"https:\/\/wikicollection.fr\/wp-content\/uploads\/2020\/12\/Carte-Vichy-RF-A.jpg 811w, https:\/\/wikicollection.fr\/wp-content\/uploads\/2020\/12\/Carte-Vichy-RF-A-445x348.jpg 445w, https:\/\/wikicollection.fr\/wp-content\/uploads\/2020\/12\/Carte-Vichy-RF-A-300x235.jpg 300w, https:\/\/wikicollection.fr\/wp-content\/uploads\/2020\/12\/Carte-Vichy-RF-A-768x600.jpg 768w\" sizes=\"auto, (max-width: 600px) 100vw, 600px\" \/><\/p>\n<p>&nbsp;<\/p>\n<p><strong>Exemple de notice concernant la Carte d&rsquo;Identit\u00e9 de Fran\u00e7ais. Celle-ci\u00a0 a \u00e9t\u00e9 modifi\u00e9e apr\u00e8s la lib\u00e9ration.<br \/>\n<img loading=\"lazy\" decoding=\"async\" class=\"alignnone wp-image-123478\" src=\"https:\/\/wikicollection.fr\/wp-content\/uploads\/2021\/01\/Notice-carte-identite-des-Francais-OK-WIKI.jpg\" alt=\"\" width=\"800\" height=\"632\" srcset=\"https:\/\/wikicollection.fr\/wp-content\/uploads\/2021\/01\/Notice-carte-identite-des-Francais-OK-WIKI.jpg 1127w, https:\/\/wikicollection.fr\/wp-content\/uploads\/2021\/01\/Notice-carte-identite-des-Francais-OK-WIKI-445x352.jpg 445w, https:\/\/wikicollection.fr\/wp-content\/uploads\/2021\/01\/Notice-carte-identite-des-Francais-OK-WIKI-300x237.jpg 300w, https:\/\/wikicollection.fr\/wp-content\/uploads\/2021\/01\/Notice-carte-identite-des-Francais-OK-WIKI-1024x810.jpg 1024w, https:\/\/wikicollection.fr\/wp-content\/uploads\/2021\/01\/Notice-carte-identite-des-Francais-OK-WIKI-768x607.jpg 768w\" sizes=\"auto, (max-width: 800px) 100vw, 800px\" \/><\/strong><\/p>\n<p>&nbsp;<\/p>\n<p><strong>Extrait du Journal Officiel de la R\u00e9publique Fran\u00e7aise &#8211; 2 avril 1943 &#8211; page 938<br \/>\n<a href=\"http:\/\/wikicollection.fr\/?p=100408\"><img loading=\"lazy\" decoding=\"async\" src=\"http:\/\/wikicollection.fr\/wp-content\/uploads\/2015\/09\/fleche1.jpg\" alt=\"fleche\" width=\"20\" height=\"20\" \/><\/a> <\/strong><a href=\"https:\/\/gallica.bnf.fr\/ark:\/12148\/bpt6k2032939s\/f2.item\" target=\"_blank\" rel=\"noopener\">Acc\u00e9der au N\u00b0 du JORF<\/a><\/p>\n<p><img loading=\"lazy\" decoding=\"async\" class=\"alignnone wp-image-121524\" src=\"https:\/\/wikicollection.fr\/wp-content\/uploads\/2020\/12\/Loi-du-24-mars-1943-Wiki.jpg\" alt=\"\" width=\"362\" height=\"410\" srcset=\"https:\/\/wikicollection.fr\/wp-content\/uploads\/2020\/12\/Loi-du-24-mars-1943-Wiki.jpg 578w, https:\/\/wikicollection.fr\/wp-content\/uploads\/2020\/12\/Loi-du-24-mars-1943-Wiki-445x504.jpg 445w, https:\/\/wikicollection.fr\/wp-content\/uploads\/2020\/12\/Loi-du-24-mars-1943-Wiki-265x300.jpg 265w\" sizes=\"auto, (max-width: 362px) 100vw, 362px\" \/><\/p>\n<p>&nbsp;<\/p>\n<p><div id=\"FRCI-PARISCARTEID-14-4\"><br><\/div><hr class=\"divider\" \/><a class=\"macoll bleu\" href=\"http:\/\/wikicollection.fr\/?page_id=10005#FRCI-PARISCARTEID-14-4\"><img src=http:\/\/www.wikicollection.fr\/wp-includes\/images\/epingle.jpg>Ajouter &agrave; ma collection<\/a><a class=\"macoll bleu\" href=\"http:\/\/wikicollection.fr\/?page_id=10005#FRCI-PARISCARTEID-14-4\"><img src=http:\/\/www.wikicollection.fr\/wp-includes\/images\/echange.jpg>Vendre\/&eacute;changer<\/a>  <a class=\"macoll bleu\" href=\"http:\/\/wikicollection.fr\/?page_id=10005#FRCI-PARISCARTEID-14-4\"><img src=http:\/\/www.wikicollection.fr\/wp-includes\/images\/loupe.jpg>Rechercher<\/a><br>      <br \/>\n<strong>Date &amp; lieu : <\/strong>9 septembre 1939 &#8211; Neuves-Maisons (Meurthe-et-Moselle)<strong><br \/>\nTaxe : <\/strong>15 francs &#8211; s\u00e9rie unifi\u00e9e 1935 &#8211; papier bleu<br \/>\n<strong>Carte :<\/strong> Carton uniface, timbr\u00e9e \u00e0 15 francs au lieu 13 francs (tarif pour 1939)<br \/>\n<img loading=\"lazy\" decoding=\"async\" class=\"alignnone wp-image-121345\" src=\"https:\/\/wikicollection.fr\/wp-content\/uploads\/2020\/12\/Cartes-15-F-le-chaine-scaled.jpg\" alt=\"\" width=\"421\" height=\"600\" srcset=\"https:\/\/wikicollection.fr\/wp-content\/uploads\/2020\/12\/Cartes-15-F-le-chaine-scaled.jpg 1798w, https:\/\/wikicollection.fr\/wp-content\/uploads\/2020\/12\/Cartes-15-F-le-chaine-445x633.jpg 445w, https:\/\/wikicollection.fr\/wp-content\/uploads\/2020\/12\/Cartes-15-F-le-chaine-211x300.jpg 211w, https:\/\/wikicollection.fr\/wp-content\/uploads\/2020\/12\/Cartes-15-F-le-chaine-719x1024.jpg 719w, https:\/\/wikicollection.fr\/wp-content\/uploads\/2020\/12\/Cartes-15-F-le-chaine-768x1093.jpg 768w, https:\/\/wikicollection.fr\/wp-content\/uploads\/2020\/12\/Cartes-15-F-le-chaine-1079x1536.jpg 1079w, https:\/\/wikicollection.fr\/wp-content\/uploads\/2020\/12\/Cartes-15-F-le-chaine-1439x2048.jpg 1439w\" sizes=\"auto, (max-width: 421px) 100vw, 421px\" \/><\/p>\n<p>&nbsp;<\/p>\n<p><div id=\"FRCI-PARISCARTEID-14-5\"><br><\/div><hr class=\"divider\" \/><a class=\"macoll bleu\" href=\"http:\/\/wikicollection.fr\/?page_id=10005#FRCI-PARISCARTEID-14-5\"><img src=http:\/\/www.wikicollection.fr\/wp-includes\/images\/epingle.jpg>Ajouter &agrave; ma collection<\/a><a class=\"macoll bleu\" href=\"http:\/\/wikicollection.fr\/?page_id=10005#FRCI-PARISCARTEID-14-5\"><img src=http:\/\/www.wikicollection.fr\/wp-includes\/images\/echange.jpg>Vendre\/&eacute;changer<\/a>  <a class=\"macoll bleu\" href=\"http:\/\/wikicollection.fr\/?page_id=10005#FRCI-PARISCARTEID-14-5\"><img src=http:\/\/www.wikicollection.fr\/wp-includes\/images\/loupe.jpg>Rechercher<\/a><br>      <br \/>\n<strong>Date &amp; lieu : <\/strong>13 aout 1943 &#8211; Lun\u00e9ville (Meurthe-et-Moselle)<strong><br \/>\nTaxe : <\/strong>15 francs &#8211; s\u00e9rie unifi\u00e9e 1935 &#8211; papier bleu<br \/>\n<strong>Carte :<\/strong> Carton uniface<br \/>\n<img loading=\"lazy\" decoding=\"async\" class=\"alignnone wp-image-121344\" src=\"https:\/\/wikicollection.fr\/wp-content\/uploads\/2020\/12\/Cartes-15-F-Drand-scaled.jpg\" alt=\"\" width=\"434\" height=\"600\" srcset=\"https:\/\/wikicollection.fr\/wp-content\/uploads\/2020\/12\/Cartes-15-F-Drand-scaled.jpg 1850w, https:\/\/wikicollection.fr\/wp-content\/uploads\/2020\/12\/Cartes-15-F-Drand-445x616.jpg 445w, https:\/\/wikicollection.fr\/wp-content\/uploads\/2020\/12\/Cartes-15-F-Drand-217x300.jpg 217w, https:\/\/wikicollection.fr\/wp-content\/uploads\/2020\/12\/Cartes-15-F-Drand-740x1024.jpg 740w, https:\/\/wikicollection.fr\/wp-content\/uploads\/2020\/12\/Cartes-15-F-Drand-768x1063.jpg 768w, https:\/\/wikicollection.fr\/wp-content\/uploads\/2020\/12\/Cartes-15-F-Drand-1110x1536.jpg 1110w, https:\/\/wikicollection.fr\/wp-content\/uploads\/2020\/12\/Cartes-15-F-Drand-1480x2048.jpg 1480w\" sizes=\"auto, (max-width: 434px) 100vw, 434px\" \/><\/p>\n<p>&nbsp;<\/p>\n<p><div id=\"FRCI-PARISCARTEID-14-6\"><br><\/div><hr class=\"divider\" \/><a class=\"macoll bleu\" href=\"http:\/\/wikicollection.fr\/?page_id=10005#FRCI-PARISCARTEID-14-6\"><img src=http:\/\/www.wikicollection.fr\/wp-includes\/images\/epingle.jpg>Ajouter &agrave; ma collection<\/a><a class=\"macoll bleu\" href=\"http:\/\/wikicollection.fr\/?page_id=10005#FRCI-PARISCARTEID-14-6\"><img src=http:\/\/www.wikicollection.fr\/wp-includes\/images\/echange.jpg>Vendre\/&eacute;changer<\/a>  <a class=\"macoll bleu\" href=\"http:\/\/wikicollection.fr\/?page_id=10005#FRCI-PARISCARTEID-14-6\"><img src=http:\/\/www.wikicollection.fr\/wp-includes\/images\/loupe.jpg>Rechercher<\/a><br>      <br \/>\n<strong>Date &amp; lieu : <\/strong>31 janvier 1944 &#8211; Nancy (Meurthe-et-Moselle)<strong><br \/>\nTaxe : <\/strong>15 francs &#8211; s\u00e9rie unifi\u00e9e 1935 &#8211; papier bleu<br \/>\n<strong>Carte :<\/strong> Carton uniface<br \/>\n<img loading=\"lazy\" decoding=\"async\" class=\"alignnone wp-image-121346\" src=\"https:\/\/wikicollection.fr\/wp-content\/uploads\/2020\/12\/Cartes-15-F-Miglioranza-scaled.jpg\" alt=\"\" width=\"437\" height=\"600\" srcset=\"https:\/\/wikicollection.fr\/wp-content\/uploads\/2020\/12\/Cartes-15-F-Miglioranza-scaled.jpg 1865w, https:\/\/wikicollection.fr\/wp-content\/uploads\/2020\/12\/Cartes-15-F-Miglioranza-445x611.jpg 445w, https:\/\/wikicollection.fr\/wp-content\/uploads\/2020\/12\/Cartes-15-F-Miglioranza-219x300.jpg 219w, https:\/\/wikicollection.fr\/wp-content\/uploads\/2020\/12\/Cartes-15-F-Miglioranza-746x1024.jpg 746w, https:\/\/wikicollection.fr\/wp-content\/uploads\/2020\/12\/Cartes-15-F-Miglioranza-768x1054.jpg 768w, https:\/\/wikicollection.fr\/wp-content\/uploads\/2020\/12\/Cartes-15-F-Miglioranza-1119x1536.jpg 1119w, https:\/\/wikicollection.fr\/wp-content\/uploads\/2020\/12\/Cartes-15-F-Miglioranza-1492x2048.jpg 1492w\" sizes=\"auto, (max-width: 437px) 100vw, 437px\" \/><\/p>\n<p><div id=\"FRCI-PARISCARTEID-14-7\"><br><\/div><hr class=\"divider\" \/><a class=\"macoll bleu\" href=\"http:\/\/wikicollection.fr\/?page_id=10005#FRCI-PARISCARTEID-14-7\"><img src=http:\/\/www.wikicollection.fr\/wp-includes\/images\/epingle.jpg>Ajouter &agrave; ma collection<\/a><a class=\"macoll bleu\" href=\"http:\/\/wikicollection.fr\/?page_id=10005#FRCI-PARISCARTEID-14-7\"><img src=http:\/\/www.wikicollection.fr\/wp-includes\/images\/echange.jpg>Vendre\/&eacute;changer<\/a>  <a class=\"macoll bleu\" href=\"http:\/\/wikicollection.fr\/?page_id=10005#FRCI-PARISCARTEID-14-7\"><img src=http:\/\/www.wikicollection.fr\/wp-includes\/images\/caddie.jpg>Proposer un achat\/&eacute;change<\/a><br>  <span style='font-size: small;'> 1 membre vend\/&eacute;change cet objet<\/span><br>  <span style='font-size: small;'> 1 membre recherche cet objet<\/span><br>  <br \/>\n<strong>Date &amp; lieu : <\/strong>28 mars 1946 &#8211; Elliant (Finist\u00e8re)<strong><br \/>\nTaxe : <\/strong>15 francs (13 &amp; 2 francs &#8211; s\u00e9rie unifi\u00e9e 1936-58)<br \/>\n<strong>Imprimeur :<\/strong> Bargain, Quimper<br \/>\n<img loading=\"lazy\" decoding=\"async\" class=\"alignnone wp-image-121350\" src=\"https:\/\/wikicollection.fr\/wp-content\/uploads\/2020\/12\/Cartes-15-F-Le-Dreau-A-scaled.jpg\" alt=\"\" width=\"456\" height=\"600\" srcset=\"https:\/\/wikicollection.fr\/wp-content\/uploads\/2020\/12\/Cartes-15-F-Le-Dreau-A-scaled.jpg 1946w, https:\/\/wikicollection.fr\/wp-content\/uploads\/2020\/12\/Cartes-15-F-Le-Dreau-A-445x585.jpg 445w, https:\/\/wikicollection.fr\/wp-content\/uploads\/2020\/12\/Cartes-15-F-Le-Dreau-A-228x300.jpg 228w, https:\/\/wikicollection.fr\/wp-content\/uploads\/2020\/12\/Cartes-15-F-Le-Dreau-A-778x1024.jpg 778w, https:\/\/wikicollection.fr\/wp-content\/uploads\/2020\/12\/Cartes-15-F-Le-Dreau-A-768x1010.jpg 768w, https:\/\/wikicollection.fr\/wp-content\/uploads\/2020\/12\/Cartes-15-F-Le-Dreau-A-1168x1536.jpg 1168w, https:\/\/wikicollection.fr\/wp-content\/uploads\/2020\/12\/Cartes-15-F-Le-Dreau-A-1557x2048.jpg 1557w\" sizes=\"auto, (max-width: 456px) 100vw, 456px\" \/><\/p>\n<p><img loading=\"lazy\" decoding=\"async\" class=\"alignnone wp-image-121351\" src=\"https:\/\/wikicollection.fr\/wp-content\/uploads\/2020\/12\/Cartes-15-F-Le-Dreau-B-scaled.jpg\" alt=\"\" width=\"600\" height=\"448\" srcset=\"https:\/\/wikicollection.fr\/wp-content\/uploads\/2020\/12\/Cartes-15-F-Le-Dreau-B-scaled.jpg 2560w, https:\/\/wikicollection.fr\/wp-content\/uploads\/2020\/12\/Cartes-15-F-Le-Dreau-B-445x332.jpg 445w, https:\/\/wikicollection.fr\/wp-content\/uploads\/2020\/12\/Cartes-15-F-Le-Dreau-B-300x224.jpg 300w, https:\/\/wikicollection.fr\/wp-content\/uploads\/2020\/12\/Cartes-15-F-Le-Dreau-B-1024x764.jpg 1024w, https:\/\/wikicollection.fr\/wp-content\/uploads\/2020\/12\/Cartes-15-F-Le-Dreau-B-768x573.jpg 768w, https:\/\/wikicollection.fr\/wp-content\/uploads\/2020\/12\/Cartes-15-F-Le-Dreau-B-1536x1146.jpg 1536w, https:\/\/wikicollection.fr\/wp-content\/uploads\/2020\/12\/Cartes-15-F-Le-Dreau-B-2048x1528.jpg 2048w\" sizes=\"auto, (max-width: 600px) 100vw, 600px\" \/><\/p>\n<p><div id=\"FRCI-PARISCARTEID-14-8\"><br><\/div><hr class=\"divider\" \/><a class=\"macoll bleu\" href=\"http:\/\/wikicollection.fr\/?page_id=10005#FRCI-PARISCARTEID-14-8\"><img src=http:\/\/www.wikicollection.fr\/wp-includes\/images\/epingle.jpg>Ajouter &agrave; ma collection<\/a><a class=\"macoll bleu\" href=\"http:\/\/wikicollection.fr\/?page_id=10005#FRCI-PARISCARTEID-14-8\"><img src=http:\/\/www.wikicollection.fr\/wp-includes\/images\/echange.jpg>Vendre\/&eacute;changer<\/a>  <a class=\"macoll bleu\" href=\"http:\/\/wikicollection.fr\/?page_id=10005#FRCI-PARISCARTEID-14-8\"><img src=http:\/\/www.wikicollection.fr\/wp-includes\/images\/loupe.jpg>Rechercher<\/a><br>      <br \/>\n<strong>Date &amp; lieu : <\/strong>19 mai 1943 &#8211; Etigny (Yonne)<strong><br \/>\nTaxe : <\/strong>15 francs &#8211; s\u00e9rie unifi\u00e9e DA\u00a0 &#8211; distributeurs auxiliaires 1936-42<br \/>\n<strong>Carte :<\/strong> Carton uniface<br \/>\n<strong>Imprimeur :<\/strong> Doret, Saint-Mand\u00e9<br \/>\n<img loading=\"lazy\" decoding=\"async\" class=\"alignnone wp-image-121352\" src=\"https:\/\/wikicollection.fr\/wp-content\/uploads\/2020\/12\/Cartes-15-F-Sort-scaled.jpg\" alt=\"\" width=\"463\" height=\"600\" srcset=\"https:\/\/wikicollection.fr\/wp-content\/uploads\/2020\/12\/Cartes-15-F-Sort-scaled.jpg 1974w, https:\/\/wikicollection.fr\/wp-content\/uploads\/2020\/12\/Cartes-15-F-Sort-445x577.jpg 445w, https:\/\/wikicollection.fr\/wp-content\/uploads\/2020\/12\/Cartes-15-F-Sort-231x300.jpg 231w, https:\/\/wikicollection.fr\/wp-content\/uploads\/2020\/12\/Cartes-15-F-Sort-790x1024.jpg 790w, https:\/\/wikicollection.fr\/wp-content\/uploads\/2020\/12\/Cartes-15-F-Sort-768x996.jpg 768w, https:\/\/wikicollection.fr\/wp-content\/uploads\/2020\/12\/Cartes-15-F-Sort-1184x1536.jpg 1184w, https:\/\/wikicollection.fr\/wp-content\/uploads\/2020\/12\/Cartes-15-F-Sort-1579x2048.jpg 1579w\" sizes=\"auto, (max-width: 463px) 100vw, 463px\" \/><\/p>\n<p><div id=\"FRCI-PARISCARTEID-14-9\"><br><\/div><hr class=\"divider\" \/><a class=\"macoll bleu\" href=\"http:\/\/wikicollection.fr\/?page_id=10005#FRCI-PARISCARTEID-14-9\"><img src=http:\/\/www.wikicollection.fr\/wp-includes\/images\/epingle.jpg>Ajouter &agrave; ma collection<\/a><a class=\"macoll bleu\" href=\"http:\/\/wikicollection.fr\/?page_id=10005#FRCI-PARISCARTEID-14-9\"><img src=http:\/\/www.wikicollection.fr\/wp-includes\/images\/echange.jpg>Vendre\/&eacute;changer<\/a>  <a class=\"macoll bleu\" href=\"http:\/\/wikicollection.fr\/?page_id=10005#FRCI-PARISCARTEID-14-9\"><img src=http:\/\/www.wikicollection.fr\/wp-includes\/images\/loupe.jpg>Rechercher<\/a><br>      <br \/>\n<strong>Date &amp; lieu : <\/strong>11 d\u00e9cembre 1943 &#8211; Juvrecourt (Meurthe-et-Moselle)<strong><br \/>\n<\/strong><strong>Taxe : <\/strong>15 francs &#8211; s\u00e9rie unifi\u00e9e DA\u00a0 &#8211; distributeurs auxiliaires 1936-42<br \/>\n<strong>Carte :<\/strong> Carton uniface<br \/>\n<img loading=\"lazy\" decoding=\"async\" class=\"alignnone wp-image-121348\" src=\"https:\/\/wikicollection.fr\/wp-content\/uploads\/2020\/12\/Cartes-15-F-Baudin-scaled.jpg\" alt=\"\" width=\"452\" height=\"600\" srcset=\"https:\/\/wikicollection.fr\/wp-content\/uploads\/2020\/12\/Cartes-15-F-Baudin-scaled.jpg 1927w, https:\/\/wikicollection.fr\/wp-content\/uploads\/2020\/12\/Cartes-15-F-Baudin-445x591.jpg 445w, https:\/\/wikicollection.fr\/wp-content\/uploads\/2020\/12\/Cartes-15-F-Baudin-226x300.jpg 226w, https:\/\/wikicollection.fr\/wp-content\/uploads\/2020\/12\/Cartes-15-F-Baudin-771x1024.jpg 771w, https:\/\/wikicollection.fr\/wp-content\/uploads\/2020\/12\/Cartes-15-F-Baudin-768x1020.jpg 768w, https:\/\/wikicollection.fr\/wp-content\/uploads\/2020\/12\/Cartes-15-F-Baudin-1156x1536.jpg 1156w, https:\/\/wikicollection.fr\/wp-content\/uploads\/2020\/12\/Cartes-15-F-Baudin-1542x2048.jpg 1542w\" sizes=\"auto, (max-width: 452px) 100vw, 452px\" \/><\/p>\n<p><div id=\"FRCI-PARISCARTEID-14-10\"><br><\/div><hr class=\"divider\" \/><a class=\"macoll bleu\" href=\"http:\/\/wikicollection.fr\/?page_id=10005#FRCI-PARISCARTEID-14-10\"><img src=http:\/\/www.wikicollection.fr\/wp-includes\/images\/epingle.jpg>Ajouter &agrave; ma collection<\/a><a class=\"macoll bleu\" href=\"http:\/\/wikicollection.fr\/?page_id=10005#FRCI-PARISCARTEID-14-10\"><img src=http:\/\/www.wikicollection.fr\/wp-includes\/images\/echange.jpg>Vendre\/&eacute;changer<\/a>  <a class=\"macoll bleu\" href=\"http:\/\/wikicollection.fr\/?page_id=10005#FRCI-PARISCARTEID-14-10\"><img src=http:\/\/www.wikicollection.fr\/wp-includes\/images\/loupe.jpg>Rechercher<\/a><br>      <br \/>\n<strong>Date &amp; lieu : <\/strong>17 novembre 1943 &#8211; Jarville (Meurthe-et-Moselle)<strong><br \/>\nTaxe : <\/strong>16,50 francs (15 francs &#8211; s\u00e9rie unifi\u00e9e 1936-58) &amp; (1,50 franc &#8211; taxes communales 1939 &#8211; pour le visa de l\u00e9galisation)<br \/>\n<strong>Carte :<\/strong> Carton uniface<br \/>\n<img loading=\"lazy\" decoding=\"async\" class=\"alignnone wp-image-121353\" src=\"https:\/\/wikicollection.fr\/wp-content\/uploads\/2020\/12\/Cartes-15-F-Vuillaume-scaled.jpg\" alt=\"\" width=\"439\" height=\"600\" srcset=\"https:\/\/wikicollection.fr\/wp-content\/uploads\/2020\/12\/Cartes-15-F-Vuillaume-scaled.jpg 1874w, https:\/\/wikicollection.fr\/wp-content\/uploads\/2020\/12\/Cartes-15-F-Vuillaume-445x608.jpg 445w, https:\/\/wikicollection.fr\/wp-content\/uploads\/2020\/12\/Cartes-15-F-Vuillaume-220x300.jpg 220w, https:\/\/wikicollection.fr\/wp-content\/uploads\/2020\/12\/Cartes-15-F-Vuillaume-749x1024.jpg 749w, https:\/\/wikicollection.fr\/wp-content\/uploads\/2020\/12\/Cartes-15-F-Vuillaume-768x1049.jpg 768w, https:\/\/wikicollection.fr\/wp-content\/uploads\/2020\/12\/Cartes-15-F-Vuillaume-1124x1536.jpg 1124w, https:\/\/wikicollection.fr\/wp-content\/uploads\/2020\/12\/Cartes-15-F-Vuillaume-1499x2048.jpg 1499w\" sizes=\"auto, (max-width: 439px) 100vw, 439px\" \/><\/p>\n<p><div id=\"FRCI-PARISCARTEID-14-11\"><br><\/div><hr class=\"divider\" \/><a class=\"macoll bleu\" href=\"http:\/\/wikicollection.fr\/?page_id=10005#FRCI-PARISCARTEID-14-11\"><img src=http:\/\/www.wikicollection.fr\/wp-includes\/images\/epingle.jpg>Ajouter &agrave; ma collection<\/a><a class=\"macoll bleu\" href=\"http:\/\/wikicollection.fr\/?page_id=10005#FRCI-PARISCARTEID-14-11\"><img src=http:\/\/www.wikicollection.fr\/wp-includes\/images\/echange.jpg>Vendre\/&eacute;changer<\/a>  <a class=\"macoll bleu\" href=\"http:\/\/wikicollection.fr\/?page_id=10005#FRCI-PARISCARTEID-14-11\"><img src=http:\/\/www.wikicollection.fr\/wp-includes\/images\/loupe.jpg>Rechercher<\/a><br>      <br \/>\n<strong>Date &amp; lieu : <\/strong>29 octobre 1945 &#8211; Ser\u00e9mange-Erzange (Moselle)<strong><br \/>\nTaxe : <\/strong>16,50 francs (15 francs &#8211; s\u00e9rie unifi\u00e9e 1936-58) &amp; (1,50 franc &#8211; taxes communales 1939 pour le visa de l\u00e9galisation)<br \/>\n<strong>Carte :<\/strong> Carton uniface<br \/>\n<img loading=\"lazy\" decoding=\"async\" class=\"alignnone wp-image-121347\" src=\"https:\/\/wikicollection.fr\/wp-content\/uploads\/2020\/12\/Cartes-15-F-A-scaled.jpg\" alt=\"\" width=\"600\" height=\"463\" srcset=\"https:\/\/wikicollection.fr\/wp-content\/uploads\/2020\/12\/Cartes-15-F-A-scaled.jpg 2560w, https:\/\/wikicollection.fr\/wp-content\/uploads\/2020\/12\/Cartes-15-F-A-445x344.jpg 445w, https:\/\/wikicollection.fr\/wp-content\/uploads\/2020\/12\/Cartes-15-F-A-300x232.jpg 300w, https:\/\/wikicollection.fr\/wp-content\/uploads\/2020\/12\/Cartes-15-F-A-1024x791.jpg 1024w, https:\/\/wikicollection.fr\/wp-content\/uploads\/2020\/12\/Cartes-15-F-A-768x593.jpg 768w, https:\/\/wikicollection.fr\/wp-content\/uploads\/2020\/12\/Cartes-15-F-A-1536x1186.jpg 1536w, https:\/\/wikicollection.fr\/wp-content\/uploads\/2020\/12\/Cartes-15-F-A-2048x1581.jpg 2048w\" sizes=\"auto, (max-width: 600px) 100vw, 600px\" \/><\/p>\n<p><div id=\"FRCI-PARISCARTEID-14-12\"><br><\/div><hr class=\"divider\" \/><a class=\"macoll bleu\" href=\"http:\/\/wikicollection.fr\/?page_id=10005#FRCI-PARISCARTEID-14-12\"><img src=http:\/\/www.wikicollection.fr\/wp-includes\/images\/epingle.jpg>Ajouter &agrave; ma collection<\/a><a class=\"macoll bleu\" href=\"http:\/\/wikicollection.fr\/?page_id=10005#FRCI-PARISCARTEID-14-12\"><img src=http:\/\/www.wikicollection.fr\/wp-includes\/images\/echange.jpg>Vendre\/&eacute;changer<\/a>  <a class=\"macoll bleu\" href=\"http:\/\/wikicollection.fr\/?page_id=10005#FRCI-PARISCARTEID-14-12\"><img src=http:\/\/www.wikicollection.fr\/wp-includes\/images\/loupe.jpg>Rechercher<\/a><br>      <br \/>\n<strong>Carte d&rsquo;identit\u00e9 d&rsquo;huissier<br \/>\nDate &amp; lieu : <\/strong>29 aout 1944 &#8211; Toulon (Var)<strong><br \/>\nTaxe : <\/strong>15 francs &#8211; s\u00e9rie unifi\u00e9e 1936-58<br \/>\n<strong>Cr\u00e9dit photo<\/strong> : Daniel Genet<br \/>\n<img loading=\"lazy\" decoding=\"async\" class=\"alignnone wp-image-121500\" src=\"https:\/\/wikicollection.fr\/wp-content\/uploads\/2020\/12\/Carte-Huissier-Blanc-15-F-floue.jpg\" alt=\"\" width=\"464\" height=\"600\" srcset=\"https:\/\/wikicollection.fr\/wp-content\/uploads\/2020\/12\/Carte-Huissier-Blanc-15-F-floue.jpg 1491w, https:\/\/wikicollection.fr\/wp-content\/uploads\/2020\/12\/Carte-Huissier-Blanc-15-F-floue-445x575.jpg 445w, https:\/\/wikicollection.fr\/wp-content\/uploads\/2020\/12\/Carte-Huissier-Blanc-15-F-floue-232x300.jpg 232w, https:\/\/wikicollection.fr\/wp-content\/uploads\/2020\/12\/Carte-Huissier-Blanc-15-F-floue-792x1024.jpg 792w, https:\/\/wikicollection.fr\/wp-content\/uploads\/2020\/12\/Carte-Huissier-Blanc-15-F-floue-768x993.jpg 768w, https:\/\/wikicollection.fr\/wp-content\/uploads\/2020\/12\/Carte-Huissier-Blanc-15-F-floue-1188x1536.jpg 1188w\" sizes=\"auto, (max-width: 464px) 100vw, 464px\" \/><\/p>\n<p><div id=\"FRCI-PARISCARTEID-14-13\"><br><\/div><hr class=\"divider\" \/><a class=\"macoll bleu\" href=\"http:\/\/wikicollection.fr\/?page_id=10005#FRCI-PARISCARTEID-14-13\"><img src=http:\/\/www.wikicollection.fr\/wp-includes\/images\/epingle.jpg>Ajouter &agrave; ma collection<\/a><a class=\"macoll bleu\" href=\"http:\/\/wikicollection.fr\/?page_id=10005#FRCI-PARISCARTEID-14-13\"><img src=http:\/\/www.wikicollection.fr\/wp-includes\/images\/echange.jpg>Vendre\/&eacute;changer<\/a>  <a class=\"macoll bleu\" href=\"http:\/\/wikicollection.fr\/?page_id=10005#FRCI-PARISCARTEID-14-13\"><img src=http:\/\/www.wikicollection.fr\/wp-includes\/images\/loupe.jpg>Rechercher<\/a><br>      <br \/>\n<strong>Carte d&rsquo;identit\u00e9 d&rsquo;huissier<br \/>\nDate &amp; lieu : <\/strong>15 d\u00e9cembre 1944 &#8211; Toulouse (Haute-Garonne)<strong><br \/>\nTaxe : <\/strong>15 francs (13 &amp; 2 francs &#8211; s\u00e9rie unifi\u00e9e 1936-58)<br \/>\n<strong>Cr\u00e9dit photo<\/strong> : Daniel Genet<br \/>\n<img loading=\"lazy\" decoding=\"async\" class=\"alignnone wp-image-121501\" src=\"https:\/\/wikicollection.fr\/wp-content\/uploads\/2020\/12\/Carte-Huissier-Fortin-15-F-floue.jpg\" alt=\"\" width=\"453\" height=\"600\" srcset=\"https:\/\/wikicollection.fr\/wp-content\/uploads\/2020\/12\/Carte-Huissier-Fortin-15-F-floue.jpg 1457w, https:\/\/wikicollection.fr\/wp-content\/uploads\/2020\/12\/Carte-Huissier-Fortin-15-F-floue-445x589.jpg 445w, https:\/\/wikicollection.fr\/wp-content\/uploads\/2020\/12\/Carte-Huissier-Fortin-15-F-floue-227x300.jpg 227w, https:\/\/wikicollection.fr\/wp-content\/uploads\/2020\/12\/Carte-Huissier-Fortin-15-F-floue-774x1024.jpg 774w, https:\/\/wikicollection.fr\/wp-content\/uploads\/2020\/12\/Carte-Huissier-Fortin-15-F-floue-768x1016.jpg 768w, https:\/\/wikicollection.fr\/wp-content\/uploads\/2020\/12\/Carte-Huissier-Fortin-15-F-floue-1161x1536.jpg 1161w\" sizes=\"auto, (max-width: 453px) 100vw, 453px\" \/><\/p>\n<p>&nbsp;<\/p>\n<p><strong><div id=\"FRCI-PARISCARTEID-14-14\"><br><\/div><hr class=\"divider\" \/><a class=\"macoll bleu\" href=\"http:\/\/wikicollection.fr\/?page_id=10005#FRCI-PARISCARTEID-14-14\"><img src=http:\/\/www.wikicollection.fr\/wp-includes\/images\/epingle.jpg>Ajouter &agrave; ma collection<\/a><a class=\"macoll bleu\" href=\"http:\/\/wikicollection.fr\/?page_id=10005#FRCI-PARISCARTEID-14-14\"><img src=http:\/\/www.wikicollection.fr\/wp-includes\/images\/echange.jpg>Vendre\/&eacute;changer<\/a>  <a class=\"macoll bleu\" href=\"http:\/\/wikicollection.fr\/?page_id=10005#FRCI-PARISCARTEID-14-14\"><img src=http:\/\/www.wikicollection.fr\/wp-includes\/images\/loupe.jpg>Rechercher<\/a><br>      <br \/>\nDate &amp; lieu : <\/strong>mai 1943 &#8211; Toulon (Var)<strong><br \/>\nTaxe : <\/strong>15 francs (13 &amp; 2 francs &#8211; s\u00e9rie unifi\u00e9e 1936-58)<strong><br \/>\nD\u00e9tails : <\/strong>Validation de la carte pour 1944<strong><br \/>\nCr\u00e9dit photo : <\/strong>Daniel Genet<strong><br \/>\n<img loading=\"lazy\" decoding=\"async\" class=\"alignnone wp-image-121512\" src=\"https:\/\/wikicollection.fr\/wp-content\/uploads\/2020\/12\/Carte-15-F-Toulon-avec-papier.jpg\" alt=\"\" width=\"650\" height=\"494\" srcset=\"https:\/\/wikicollection.fr\/wp-content\/uploads\/2020\/12\/Carte-15-F-Toulon-avec-papier.jpg 1920w, https:\/\/wikicollection.fr\/wp-content\/uploads\/2020\/12\/Carte-15-F-Toulon-avec-papier-445x338.jpg 445w, https:\/\/wikicollection.fr\/wp-content\/uploads\/2020\/12\/Carte-15-F-Toulon-avec-papier-300x228.jpg 300w, https:\/\/wikicollection.fr\/wp-content\/uploads\/2020\/12\/Carte-15-F-Toulon-avec-papier-1024x779.jpg 1024w, https:\/\/wikicollection.fr\/wp-content\/uploads\/2020\/12\/Carte-15-F-Toulon-avec-papier-768x584.jpg 768w, https:\/\/wikicollection.fr\/wp-content\/uploads\/2020\/12\/Carte-15-F-Toulon-avec-papier-1536x1168.jpg 1536w\" sizes=\"auto, (max-width: 650px) 100vw, 650px\" \/><br \/>\n<\/strong><\/p>\n<p><div id=\"FRCI-PARISCARTEID-14-15\"><br><\/div><hr class=\"divider\" \/><a class=\"macoll bleu\" href=\"http:\/\/wikicollection.fr\/?page_id=10005#FRCI-PARISCARTEID-14-15\"><img src=http:\/\/www.wikicollection.fr\/wp-includes\/images\/epingle.jpg>Ajouter &agrave; ma collection<\/a><a class=\"macoll bleu\" href=\"http:\/\/wikicollection.fr\/?page_id=10005#FRCI-PARISCARTEID-14-15\"><img src=http:\/\/www.wikicollection.fr\/wp-includes\/images\/echange.jpg>Vendre\/&eacute;changer<\/a>  <a class=\"macoll bleu\" href=\"http:\/\/wikicollection.fr\/?page_id=10005#FRCI-PARISCARTEID-14-15\"><img src=http:\/\/www.wikicollection.fr\/wp-includes\/images\/loupe.jpg>Rechercher<\/a><br>      <br \/>\n<strong>Date &amp; lieu : <\/strong>mai 1943 &#8211; Uz\u00e8s (Gard)<strong><br \/>\nTaxe : <\/strong>15 francs (6 francs &#8211; s\u00e9rie unifi\u00e9e DA 1936-42) &amp; (9 francs &#8211; s\u00e9rie unifi\u00e9e 1936-58)<strong><br \/>\nD\u00e9tails : <\/strong>R\u00e9c\u00e9piss\u00e9 de demande de \u00ab\u00a0Carte d&rsquo;Identit\u00e9 de Fran\u00e7ais\u00a0\u00bb<strong><br \/>\nCr\u00e9dit photo : <\/strong>Daniel Genet<br \/>\n<img loading=\"lazy\" decoding=\"async\" class=\"alignnone wp-image-121513\" src=\"https:\/\/wikicollection.fr\/wp-content\/uploads\/2020\/12\/Carte-15-F-Uzes-avec-papier.jpg\" alt=\"\" width=\"450\" height=\"674\" srcset=\"https:\/\/wikicollection.fr\/wp-content\/uploads\/2020\/12\/Carte-15-F-Uzes-avec-papier.jpg 1399w, https:\/\/wikicollection.fr\/wp-content\/uploads\/2020\/12\/Carte-15-F-Uzes-avec-papier-445x666.jpg 445w, https:\/\/wikicollection.fr\/wp-content\/uploads\/2020\/12\/Carte-15-F-Uzes-avec-papier-200x300.jpg 200w, https:\/\/wikicollection.fr\/wp-content\/uploads\/2020\/12\/Carte-15-F-Uzes-avec-papier-684x1024.jpg 684w, https:\/\/wikicollection.fr\/wp-content\/uploads\/2020\/12\/Carte-15-F-Uzes-avec-papier-768x1150.jpg 768w, https:\/\/wikicollection.fr\/wp-content\/uploads\/2020\/12\/Carte-15-F-Uzes-avec-papier-1026x1536.jpg 1026w, https:\/\/wikicollection.fr\/wp-content\/uploads\/2020\/12\/Carte-15-F-Uzes-avec-papier-1368x2048.jpg 1368w\" sizes=\"auto, (max-width: 450px) 100vw, 450px\" \/><\/p>\n<p><div id=\"FRCI-PARISCARTEID-14-16\"><br><\/div><hr class=\"divider\" \/><a class=\"macoll bleu\" href=\"http:\/\/wikicollection.fr\/?page_id=10005#FRCI-PARISCARTEID-14-16\"><img src=http:\/\/www.wikicollection.fr\/wp-includes\/images\/epingle.jpg>Ajouter &agrave; ma collection<\/a><a class=\"macoll bleu\" href=\"http:\/\/wikicollection.fr\/?page_id=10005#FRCI-PARISCARTEID-14-16\"><img src=http:\/\/www.wikicollection.fr\/wp-includes\/images\/echange.jpg>Vendre\/&eacute;changer<\/a>  <a class=\"macoll bleu\" href=\"http:\/\/wikicollection.fr\/?page_id=10005#FRCI-PARISCARTEID-14-16\"><img src=http:\/\/www.wikicollection.fr\/wp-includes\/images\/loupe.jpg>Rechercher<\/a><br>      <br \/>\n<strong>Date &amp; lieu : <\/strong>15 octobre 1939 &#8211; \u00c9pinal (Vosges)<strong><br \/>\nTaxe : <\/strong>Absence de timbre de 15 francs sans mention justificative sur la carte<br \/>\n<img loading=\"lazy\" decoding=\"async\" class=\"alignnone wp-image-121371\" src=\"https:\/\/wikicollection.fr\/wp-content\/uploads\/2020\/12\/Cartes-sans-timbre-Villemin-A-scaled.jpg\" alt=\"\" width=\"600\" height=\"439\" srcset=\"https:\/\/wikicollection.fr\/wp-content\/uploads\/2020\/12\/Cartes-sans-timbre-Villemin-A-scaled.jpg 2560w, https:\/\/wikicollection.fr\/wp-content\/uploads\/2020\/12\/Cartes-sans-timbre-Villemin-A-445x325.jpg 445w, https:\/\/wikicollection.fr\/wp-content\/uploads\/2020\/12\/Cartes-sans-timbre-Villemin-A-300x219.jpg 300w, https:\/\/wikicollection.fr\/wp-content\/uploads\/2020\/12\/Cartes-sans-timbre-Villemin-A-1024x749.jpg 1024w, https:\/\/wikicollection.fr\/wp-content\/uploads\/2020\/12\/Cartes-sans-timbre-Villemin-A-768x562.jpg 768w, https:\/\/wikicollection.fr\/wp-content\/uploads\/2020\/12\/Cartes-sans-timbre-Villemin-A-1536x1123.jpg 1536w, https:\/\/wikicollection.fr\/wp-content\/uploads\/2020\/12\/Cartes-sans-timbre-Villemin-A-2048x1498.jpg 2048w\" sizes=\"auto, (max-width: 600px) 100vw, 600px\" \/><\/p>\n<p><img loading=\"lazy\" decoding=\"async\" class=\"alignnone wp-image-121370\" src=\"https:\/\/wikicollection.fr\/wp-content\/uploads\/2020\/12\/Cartes-sans-timbre-Villemin-B-scaled.jpg\" alt=\"\" width=\"600\" height=\"442\" srcset=\"https:\/\/wikicollection.fr\/wp-content\/uploads\/2020\/12\/Cartes-sans-timbre-Villemin-B-scaled.jpg 2560w, https:\/\/wikicollection.fr\/wp-content\/uploads\/2020\/12\/Cartes-sans-timbre-Villemin-B-445x327.jpg 445w, https:\/\/wikicollection.fr\/wp-content\/uploads\/2020\/12\/Cartes-sans-timbre-Villemin-B-300x221.jpg 300w, https:\/\/wikicollection.fr\/wp-content\/uploads\/2020\/12\/Cartes-sans-timbre-Villemin-B-1024x754.jpg 1024w, https:\/\/wikicollection.fr\/wp-content\/uploads\/2020\/12\/Cartes-sans-timbre-Villemin-B-768x565.jpg 768w, https:\/\/wikicollection.fr\/wp-content\/uploads\/2020\/12\/Cartes-sans-timbre-Villemin-B-1536x1130.jpg 1536w, https:\/\/wikicollection.fr\/wp-content\/uploads\/2020\/12\/Cartes-sans-timbre-Villemin-B-2048x1507.jpg 2048w\" sizes=\"auto, (max-width: 600px) 100vw, 600px\" \/><\/p>\n<p><div id=\"FRCI-PARISCARTEID-14-17\"><br><\/div><hr class=\"divider\" \/><a class=\"macoll bleu\" href=\"http:\/\/wikicollection.fr\/?page_id=10005#FRCI-PARISCARTEID-14-17\"><img src=http:\/\/www.wikicollection.fr\/wp-includes\/images\/epingle.jpg>Ajouter &agrave; ma collection<\/a><a class=\"macoll bleu\" href=\"http:\/\/wikicollection.fr\/?page_id=10005#FRCI-PARISCARTEID-14-17\"><img src=http:\/\/www.wikicollection.fr\/wp-includes\/images\/echange.jpg>Vendre\/&eacute;changer<\/a>  <a class=\"macoll bleu\" href=\"http:\/\/wikicollection.fr\/?page_id=10005#FRCI-PARISCARTEID-14-17\"><img src=http:\/\/www.wikicollection.fr\/wp-includes\/images\/loupe.jpg>Rechercher<\/a><br>      <br \/>\n<strong>Date &amp; lieu : <\/strong>21 octobre 1939 &#8211; \u00c9pinal (Vosges)<strong><br \/>\nTaxe : <\/strong>Absence de timbre de 15 francs sans mention justificative sur la carte<br \/>\n<img loading=\"lazy\" decoding=\"async\" class=\"alignnone wp-image-121369\" src=\"https:\/\/wikicollection.fr\/wp-content\/uploads\/2020\/12\/Cartes-sans-timbre-Schmit-A-scaled.jpg\" alt=\"\" width=\"600\" height=\"435\" srcset=\"https:\/\/wikicollection.fr\/wp-content\/uploads\/2020\/12\/Cartes-sans-timbre-Schmit-A-scaled.jpg 2560w, https:\/\/wikicollection.fr\/wp-content\/uploads\/2020\/12\/Cartes-sans-timbre-Schmit-A-445x322.jpg 445w, https:\/\/wikicollection.fr\/wp-content\/uploads\/2020\/12\/Cartes-sans-timbre-Schmit-A-300x217.jpg 300w, https:\/\/wikicollection.fr\/wp-content\/uploads\/2020\/12\/Cartes-sans-timbre-Schmit-A-1024x742.jpg 1024w, https:\/\/wikicollection.fr\/wp-content\/uploads\/2020\/12\/Cartes-sans-timbre-Schmit-A-768x556.jpg 768w, https:\/\/wikicollection.fr\/wp-content\/uploads\/2020\/12\/Cartes-sans-timbre-Schmit-A-1536x1112.jpg 1536w, https:\/\/wikicollection.fr\/wp-content\/uploads\/2020\/12\/Cartes-sans-timbre-Schmit-A-2048x1483.jpg 2048w\" sizes=\"auto, (max-width: 600px) 100vw, 600px\" \/><\/p>\n<p><img loading=\"lazy\" decoding=\"async\" class=\"alignnone wp-image-121368\" src=\"https:\/\/wikicollection.fr\/wp-content\/uploads\/2020\/12\/Cartes-sans-timbre-Schmit-B-scaled.jpg\" alt=\"\" width=\"600\" height=\"434\" srcset=\"https:\/\/wikicollection.fr\/wp-content\/uploads\/2020\/12\/Cartes-sans-timbre-Schmit-B-scaled.jpg 2560w, https:\/\/wikicollection.fr\/wp-content\/uploads\/2020\/12\/Cartes-sans-timbre-Schmit-B-445x322.jpg 445w, https:\/\/wikicollection.fr\/wp-content\/uploads\/2020\/12\/Cartes-sans-timbre-Schmit-B-300x217.jpg 300w, https:\/\/wikicollection.fr\/wp-content\/uploads\/2020\/12\/Cartes-sans-timbre-Schmit-B-1024x741.jpg 1024w, https:\/\/wikicollection.fr\/wp-content\/uploads\/2020\/12\/Cartes-sans-timbre-Schmit-B-768x556.jpg 768w, https:\/\/wikicollection.fr\/wp-content\/uploads\/2020\/12\/Cartes-sans-timbre-Schmit-B-1536x1111.jpg 1536w, https:\/\/wikicollection.fr\/wp-content\/uploads\/2020\/12\/Cartes-sans-timbre-Schmit-B-2048x1481.jpg 2048w\" sizes=\"auto, (max-width: 600px) 100vw, 600px\" \/><\/p>\n<p><div id=\"FRCI-PARISCARTEID-14-18\"><br><\/div><hr class=\"divider\" \/><a class=\"macoll bleu\" href=\"http:\/\/wikicollection.fr\/?page_id=10005#FRCI-PARISCARTEID-14-18\"><img src=http:\/\/www.wikicollection.fr\/wp-includes\/images\/epingle.jpg>Ajouter &agrave; ma collection<\/a><a class=\"macoll bleu\" href=\"http:\/\/wikicollection.fr\/?page_id=10005#FRCI-PARISCARTEID-14-18\"><img src=http:\/\/www.wikicollection.fr\/wp-includes\/images\/echange.jpg>Vendre\/&eacute;changer<\/a>  <a class=\"macoll bleu\" href=\"http:\/\/wikicollection.fr\/?page_id=10005#FRCI-PARISCARTEID-14-18\"><img src=http:\/\/www.wikicollection.fr\/wp-includes\/images\/loupe.jpg>Rechercher<\/a><br>      <br \/>\n<strong>Date &amp; lieu : <\/strong>10 novembre 1939 &#8211; Mulhouse (Haut-Rhin)<strong><br \/>\nTaxe : <\/strong>Absence de timbre de 15 francs sans mention justificative sur la carte<br \/>\n<img loading=\"lazy\" decoding=\"async\" class=\"alignnone wp-image-121367\" src=\"https:\/\/wikicollection.fr\/wp-content\/uploads\/2020\/12\/Cartes-sans-timbre-Arboyast-A-scaled.jpg\" alt=\"\" width=\"600\" height=\"381\" srcset=\"https:\/\/wikicollection.fr\/wp-content\/uploads\/2020\/12\/Cartes-sans-timbre-Arboyast-A-scaled.jpg 2560w, https:\/\/wikicollection.fr\/wp-content\/uploads\/2020\/12\/Cartes-sans-timbre-Arboyast-A-445x282.jpg 445w, https:\/\/wikicollection.fr\/wp-content\/uploads\/2020\/12\/Cartes-sans-timbre-Arboyast-A-300x190.jpg 300w, https:\/\/wikicollection.fr\/wp-content\/uploads\/2020\/12\/Cartes-sans-timbre-Arboyast-A-1024x650.jpg 1024w, https:\/\/wikicollection.fr\/wp-content\/uploads\/2020\/12\/Cartes-sans-timbre-Arboyast-A-768x488.jpg 768w, https:\/\/wikicollection.fr\/wp-content\/uploads\/2020\/12\/Cartes-sans-timbre-Arboyast-A-1536x975.jpg 1536w, https:\/\/wikicollection.fr\/wp-content\/uploads\/2020\/12\/Cartes-sans-timbre-Arboyast-A-2048x1300.jpg 2048w\" sizes=\"auto, (max-width: 600px) 100vw, 600px\" \/><\/p>\n<p><img loading=\"lazy\" decoding=\"async\" class=\"alignnone wp-image-121366\" src=\"https:\/\/wikicollection.fr\/wp-content\/uploads\/2020\/12\/Cartes-sans-timbre-Arboyast-B-scaled.jpg\" alt=\"\" width=\"600\" height=\"373\" srcset=\"https:\/\/wikicollection.fr\/wp-content\/uploads\/2020\/12\/Cartes-sans-timbre-Arboyast-B-scaled.jpg 2560w, https:\/\/wikicollection.fr\/wp-content\/uploads\/2020\/12\/Cartes-sans-timbre-Arboyast-B-445x277.jpg 445w, https:\/\/wikicollection.fr\/wp-content\/uploads\/2020\/12\/Cartes-sans-timbre-Arboyast-B-300x187.jpg 300w, https:\/\/wikicollection.fr\/wp-content\/uploads\/2020\/12\/Cartes-sans-timbre-Arboyast-B-1024x637.jpg 1024w, https:\/\/wikicollection.fr\/wp-content\/uploads\/2020\/12\/Cartes-sans-timbre-Arboyast-B-768x478.jpg 768w, https:\/\/wikicollection.fr\/wp-content\/uploads\/2020\/12\/Cartes-sans-timbre-Arboyast-B-1536x955.jpg 1536w, https:\/\/wikicollection.fr\/wp-content\/uploads\/2020\/12\/Cartes-sans-timbre-Arboyast-B-2048x1274.jpg 2048w\" sizes=\"auto, (max-width: 600px) 100vw, 600px\" \/><\/p>\n<p>&nbsp;<\/p>\n","protected":false},"excerpt":{"rendered":"<p>Les documents pr\u00e9curseurs de la carte d\u2019identit\u00e9 Droit de\u00a0 timbre de 4 francs \/ Janvier 1922 (Loi du 29 avril<\/p>\n","protected":false},"author":326,"featured_media":121818,"comment_status":"open","ping_status":"open","sticky":false,"template":"","format":"standard","meta":{"footnotes":""},"categories":[66,215],"tags":[],"class_list":["post-121593","post","type-post","status-publish","format-standard","has-post-thumbnail","hentry","category-carte-didentite","category-ventes-en-cours"],"_links":{"self":[{"href":"https:\/\/wikicollection.fr\/index.php?rest_route=\/wp\/v2\/posts\/121593","targetHints":{"allow":["GET"]}}],"collection":[{"href":"https:\/\/wikicollection.fr\/index.php?rest_route=\/wp\/v2\/posts"}],"about":[{"href":"https:\/\/wikicollection.fr\/index.php?rest_route=\/wp\/v2\/types\/post"}],"author":[{"embeddable":true,"href":"https:\/\/wikicollection.fr\/index.php?rest_route=\/wp\/v2\/users\/326"}],"replies":[{"embeddable":true,"href":"https:\/\/wikicollection.fr\/index.php?rest_route=%2Fwp%2Fv2%2Fcomments&post=121593"}],"version-history":[{"count":2,"href":"https:\/\/wikicollection.fr\/index.php?rest_route=\/wp\/v2\/posts\/121593\/revisions"}],"predecessor-version":[{"id":123477,"href":"https:\/\/wikicollection.fr\/index.php?rest_route=\/wp\/v2\/posts\/121593\/revisions\/123477"}],"wp:featuredmedia":[{"embeddable":true,"href":"https:\/\/wikicollection.fr\/index.php?rest_route=\/wp\/v2\/media\/121818"}],"wp:attachment":[{"href":"https:\/\/wikicollection.fr\/index.php?rest_route=%2Fwp%2Fv2%2Fmedia&parent=121593"}],"wp:term":[{"taxonomy":"category","embeddable":true,"href":"https:\/\/wikicollection.fr\/index.php?rest_route=%2Fwp%2Fv2%2Fcategories&post=121593"},{"taxonomy":"post_tag","embeddable":true,"href":"https:\/\/wikicollection.fr\/index.php?rest_route=%2Fwp%2Fv2%2Ftags&post=121593"}],"curies":[{"name":"wp","href":"https:\/\/api.w.org\/{rel}","templated":true}]}}