{"id":121591,"date":"2021-01-10T00:32:11","date_gmt":"2021-01-09T23:32:11","guid":{"rendered":"https:\/\/wikicollection.fr\/?p=121591"},"modified":"2021-03-16T14:10:20","modified_gmt":"2021-03-16T13:10:20","slug":"cartes-didentite-evolution-des-modeles-et-de-la-fiscalite-de-1921-a-1987-droit-de-timbre-de-13-francs","status":"publish","type":"post","link":"https:\/\/wikicollection.fr\/?p=121591","title":{"rendered":"Cartes d&rsquo;identit\u00e9 \u2013 \u00c9volution des mod\u00e8les et de la fiscalit\u00e9 de 1921 \u00e0 1987 \/ Droit de timbre de 13 francs"},"content":{"rendered":"<a class=\"macoll bleu\" href=\"http:\/\/www.wikicollection.fr\/?p=121244\"><img src=http:\/\/www.wikicollection.fr\/wp-includes\/images\/retour.jpg>Aller au sommaire<\/a><br><a class=\"macoll bleu\" href=\"?page_id=10005\"><img src=http:\/\/www.wikicollection.fr\/wp-includes\/images\/ajout.jpg>Suivre cette page<\/a><br><br>\n<ul>\n<li><a href=\"https:\/\/wikicollection.fr\/?p=121580\">Les documents pr\u00e9curseurs de la carte d\u2019identit\u00e9<\/a><\/li>\n<li><a href=\"https:\/\/wikicollection.fr\/?p=121583\">Droit de\u00a0 timbre de 4 francs \/ Janvier 1922 (Loi du 29 avril 1921 &amp; D\u00e9cret du 31 d\u00e9cembre 1921)<\/a><\/li>\n<li><a href=\"https:\/\/wikicollection.fr\/?p=121586\">Droit de\u00a0 timbre de 4,80 francs (soit 2 d\u00e9cimes en sus) \/ Mars 1924 (Loi du 22 mars 1924)<\/a><\/li>\n<li><a href=\"https:\/\/wikicollection.fr\/?p=121589\">Droit de\u00a0 timbre de 12 francs \/ Ao\u00fbt 1926 (D\u00e9cret du 3 ao\u00fbt 1926 &amp; Code du timbre 1935 \u2013 Art. 202)<\/a><\/li>\n<li><strong>Droit de timbre de 13 francs \/ Juillet 1938 (D\u00e9cret du 28 mai 1938)<\/strong><\/li>\n<li><a href=\"https:\/\/wikicollection.fr\/?p=121593\">Droit de\u00a0 timbre de 15 francs \/ 1943 (Loi du 24 mars 1943)<\/a><\/li>\n<li><a href=\"https:\/\/wikicollection.fr\/?p=121596\">Droit de\u00a0 timbre de 50 francs \u00e0 85 francs \/ 1947 \u00e0 1955 (Loi du 23 d\u00e9cembre 1946)<\/a><\/li>\n<li><a href=\"https:\/\/wikicollection.fr\/?p=121598\">Droit de timbre de 85 \u00e0 250 francs &amp; 2,50 NF \u00e0 150 francs \/ 1956 \u00e0 1987 (D\u00e9cret n\u00b0 55*1397 du 22 octobre 1955)<\/a><\/li>\n<\/ul>\n<p><strong>Extrait du Journal Officiel de la R\u00e9publique Fran\u00e7aise &#8211; 29 mai 1938 &#8211; page 6047<br \/>\n<\/strong><strong><a href=\"http:\/\/wikicollection.fr\/?p=100408\"><img loading=\"lazy\" decoding=\"async\" src=\"http:\/\/wikicollection.fr\/wp-content\/uploads\/2015\/09\/fleche1.jpg\" alt=\"fleche\" width=\"20\" height=\"20\" \/><\/a><\/strong><a href=\"https:\/\/gallica.bnf.fr\/ark:\/12148\/bpt6k2031344q\/f7.item\" target=\"_blank\" rel=\"noopener\">Acc\u00e9der au N\u00b0 du JORF<\/a><br \/>\n<img loading=\"lazy\" decoding=\"async\" class=\"alignnone wp-image-121522\" src=\"https:\/\/wikicollection.fr\/wp-content\/uploads\/2020\/12\/Tarif-au-28-mai-1938-OK.jpg\" alt=\"\" width=\"500\" height=\"399\" srcset=\"https:\/\/wikicollection.fr\/wp-content\/uploads\/2020\/12\/Tarif-au-28-mai-1938-OK.jpg 749w, https:\/\/wikicollection.fr\/wp-content\/uploads\/2020\/12\/Tarif-au-28-mai-1938-OK-445x355.jpg 445w, https:\/\/wikicollection.fr\/wp-content\/uploads\/2020\/12\/Tarif-au-28-mai-1938-OK-300x240.jpg 300w\" sizes=\"auto, (max-width: 500px) 100vw, 500px\" \/><\/p>\n<p>&nbsp;<\/p>\n<p><div id=\"FRCI-PARISCARTEID-13-1\"><br><\/div><hr class=\"divider\" \/><a class=\"macoll bleu\" href=\"http:\/\/wikicollection.fr\/?page_id=10005#FRCI-PARISCARTEID-13-1\"><img src=http:\/\/www.wikicollection.fr\/wp-includes\/images\/epingle.jpg>Ajouter &agrave; ma collection<\/a><a class=\"macoll bleu\" href=\"http:\/\/wikicollection.fr\/?page_id=10005#FRCI-PARISCARTEID-13-1\"><img src=http:\/\/www.wikicollection.fr\/wp-includes\/images\/echange.jpg>Vendre\/&eacute;changer<\/a>  <a class=\"macoll bleu\" href=\"http:\/\/wikicollection.fr\/?page_id=10005#FRCI-PARISCARTEID-13-1\"><img src=http:\/\/www.wikicollection.fr\/wp-includes\/images\/loupe.jpg>Rechercher<\/a><br>      <br \/>\n<strong>Date &amp; lieu : <\/strong>8 juillet 1942 &#8211; Rosi\u00e8res-aux-salines (Meurthe-et-Moselle)<strong><br \/>\nTaxe : <\/strong>13 francs &#8211; tampon humide<br \/>\n<strong>Carte :<\/strong> \u00ab\u00a0R\u00e9publique Fran\u00e7aise\u00a0\u00bb surcharg\u00e9e \u00ab\u00a0\u00c9tat Fran\u00e7ais\u00a0\u00bb<br \/>\n<strong>Imprimeur :<\/strong> Chaix (B)<br \/>\n<img loading=\"lazy\" decoding=\"async\" class=\"alignnone wp-image-121253\" src=\"https:\/\/wikicollection.fr\/wp-content\/uploads\/2020\/12\/Cartes-13-F-Petit-Didier-timbre-humide-scaled.jpg\" alt=\"\" width=\"433\" height=\"600\" srcset=\"https:\/\/wikicollection.fr\/wp-content\/uploads\/2020\/12\/Cartes-13-F-Petit-Didier-timbre-humide-scaled.jpg 1849w, https:\/\/wikicollection.fr\/wp-content\/uploads\/2020\/12\/Cartes-13-F-Petit-Didier-timbre-humide-445x616.jpg 445w, https:\/\/wikicollection.fr\/wp-content\/uploads\/2020\/12\/Cartes-13-F-Petit-Didier-timbre-humide-217x300.jpg 217w, https:\/\/wikicollection.fr\/wp-content\/uploads\/2020\/12\/Cartes-13-F-Petit-Didier-timbre-humide-740x1024.jpg 740w, https:\/\/wikicollection.fr\/wp-content\/uploads\/2020\/12\/Cartes-13-F-Petit-Didier-timbre-humide-768x1063.jpg 768w, https:\/\/wikicollection.fr\/wp-content\/uploads\/2020\/12\/Cartes-13-F-Petit-Didier-timbre-humide-1109x1536.jpg 1109w, https:\/\/wikicollection.fr\/wp-content\/uploads\/2020\/12\/Cartes-13-F-Petit-Didier-timbre-humide-1479x2048.jpg 1479w\" sizes=\"auto, (max-width: 433px) 100vw, 433px\" \/><br \/>\n<img loading=\"lazy\" decoding=\"async\" class=\"alignnone wp-image-121258\" src=\"https:\/\/wikicollection.fr\/wp-content\/uploads\/2020\/12\/Cartes-13-F-Petit-Didier-timbre-humide-B-scaled.jpg\" alt=\"\" width=\"600\" height=\"443\" srcset=\"https:\/\/wikicollection.fr\/wp-content\/uploads\/2020\/12\/Cartes-13-F-Petit-Didier-timbre-humide-B-scaled.jpg 2560w, https:\/\/wikicollection.fr\/wp-content\/uploads\/2020\/12\/Cartes-13-F-Petit-Didier-timbre-humide-B-445x328.jpg 445w, https:\/\/wikicollection.fr\/wp-content\/uploads\/2020\/12\/Cartes-13-F-Petit-Didier-timbre-humide-B-300x221.jpg 300w, https:\/\/wikicollection.fr\/wp-content\/uploads\/2020\/12\/Cartes-13-F-Petit-Didier-timbre-humide-B-1024x755.jpg 1024w, https:\/\/wikicollection.fr\/wp-content\/uploads\/2020\/12\/Cartes-13-F-Petit-Didier-timbre-humide-B-768x566.jpg 768w, https:\/\/wikicollection.fr\/wp-content\/uploads\/2020\/12\/Cartes-13-F-Petit-Didier-timbre-humide-B-1536x1133.jpg 1536w, https:\/\/wikicollection.fr\/wp-content\/uploads\/2020\/12\/Cartes-13-F-Petit-Didier-timbre-humide-B-2048x1510.jpg 2048w\" sizes=\"auto, (max-width: 600px) 100vw, 600px\" \/><\/p>\n<p>&nbsp;<\/p>\n<p><div id=\"FRCI-PARISCARTEID-13-2\"><br><\/div><hr class=\"divider\" \/><a class=\"macoll bleu\" href=\"http:\/\/wikicollection.fr\/?page_id=10005#FRCI-PARISCARTEID-13-2\"><img src=http:\/\/www.wikicollection.fr\/wp-includes\/images\/epingle.jpg>Ajouter &agrave; ma collection<\/a><a class=\"macoll bleu\" href=\"http:\/\/wikicollection.fr\/?page_id=10005#FRCI-PARISCARTEID-13-2\"><img src=http:\/\/www.wikicollection.fr\/wp-includes\/images\/echange.jpg>Vendre\/&eacute;changer<\/a>  <a class=\"macoll bleu\" href=\"http:\/\/wikicollection.fr\/?page_id=10005#FRCI-PARISCARTEID-13-2\"><img src=http:\/\/www.wikicollection.fr\/wp-includes\/images\/loupe.jpg>Rechercher<\/a><br>      <br \/>\n<strong>Date &amp; lieu : <\/strong>30 octobre 1940 &#8211; Sauvage-Magny (Haute-Marne)<strong><br \/>\nTaxe : <\/strong>13 francs &#8211; s\u00e9rie unifi\u00e9e 1936-58<br \/>\n<img loading=\"lazy\" decoding=\"async\" class=\"alignnone wp-image-121254\" src=\"https:\/\/wikicollection.fr\/wp-content\/uploads\/2020\/12\/Cartes-13-F-Bertrand-scaled.jpg\" alt=\"\" width=\"600\" height=\"500\" srcset=\"https:\/\/wikicollection.fr\/wp-content\/uploads\/2020\/12\/Cartes-13-F-Bertrand-scaled.jpg 2560w, https:\/\/wikicollection.fr\/wp-content\/uploads\/2020\/12\/Cartes-13-F-Bertrand-445x371.jpg 445w, https:\/\/wikicollection.fr\/wp-content\/uploads\/2020\/12\/Cartes-13-F-Bertrand-300x250.jpg 300w, https:\/\/wikicollection.fr\/wp-content\/uploads\/2020\/12\/Cartes-13-F-Bertrand-1024x854.jpg 1024w, https:\/\/wikicollection.fr\/wp-content\/uploads\/2020\/12\/Cartes-13-F-Bertrand-768x641.jpg 768w, https:\/\/wikicollection.fr\/wp-content\/uploads\/2020\/12\/Cartes-13-F-Bertrand-1536x1281.jpg 1536w, https:\/\/wikicollection.fr\/wp-content\/uploads\/2020\/12\/Cartes-13-F-Bertrand-2048x1708.jpg 2048w\" sizes=\"auto, (max-width: 600px) 100vw, 600px\" \/><br \/>\n<img loading=\"lazy\" decoding=\"async\" class=\"alignnone wp-image-121259\" src=\"https:\/\/wikicollection.fr\/wp-content\/uploads\/2020\/12\/Cartes-13-F-Bertrand-B-scaled.jpg\" alt=\"\" width=\"600\" height=\"496\" srcset=\"https:\/\/wikicollection.fr\/wp-content\/uploads\/2020\/12\/Cartes-13-F-Bertrand-B-scaled.jpg 2560w, https:\/\/wikicollection.fr\/wp-content\/uploads\/2020\/12\/Cartes-13-F-Bertrand-B-445x368.jpg 445w, https:\/\/wikicollection.fr\/wp-content\/uploads\/2020\/12\/Cartes-13-F-Bertrand-B-300x248.jpg 300w, https:\/\/wikicollection.fr\/wp-content\/uploads\/2020\/12\/Cartes-13-F-Bertrand-B-1024x847.jpg 1024w, https:\/\/wikicollection.fr\/wp-content\/uploads\/2020\/12\/Cartes-13-F-Bertrand-B-768x635.jpg 768w, https:\/\/wikicollection.fr\/wp-content\/uploads\/2020\/12\/Cartes-13-F-Bertrand-B-1536x1270.jpg 1536w, https:\/\/wikicollection.fr\/wp-content\/uploads\/2020\/12\/Cartes-13-F-Bertrand-B-2048x1694.jpg 2048w\" sizes=\"auto, (max-width: 600px) 100vw, 600px\" \/><\/p>\n<p><div id=\"FRCI-PARISCARTEID-13-3\"><br><\/div><hr class=\"divider\" \/><a class=\"macoll bleu\" href=\"http:\/\/wikicollection.fr\/?page_id=10005#FRCI-PARISCARTEID-13-3\"><img src=http:\/\/www.wikicollection.fr\/wp-includes\/images\/epingle.jpg>Ajouter &agrave; ma collection<\/a><a class=\"macoll bleu\" href=\"http:\/\/wikicollection.fr\/?page_id=10005#FRCI-PARISCARTEID-13-3\"><img src=http:\/\/www.wikicollection.fr\/wp-includes\/images\/echange.jpg>Vendre\/&eacute;changer<\/a>  <a class=\"macoll bleu\" href=\"http:\/\/wikicollection.fr\/?page_id=10005#FRCI-PARISCARTEID-13-3\"><img src=http:\/\/www.wikicollection.fr\/wp-includes\/images\/loupe.jpg>Rechercher<\/a><br>      <br \/>\n<strong>Date &amp; lieu : <\/strong>11 d\u00e9cembre 1941 &#8211; Plougoumelen (Morbihan)<strong><br \/>\nTaxe : <\/strong>13 francs &#8211; s\u00e9rie unifi\u00e9e 1936-58<br \/>\n<img loading=\"lazy\" decoding=\"async\" class=\"alignnone wp-image-121297\" src=\"https:\/\/wikicollection.fr\/wp-content\/uploads\/2020\/12\/Cartes-13-F-Rio-A-scaled.jpg\" alt=\"\" width=\"600\" height=\"430\" srcset=\"https:\/\/wikicollection.fr\/wp-content\/uploads\/2020\/12\/Cartes-13-F-Rio-A-scaled.jpg 2560w, https:\/\/wikicollection.fr\/wp-content\/uploads\/2020\/12\/Cartes-13-F-Rio-A-445x319.jpg 445w, https:\/\/wikicollection.fr\/wp-content\/uploads\/2020\/12\/Cartes-13-F-Rio-A-300x215.jpg 300w, https:\/\/wikicollection.fr\/wp-content\/uploads\/2020\/12\/Cartes-13-F-Rio-A-1024x734.jpg 1024w, https:\/\/wikicollection.fr\/wp-content\/uploads\/2020\/12\/Cartes-13-F-Rio-A-768x551.jpg 768w, https:\/\/wikicollection.fr\/wp-content\/uploads\/2020\/12\/Cartes-13-F-Rio-A-1536x1102.jpg 1536w, https:\/\/wikicollection.fr\/wp-content\/uploads\/2020\/12\/Cartes-13-F-Rio-A-2048x1469.jpg 2048w\" sizes=\"auto, (max-width: 600px) 100vw, 600px\" \/><br \/>\n<img loading=\"lazy\" decoding=\"async\" class=\"alignnone wp-image-121298\" src=\"https:\/\/wikicollection.fr\/wp-content\/uploads\/2020\/12\/Cartes-13-FRio-B-scaled.jpg\" alt=\"\" width=\"600\" height=\"430\" srcset=\"https:\/\/wikicollection.fr\/wp-content\/uploads\/2020\/12\/Cartes-13-FRio-B-scaled.jpg 2560w, https:\/\/wikicollection.fr\/wp-content\/uploads\/2020\/12\/Cartes-13-FRio-B-445x319.jpg 445w, https:\/\/wikicollection.fr\/wp-content\/uploads\/2020\/12\/Cartes-13-FRio-B-300x215.jpg 300w, https:\/\/wikicollection.fr\/wp-content\/uploads\/2020\/12\/Cartes-13-FRio-B-1024x734.jpg 1024w, https:\/\/wikicollection.fr\/wp-content\/uploads\/2020\/12\/Cartes-13-FRio-B-768x550.jpg 768w, https:\/\/wikicollection.fr\/wp-content\/uploads\/2020\/12\/Cartes-13-FRio-B-1536x1100.jpg 1536w, https:\/\/wikicollection.fr\/wp-content\/uploads\/2020\/12\/Cartes-13-FRio-B-2048x1467.jpg 2048w\" sizes=\"auto, (max-width: 600px) 100vw, 600px\" \/><\/p>\n<p><div id=\"FRCI-PARISCARTEID-13-4\"><br><\/div><hr class=\"divider\" \/><a class=\"macoll bleu\" href=\"http:\/\/wikicollection.fr\/?page_id=10005#FRCI-PARISCARTEID-13-4\"><img src=http:\/\/www.wikicollection.fr\/wp-includes\/images\/epingle.jpg>Ajouter &agrave; ma collection<\/a><a class=\"macoll bleu\" href=\"http:\/\/wikicollection.fr\/?page_id=10005#FRCI-PARISCARTEID-13-4\"><img src=http:\/\/www.wikicollection.fr\/wp-includes\/images\/echange.jpg>Vendre\/&eacute;changer<\/a>  <a class=\"macoll bleu\" href=\"http:\/\/wikicollection.fr\/?page_id=10005#FRCI-PARISCARTEID-13-4\"><img src=http:\/\/www.wikicollection.fr\/wp-includes\/images\/loupe.jpg>Rechercher<\/a><br>      <br \/>\n<strong> Date &amp; lieu : <\/strong>3 f\u00e9vrier 1943 &#8211; Ollioules (Var)<strong><br \/>\nTaxe : <\/strong>13 francs &#8211; s\u00e9rie unifi\u00e9e 1936-58<br \/>\n<strong>Carte :<\/strong> Carton uniface<br \/>\n<img loading=\"lazy\" decoding=\"async\" class=\"alignnone wp-image-121299\" src=\"https:\/\/wikicollection.fr\/wp-content\/uploads\/2020\/12\/Cartes-13-F-Fourcade-scaled.jpg\" alt=\"\" width=\"417\" height=\"550\" srcset=\"https:\/\/wikicollection.fr\/wp-content\/uploads\/2020\/12\/Cartes-13-F-Fourcade-scaled.jpg 1941w, https:\/\/wikicollection.fr\/wp-content\/uploads\/2020\/12\/Cartes-13-F-Fourcade-445x587.jpg 445w, https:\/\/wikicollection.fr\/wp-content\/uploads\/2020\/12\/Cartes-13-F-Fourcade-228x300.jpg 228w, https:\/\/wikicollection.fr\/wp-content\/uploads\/2020\/12\/Cartes-13-F-Fourcade-777x1024.jpg 777w, https:\/\/wikicollection.fr\/wp-content\/uploads\/2020\/12\/Cartes-13-F-Fourcade-768x1013.jpg 768w, https:\/\/wikicollection.fr\/wp-content\/uploads\/2020\/12\/Cartes-13-F-Fourcade-1165x1536.jpg 1165w, https:\/\/wikicollection.fr\/wp-content\/uploads\/2020\/12\/Cartes-13-F-Fourcade-1553x2048.jpg 1553w\" sizes=\"auto, (max-width: 417px) 100vw, 417px\" \/><\/p>\n<p>&nbsp;<\/p>\n<p><div id=\"FRCI-PARISCARTEID-13-5\"><br><\/div><hr class=\"divider\" \/><a class=\"macoll bleu\" href=\"http:\/\/wikicollection.fr\/?page_id=10005#FRCI-PARISCARTEID-13-5\"><img src=http:\/\/www.wikicollection.fr\/wp-includes\/images\/epingle.jpg>Ajouter &agrave; ma collection<\/a><a class=\"macoll bleu\" href=\"http:\/\/wikicollection.fr\/?page_id=10005#FRCI-PARISCARTEID-13-5\"><img src=http:\/\/www.wikicollection.fr\/wp-includes\/images\/echange.jpg>Vendre\/&eacute;changer<\/a>  <a class=\"macoll bleu\" href=\"http:\/\/wikicollection.fr\/?page_id=10005#FRCI-PARISCARTEID-13-5\"><img src=http:\/\/www.wikicollection.fr\/wp-includes\/images\/loupe.jpg>Rechercher<\/a><br>      <br \/>\n<strong>Date &amp; lieu : <\/strong>22 avril 1940 &#8211; Poligny (Jura)<strong><br \/>\nTaxe : <\/strong>13 francs (10 &amp; 3 francs &#8211; s\u00e9rie unifi\u00e9e 1936-58)<br \/>\n<strong>Carte :<\/strong> Mod\u00e8le imprim\u00e9 pour Poligny<br \/>\n<img loading=\"lazy\" decoding=\"async\" class=\"alignnone wp-image-121262\" src=\"https:\/\/wikicollection.fr\/wp-content\/uploads\/2020\/12\/Cartes-13-F-Schmitt-B-scaled.jpg\" alt=\"\" width=\"500\" height=\"348\" srcset=\"https:\/\/wikicollection.fr\/wp-content\/uploads\/2020\/12\/Cartes-13-F-Schmitt-B-scaled.jpg 2560w, https:\/\/wikicollection.fr\/wp-content\/uploads\/2020\/12\/Cartes-13-F-Schmitt-B-445x309.jpg 445w, https:\/\/wikicollection.fr\/wp-content\/uploads\/2020\/12\/Cartes-13-F-Schmitt-B-300x209.jpg 300w, https:\/\/wikicollection.fr\/wp-content\/uploads\/2020\/12\/Cartes-13-F-Schmitt-B-1024x712.jpg 1024w, https:\/\/wikicollection.fr\/wp-content\/uploads\/2020\/12\/Cartes-13-F-Schmitt-B-768x534.jpg 768w, https:\/\/wikicollection.fr\/wp-content\/uploads\/2020\/12\/Cartes-13-F-Schmitt-B-1536x1068.jpg 1536w, https:\/\/wikicollection.fr\/wp-content\/uploads\/2020\/12\/Cartes-13-F-Schmitt-B-2048x1424.jpg 2048w, https:\/\/wikicollection.fr\/wp-content\/uploads\/2020\/12\/Cartes-13-F-Schmitt-B-392x272.jpg 392w, https:\/\/wikicollection.fr\/wp-content\/uploads\/2020\/12\/Cartes-13-F-Schmitt-B-130x90.jpg 130w\" sizes=\"auto, (max-width: 500px) 100vw, 500px\" \/><br \/>\n<img loading=\"lazy\" decoding=\"async\" class=\"alignnone wp-image-121263\" src=\"https:\/\/wikicollection.fr\/wp-content\/uploads\/2020\/12\/Cartes-13-F-Sccmitt-scaled.jpg\" alt=\"\" width=\"500\" height=\"348\" srcset=\"https:\/\/wikicollection.fr\/wp-content\/uploads\/2020\/12\/Cartes-13-F-Sccmitt-scaled.jpg 2560w, https:\/\/wikicollection.fr\/wp-content\/uploads\/2020\/12\/Cartes-13-F-Sccmitt-445x310.jpg 445w, https:\/\/wikicollection.fr\/wp-content\/uploads\/2020\/12\/Cartes-13-F-Sccmitt-300x209.jpg 300w, https:\/\/wikicollection.fr\/wp-content\/uploads\/2020\/12\/Cartes-13-F-Sccmitt-1024x713.jpg 1024w, https:\/\/wikicollection.fr\/wp-content\/uploads\/2020\/12\/Cartes-13-F-Sccmitt-768x535.jpg 768w, https:\/\/wikicollection.fr\/wp-content\/uploads\/2020\/12\/Cartes-13-F-Sccmitt-1536x1070.jpg 1536w, https:\/\/wikicollection.fr\/wp-content\/uploads\/2020\/12\/Cartes-13-F-Sccmitt-2048x1427.jpg 2048w, https:\/\/wikicollection.fr\/wp-content\/uploads\/2020\/12\/Cartes-13-F-Sccmitt-392x272.jpg 392w, https:\/\/wikicollection.fr\/wp-content\/uploads\/2020\/12\/Cartes-13-F-Sccmitt-130x90.jpg 130w\" sizes=\"auto, (max-width: 500px) 100vw, 500px\" \/><\/p>\n<p><div id=\"FRCI-PARISCARTEID-13-6\"><br><\/div><hr class=\"divider\" \/><a class=\"macoll bleu\" href=\"http:\/\/wikicollection.fr\/?page_id=10005#FRCI-PARISCARTEID-13-6\"><img src=http:\/\/www.wikicollection.fr\/wp-includes\/images\/epingle.jpg>Ajouter &agrave; ma collection<\/a><a class=\"macoll bleu\" href=\"http:\/\/wikicollection.fr\/?page_id=10005#FRCI-PARISCARTEID-13-6\"><img src=http:\/\/www.wikicollection.fr\/wp-includes\/images\/echange.jpg>Vendre\/&eacute;changer<\/a>  <a class=\"macoll bleu\" href=\"http:\/\/wikicollection.fr\/?page_id=10005#FRCI-PARISCARTEID-13-6\"><img src=http:\/\/www.wikicollection.fr\/wp-includes\/images\/loupe.jpg>Rechercher<\/a><br>      <br \/>\n<strong>Date &amp; lieu : <\/strong>22 avril 1939 &#8211; Poligny (Jura)<strong><br \/>\nTaxe :<\/strong> 12 francs (10 &amp; 2 francs &#8211; s\u00e9rie unifi\u00e9e 1936-58)<br \/>\n<strong>Carte :<\/strong> Mod\u00e8le imprim\u00e9 pour Poligny, taxe de 12 francs au lieu de 13 francs (tarif apr\u00e8s juillet 1938)<br \/>\n<img loading=\"lazy\" decoding=\"async\" class=\"alignnone wp-image-121357\" src=\"https:\/\/wikicollection.fr\/wp-content\/uploads\/2020\/12\/Cartes-12-F-Schmitt-Poligny-A-scaled.jpg\" alt=\"\" width=\"500\" height=\"348\" srcset=\"https:\/\/wikicollection.fr\/wp-content\/uploads\/2020\/12\/Cartes-12-F-Schmitt-Poligny-A-scaled.jpg 2560w, https:\/\/wikicollection.fr\/wp-content\/uploads\/2020\/12\/Cartes-12-F-Schmitt-Poligny-A-445x310.jpg 445w, https:\/\/wikicollection.fr\/wp-content\/uploads\/2020\/12\/Cartes-12-F-Schmitt-Poligny-A-300x209.jpg 300w, https:\/\/wikicollection.fr\/wp-content\/uploads\/2020\/12\/Cartes-12-F-Schmitt-Poligny-A-1024x713.jpg 1024w, https:\/\/wikicollection.fr\/wp-content\/uploads\/2020\/12\/Cartes-12-F-Schmitt-Poligny-A-768x535.jpg 768w, https:\/\/wikicollection.fr\/wp-content\/uploads\/2020\/12\/Cartes-12-F-Schmitt-Poligny-A-1536x1069.jpg 1536w, https:\/\/wikicollection.fr\/wp-content\/uploads\/2020\/12\/Cartes-12-F-Schmitt-Poligny-A-2048x1426.jpg 2048w, https:\/\/wikicollection.fr\/wp-content\/uploads\/2020\/12\/Cartes-12-F-Schmitt-Poligny-A-392x272.jpg 392w, https:\/\/wikicollection.fr\/wp-content\/uploads\/2020\/12\/Cartes-12-F-Schmitt-Poligny-A-130x90.jpg 130w\" sizes=\"auto, (max-width: 500px) 100vw, 500px\" \/><br \/>\n<img loading=\"lazy\" decoding=\"async\" class=\"alignnone wp-image-121358\" src=\"https:\/\/wikicollection.fr\/wp-content\/uploads\/2020\/12\/Cartes-12-F-Schmitt-Poligny-B-scaled.jpg\" alt=\"\" width=\"500\" height=\"352\" srcset=\"https:\/\/wikicollection.fr\/wp-content\/uploads\/2020\/12\/Cartes-12-F-Schmitt-Poligny-B-scaled.jpg 2560w, https:\/\/wikicollection.fr\/wp-content\/uploads\/2020\/12\/Cartes-12-F-Schmitt-Poligny-B-445x314.jpg 445w, https:\/\/wikicollection.fr\/wp-content\/uploads\/2020\/12\/Cartes-12-F-Schmitt-Poligny-B-300x211.jpg 300w, https:\/\/wikicollection.fr\/wp-content\/uploads\/2020\/12\/Cartes-12-F-Schmitt-Poligny-B-1024x721.jpg 1024w, https:\/\/wikicollection.fr\/wp-content\/uploads\/2020\/12\/Cartes-12-F-Schmitt-Poligny-B-768x541.jpg 768w, https:\/\/wikicollection.fr\/wp-content\/uploads\/2020\/12\/Cartes-12-F-Schmitt-Poligny-B-1536x1082.jpg 1536w, https:\/\/wikicollection.fr\/wp-content\/uploads\/2020\/12\/Cartes-12-F-Schmitt-Poligny-B-2048x1443.jpg 2048w\" sizes=\"auto, (max-width: 500px) 100vw, 500px\" \/><\/p>\n<p><div id=\"FRCI-PARISCARTEID-13-7\"><br><\/div><hr class=\"divider\" \/><a class=\"macoll bleu\" href=\"http:\/\/wikicollection.fr\/?page_id=10005#FRCI-PARISCARTEID-13-7\"><img src=http:\/\/www.wikicollection.fr\/wp-includes\/images\/epingle.jpg>Ajouter &agrave; ma collection<\/a><a class=\"macoll bleu\" href=\"http:\/\/wikicollection.fr\/?page_id=10005#FRCI-PARISCARTEID-13-7\"><img src=http:\/\/www.wikicollection.fr\/wp-includes\/images\/echange.jpg>Vendre\/&eacute;changer<\/a>  <a class=\"macoll bleu\" href=\"http:\/\/wikicollection.fr\/?page_id=10005#FRCI-PARISCARTEID-13-7\"><img src=http:\/\/www.wikicollection.fr\/wp-includes\/images\/loupe.jpg>Rechercher<\/a><br>      <br \/>\n<strong>Date &amp; lieu : <\/strong>14 mai 1940 &#8211; Epinal (Vosges)<strong><br \/>\nTaxe : <\/strong>13 francs &#8211; s\u00e9rie unifi\u00e9e 1936-58<br \/>\n<strong>Carte :<\/strong> Uniface<br \/>\n<strong>Imprimeur :<\/strong> Combier, Macon<br \/>\n<img loading=\"lazy\" decoding=\"async\" class=\"alignnone wp-image-121355\" src=\"https:\/\/wikicollection.fr\/wp-content\/uploads\/2020\/12\/Cartes-15-F-Dessirier-scaled.jpg\" alt=\"\" width=\"431\" height=\"600\" srcset=\"https:\/\/wikicollection.fr\/wp-content\/uploads\/2020\/12\/Cartes-15-F-Dessirier-scaled.jpg 1841w, https:\/\/wikicollection.fr\/wp-content\/uploads\/2020\/12\/Cartes-15-F-Dessirier-445x619.jpg 445w, https:\/\/wikicollection.fr\/wp-content\/uploads\/2020\/12\/Cartes-15-F-Dessirier-216x300.jpg 216w, https:\/\/wikicollection.fr\/wp-content\/uploads\/2020\/12\/Cartes-15-F-Dessirier-737x1024.jpg 737w, https:\/\/wikicollection.fr\/wp-content\/uploads\/2020\/12\/Cartes-15-F-Dessirier-768x1068.jpg 768w, https:\/\/wikicollection.fr\/wp-content\/uploads\/2020\/12\/Cartes-15-F-Dessirier-1105x1536.jpg 1105w, https:\/\/wikicollection.fr\/wp-content\/uploads\/2020\/12\/Cartes-15-F-Dessirier-1473x2048.jpg 1473w\" sizes=\"auto, (max-width: 431px) 100vw, 431px\" \/><\/p>\n<p><div id=\"FRCI-PARISCARTEID-13-8\"><br><\/div><hr class=\"divider\" \/><a class=\"macoll bleu\" href=\"http:\/\/wikicollection.fr\/?page_id=10005#FRCI-PARISCARTEID-13-8\"><img src=http:\/\/www.wikicollection.fr\/wp-includes\/images\/epingle.jpg>Ajouter &agrave; ma collection<\/a><a class=\"macoll bleu\" href=\"http:\/\/wikicollection.fr\/?page_id=10005#FRCI-PARISCARTEID-13-8\"><img src=http:\/\/www.wikicollection.fr\/wp-includes\/images\/echange.jpg>Vendre\/&eacute;changer<\/a>  <a class=\"macoll bleu\" href=\"http:\/\/wikicollection.fr\/?page_id=10005#FRCI-PARISCARTEID-13-8\"><img src=http:\/\/www.wikicollection.fr\/wp-includes\/images\/loupe.jpg>Rechercher<\/a><br>      <br \/>\n<strong> Date &amp; lieu : <\/strong>23 octobre 1939 &#8211; Conthil (Moselle)<strong><br \/>\nTaxe : <\/strong>13 francs (1 franc &#8211; s\u00e9rie unifi\u00e9e 1936-58) &amp; (2 x 6 francs &#8211; dimension 1939)<br \/>\n<strong>Carte :<\/strong> Visa de Montauban le 24 mars 1943, retour \u00e0 son domicile (Conthil) le 18 d\u00e9cembre 1944 en passant par Armaucourt (Meurthe-et-Moselle) le 12 janvier 1944<br \/>\n<strong>Imprimeur :<\/strong> CH. Musman, Chateau-Salins<br \/>\n<img loading=\"lazy\" decoding=\"async\" class=\"alignnone wp-image-121261\" src=\"https:\/\/wikicollection.fr\/wp-content\/uploads\/2020\/12\/Cartes-13-F-Rousselt-B-scaled.jpg\" alt=\"\" width=\"455\" height=\"600\" srcset=\"https:\/\/wikicollection.fr\/wp-content\/uploads\/2020\/12\/Cartes-13-F-Rousselt-B-scaled.jpg 1943w, https:\/\/wikicollection.fr\/wp-content\/uploads\/2020\/12\/Cartes-13-F-Rousselt-B-445x586.jpg 445w, https:\/\/wikicollection.fr\/wp-content\/uploads\/2020\/12\/Cartes-13-F-Rousselt-B-228x300.jpg 228w, https:\/\/wikicollection.fr\/wp-content\/uploads\/2020\/12\/Cartes-13-F-Rousselt-B-777x1024.jpg 777w, https:\/\/wikicollection.fr\/wp-content\/uploads\/2020\/12\/Cartes-13-F-Rousselt-B-768x1012.jpg 768w, https:\/\/wikicollection.fr\/wp-content\/uploads\/2020\/12\/Cartes-13-F-Rousselt-B-1166x1536.jpg 1166w, https:\/\/wikicollection.fr\/wp-content\/uploads\/2020\/12\/Cartes-13-F-Rousselt-B-1554x2048.jpg 1554w\" sizes=\"auto, (max-width: 455px) 100vw, 455px\" \/><br \/>\n<img loading=\"lazy\" decoding=\"async\" class=\"alignnone wp-image-121264\" src=\"https:\/\/wikicollection.fr\/wp-content\/uploads\/2020\/12\/Cartes-13-F-Rousselet-scaled.jpg\" alt=\"\" width=\"600\" height=\"449\" srcset=\"https:\/\/wikicollection.fr\/wp-content\/uploads\/2020\/12\/Cartes-13-F-Rousselet-scaled.jpg 2560w, https:\/\/wikicollection.fr\/wp-content\/uploads\/2020\/12\/Cartes-13-F-Rousselet-445x333.jpg 445w, https:\/\/wikicollection.fr\/wp-content\/uploads\/2020\/12\/Cartes-13-F-Rousselet-300x225.jpg 300w, https:\/\/wikicollection.fr\/wp-content\/uploads\/2020\/12\/Cartes-13-F-Rousselet-1024x767.jpg 1024w, https:\/\/wikicollection.fr\/wp-content\/uploads\/2020\/12\/Cartes-13-F-Rousselet-768x575.jpg 768w, https:\/\/wikicollection.fr\/wp-content\/uploads\/2020\/12\/Cartes-13-F-Rousselet-1536x1150.jpg 1536w, https:\/\/wikicollection.fr\/wp-content\/uploads\/2020\/12\/Cartes-13-F-Rousselet-2048x1534.jpg 2048w\" sizes=\"auto, (max-width: 600px) 100vw, 600px\" \/><\/p>\n<p><div id=\"FRCI-PARISCARTEID-13-9\"><br><\/div><hr class=\"divider\" \/><a class=\"macoll bleu\" href=\"http:\/\/wikicollection.fr\/?page_id=10005#FRCI-PARISCARTEID-13-9\"><img src=http:\/\/www.wikicollection.fr\/wp-includes\/images\/epingle.jpg>Ajouter &agrave; ma collection<\/a><a class=\"macoll bleu\" href=\"http:\/\/wikicollection.fr\/?page_id=10005#FRCI-PARISCARTEID-13-9\"><img src=http:\/\/www.wikicollection.fr\/wp-includes\/images\/echange.jpg>Vendre\/&eacute;changer<\/a>  <a class=\"macoll bleu\" href=\"http:\/\/wikicollection.fr\/?page_id=10005#FRCI-PARISCARTEID-13-9\"><img src=http:\/\/www.wikicollection.fr\/wp-includes\/images\/loupe.jpg>Rechercher<\/a><br>      <br \/>\n<strong>Date &amp; lieu : <\/strong>9 f\u00e9vrier 1942 &#8211; Nice (Alpes-Maritimes)<strong><br \/>\nTaxe : <\/strong>13 francs &#8211; s\u00e9rie unifi\u00e9e DA &#8211; distributeurs auxiliaires 1936-42<br \/>\n<strong>Carte :<\/strong> Carton uniface<br \/>\n<img loading=\"lazy\" decoding=\"async\" class=\"alignnone wp-image-121303\" src=\"https:\/\/wikicollection.fr\/wp-content\/uploads\/2020\/12\/Cartes-13-F-Le-Mettais-scaled.jpg\" alt=\"\" width=\"436\" height=\"600\" srcset=\"https:\/\/wikicollection.fr\/wp-content\/uploads\/2020\/12\/Cartes-13-F-Le-Mettais-scaled.jpg 1861w, https:\/\/wikicollection.fr\/wp-content\/uploads\/2020\/12\/Cartes-13-F-Le-Mettais-445x612.jpg 445w, https:\/\/wikicollection.fr\/wp-content\/uploads\/2020\/12\/Cartes-13-F-Le-Mettais-218x300.jpg 218w, https:\/\/wikicollection.fr\/wp-content\/uploads\/2020\/12\/Cartes-13-F-Le-Mettais-744x1024.jpg 744w, https:\/\/wikicollection.fr\/wp-content\/uploads\/2020\/12\/Cartes-13-F-Le-Mettais-768x1057.jpg 768w, https:\/\/wikicollection.fr\/wp-content\/uploads\/2020\/12\/Cartes-13-F-Le-Mettais-1116x1536.jpg 1116w, https:\/\/wikicollection.fr\/wp-content\/uploads\/2020\/12\/Cartes-13-F-Le-Mettais-1489x2048.jpg 1489w\" sizes=\"auto, (max-width: 436px) 100vw, 436px\" \/><\/p>\n<p>&nbsp;<\/p>\n<div id=\"FRCI-PARISCARTEID-13-10\"><br><\/div><hr class=\"divider\" \/><a class=\"macoll bleu\" href=\"http:\/\/wikicollection.fr\/?page_id=10005#FRCI-PARISCARTEID-13-10\"><img src=http:\/\/www.wikicollection.fr\/wp-includes\/images\/epingle.jpg>Ajouter &agrave; ma collection<\/a><a class=\"macoll bleu\" href=\"http:\/\/wikicollection.fr\/?page_id=10005#FRCI-PARISCARTEID-13-10\"><img src=http:\/\/www.wikicollection.fr\/wp-includes\/images\/echange.jpg>Vendre\/&eacute;changer<\/a>  <a class=\"macoll bleu\" href=\"http:\/\/wikicollection.fr\/?page_id=10005#FRCI-PARISCARTEID-13-10\"><img src=http:\/\/www.wikicollection.fr\/wp-includes\/images\/loupe.jpg>Rechercher<\/a><br>      \n<p><strong>Date &amp; lieu : <\/strong>sans date &#8211; Ville-au-Montois (Meurthe-et-Moselle)<strong><br \/>\nTaxe : <\/strong>13 francs &#8211; s\u00e9rie unifi\u00e9e DA &#8211; distributeurs auxiliaires 1936-42<br \/>\n<img loading=\"lazy\" decoding=\"async\" class=\"alignnone wp-image-121304\" src=\"https:\/\/wikicollection.fr\/wp-content\/uploads\/2020\/12\/Cartes-13-F-Beauvier-A-scaled.jpg\" alt=\"\" width=\"500\" height=\"340\" srcset=\"https:\/\/wikicollection.fr\/wp-content\/uploads\/2020\/12\/Cartes-13-F-Beauvier-A-scaled.jpg 2560w, https:\/\/wikicollection.fr\/wp-content\/uploads\/2020\/12\/Cartes-13-F-Beauvier-A-445x303.jpg 445w, https:\/\/wikicollection.fr\/wp-content\/uploads\/2020\/12\/Cartes-13-F-Beauvier-A-300x204.jpg 300w, https:\/\/wikicollection.fr\/wp-content\/uploads\/2020\/12\/Cartes-13-F-Beauvier-A-1024x697.jpg 1024w, https:\/\/wikicollection.fr\/wp-content\/uploads\/2020\/12\/Cartes-13-F-Beauvier-A-768x523.jpg 768w, https:\/\/wikicollection.fr\/wp-content\/uploads\/2020\/12\/Cartes-13-F-Beauvier-A-1536x1046.jpg 1536w, https:\/\/wikicollection.fr\/wp-content\/uploads\/2020\/12\/Cartes-13-F-Beauvier-A-2048x1394.jpg 2048w\" sizes=\"auto, (max-width: 500px) 100vw, 500px\" \/><br \/>\n<img loading=\"lazy\" decoding=\"async\" class=\"alignnone wp-image-121305\" src=\"https:\/\/wikicollection.fr\/wp-content\/uploads\/2020\/12\/Cartes-13-F-Beauvier-B-scaled.jpg\" alt=\"\" width=\"338\" height=\"500\" srcset=\"https:\/\/wikicollection.fr\/wp-content\/uploads\/2020\/12\/Cartes-13-F-Beauvier-B-scaled.jpg 1733w, https:\/\/wikicollection.fr\/wp-content\/uploads\/2020\/12\/Cartes-13-F-Beauvier-B-445x657.jpg 445w, https:\/\/wikicollection.fr\/wp-content\/uploads\/2020\/12\/Cartes-13-F-Beauvier-B-203x300.jpg 203w, https:\/\/wikicollection.fr\/wp-content\/uploads\/2020\/12\/Cartes-13-F-Beauvier-B-693x1024.jpg 693w, https:\/\/wikicollection.fr\/wp-content\/uploads\/2020\/12\/Cartes-13-F-Beauvier-B-768x1134.jpg 768w, https:\/\/wikicollection.fr\/wp-content\/uploads\/2020\/12\/Cartes-13-F-Beauvier-B-1040x1536.jpg 1040w, https:\/\/wikicollection.fr\/wp-content\/uploads\/2020\/12\/Cartes-13-F-Beauvier-B-1386x2048.jpg 1386w\" sizes=\"auto, (max-width: 338px) 100vw, 338px\" \/><\/p>\n<p><div id=\"FRCI-PARISCARTEID-13-11\"><br><\/div><hr class=\"divider\" \/><a class=\"macoll bleu\" href=\"http:\/\/wikicollection.fr\/?page_id=10005#FRCI-PARISCARTEID-13-11\"><img src=http:\/\/www.wikicollection.fr\/wp-includes\/images\/epingle.jpg>Ajouter &agrave; ma collection<\/a><a class=\"macoll bleu\" href=\"http:\/\/wikicollection.fr\/?page_id=10005#FRCI-PARISCARTEID-13-11\"><img src=http:\/\/www.wikicollection.fr\/wp-includes\/images\/echange.jpg>Vendre\/&eacute;changer<\/a>  <a class=\"macoll bleu\" href=\"http:\/\/wikicollection.fr\/?page_id=10005#FRCI-PARISCARTEID-13-11\"><img src=http:\/\/www.wikicollection.fr\/wp-includes\/images\/loupe.jpg>Rechercher<\/a><br>      <br \/>\n<strong>Date &amp; lieu : <\/strong>3 juin 1942 &#8211; Lun\u00e9ville (Meurthe-et-Moselle)<strong><br \/>\nTaxe : <\/strong>13 francs (10 &amp; 3 francs &#8211; s\u00e9rie unifi\u00e9e DA &#8211; distributeurs auxiliaires 1936-42)<br \/>\n<strong>D\u00e9tails :<\/strong> Vis\u00e9 \u00e0 Lun\u00e9ville le 18 juin 1943<br \/>\n<strong>Imprimeur :<\/strong> Bastien, Lun\u00e9ville<br \/>\n<img loading=\"lazy\" decoding=\"async\" class=\"alignnone wp-image-121306\" src=\"https:\/\/wikicollection.fr\/wp-content\/uploads\/2020\/12\/Cartes-13-F-Defer-A-scaled.jpg\" alt=\"\" width=\"600\" height=\"435\" srcset=\"https:\/\/wikicollection.fr\/wp-content\/uploads\/2020\/12\/Cartes-13-F-Defer-A-scaled.jpg 2560w, https:\/\/wikicollection.fr\/wp-content\/uploads\/2020\/12\/Cartes-13-F-Defer-A-445x322.jpg 445w, https:\/\/wikicollection.fr\/wp-content\/uploads\/2020\/12\/Cartes-13-F-Defer-A-300x217.jpg 300w, https:\/\/wikicollection.fr\/wp-content\/uploads\/2020\/12\/Cartes-13-F-Defer-A-1024x742.jpg 1024w, https:\/\/wikicollection.fr\/wp-content\/uploads\/2020\/12\/Cartes-13-F-Defer-A-768x556.jpg 768w, https:\/\/wikicollection.fr\/wp-content\/uploads\/2020\/12\/Cartes-13-F-Defer-A-1536x1112.jpg 1536w, https:\/\/wikicollection.fr\/wp-content\/uploads\/2020\/12\/Cartes-13-F-Defer-A-2048x1483.jpg 2048w\" sizes=\"auto, (max-width: 600px) 100vw, 600px\" \/><br \/>\n<img loading=\"lazy\" decoding=\"async\" class=\"alignnone wp-image-121307\" src=\"https:\/\/wikicollection.fr\/wp-content\/uploads\/2020\/12\/Cartes-13-F-Defer-B-scaled.jpg\" alt=\"\" width=\"600\" height=\"440\" srcset=\"https:\/\/wikicollection.fr\/wp-content\/uploads\/2020\/12\/Cartes-13-F-Defer-B-scaled.jpg 2560w, https:\/\/wikicollection.fr\/wp-content\/uploads\/2020\/12\/Cartes-13-F-Defer-B-445x327.jpg 445w, https:\/\/wikicollection.fr\/wp-content\/uploads\/2020\/12\/Cartes-13-F-Defer-B-300x220.jpg 300w, https:\/\/wikicollection.fr\/wp-content\/uploads\/2020\/12\/Cartes-13-F-Defer-B-1024x751.jpg 1024w, https:\/\/wikicollection.fr\/wp-content\/uploads\/2020\/12\/Cartes-13-F-Defer-B-768x564.jpg 768w, https:\/\/wikicollection.fr\/wp-content\/uploads\/2020\/12\/Cartes-13-F-Defer-B-1536x1127.jpg 1536w, https:\/\/wikicollection.fr\/wp-content\/uploads\/2020\/12\/Cartes-13-F-Defer-B-2048x1503.jpg 2048w\" sizes=\"auto, (max-width: 600px) 100vw, 600px\" \/><\/p>\n<p><div id=\"FRCI-PARISCARTEID-13-12\"><br><\/div><hr class=\"divider\" \/><a class=\"macoll bleu\" href=\"http:\/\/wikicollection.fr\/?page_id=10005#FRCI-PARISCARTEID-13-12\"><img src=http:\/\/www.wikicollection.fr\/wp-includes\/images\/epingle.jpg>Ajouter &agrave; ma collection<\/a><a class=\"macoll bleu\" href=\"http:\/\/wikicollection.fr\/?page_id=10005#FRCI-PARISCARTEID-13-12\"><img src=http:\/\/www.wikicollection.fr\/wp-includes\/images\/echange.jpg>Vendre\/&eacute;changer<\/a>  <a class=\"macoll bleu\" href=\"http:\/\/wikicollection.fr\/?page_id=10005#FRCI-PARISCARTEID-13-12\"><img src=http:\/\/www.wikicollection.fr\/wp-includes\/images\/loupe.jpg>Rechercher<\/a><br>      <br \/>\n<strong>Date &amp; lieu : <\/strong>19 juin 1940 &#8211; Sainte-C\u00e9cile-des-Vignes (Vaucluse)<strong><br \/>\nTaxe : <\/strong>13 francs (8 &amp; 5 francs &#8211; s\u00e9rie unifi\u00e9e DA &#8211; distributeurs auxiliaires 1936-42)<br \/>\n<strong>Carte :<\/strong> Carton uniface<br \/>\n<img loading=\"lazy\" decoding=\"async\" class=\"alignnone wp-image-121308\" src=\"https:\/\/wikicollection.fr\/wp-content\/uploads\/2020\/12\/Cartes-13-F-Vincent-scaled.jpg\" alt=\"\" width=\"467\" height=\"600\" srcset=\"https:\/\/wikicollection.fr\/wp-content\/uploads\/2020\/12\/Cartes-13-F-Vincent-scaled.jpg 1992w, https:\/\/wikicollection.fr\/wp-content\/uploads\/2020\/12\/Cartes-13-F-Vincent-445x572.jpg 445w, https:\/\/wikicollection.fr\/wp-content\/uploads\/2020\/12\/Cartes-13-F-Vincent-233x300.jpg 233w, https:\/\/wikicollection.fr\/wp-content\/uploads\/2020\/12\/Cartes-13-F-Vincent-797x1024.jpg 797w, https:\/\/wikicollection.fr\/wp-content\/uploads\/2020\/12\/Cartes-13-F-Vincent-768x987.jpg 768w, https:\/\/wikicollection.fr\/wp-content\/uploads\/2020\/12\/Cartes-13-F-Vincent-1195x1536.jpg 1195w, https:\/\/wikicollection.fr\/wp-content\/uploads\/2020\/12\/Cartes-13-F-Vincent-1593x2048.jpg 1593w\" sizes=\"auto, (max-width: 467px) 100vw, 467px\" \/><\/p>\n<p><div id=\"FRCI-PARISCARTEID-13-13\"><br><\/div><hr class=\"divider\" \/><a class=\"macoll bleu\" href=\"http:\/\/wikicollection.fr\/?page_id=10005#FRCI-PARISCARTEID-13-13\"><img src=http:\/\/www.wikicollection.fr\/wp-includes\/images\/epingle.jpg>Ajouter &agrave; ma collection<\/a><a class=\"macoll bleu\" href=\"http:\/\/wikicollection.fr\/?page_id=10005#FRCI-PARISCARTEID-13-13\"><img src=http:\/\/www.wikicollection.fr\/wp-includes\/images\/echange.jpg>Vendre\/&eacute;changer<\/a>  <a class=\"macoll bleu\" href=\"http:\/\/wikicollection.fr\/?page_id=10005#FRCI-PARISCARTEID-13-13\"><img src=http:\/\/www.wikicollection.fr\/wp-includes\/images\/loupe.jpg>Rechercher<\/a><br>      <br \/>\n<strong>Date &amp; lieu : <\/strong>6 mars 1940 &#8211; Belval (Vosges)<strong><br \/>\nTaxe : <\/strong>13 francs (12\u00a0 francs &#8211; s\u00e9rie unifi\u00e9e 1935 &#8211; papier bleu gris) &amp; (1 franc &#8211; s\u00e9rie unifi\u00e9e DA &#8211; distributeurs auxiliaires 1936-42)<br \/>\n<strong>Carte :<\/strong> Carton uniface<br \/>\n<img loading=\"lazy\" decoding=\"async\" class=\"alignnone wp-image-121310\" src=\"https:\/\/wikicollection.fr\/wp-content\/uploads\/2020\/12\/Cartes-13-F-Boudot-scaled.jpg\" alt=\"\" width=\"600\" height=\"435\" srcset=\"https:\/\/wikicollection.fr\/wp-content\/uploads\/2020\/12\/Cartes-13-F-Boudot-scaled.jpg 2560w, https:\/\/wikicollection.fr\/wp-content\/uploads\/2020\/12\/Cartes-13-F-Boudot-445x323.jpg 445w, https:\/\/wikicollection.fr\/wp-content\/uploads\/2020\/12\/Cartes-13-F-Boudot-300x217.jpg 300w, https:\/\/wikicollection.fr\/wp-content\/uploads\/2020\/12\/Cartes-13-F-Boudot-1024x742.jpg 1024w, https:\/\/wikicollection.fr\/wp-content\/uploads\/2020\/12\/Cartes-13-F-Boudot-768x557.jpg 768w, https:\/\/wikicollection.fr\/wp-content\/uploads\/2020\/12\/Cartes-13-F-Boudot-1536x1114.jpg 1536w, https:\/\/wikicollection.fr\/wp-content\/uploads\/2020\/12\/Cartes-13-F-Boudot-2048x1485.jpg 2048w\" sizes=\"auto, (max-width: 600px) 100vw, 600px\" \/><\/p>\n<p><div id=\"FRCI-PARISCARTEID-13-14\"><br><\/div><hr class=\"divider\" \/><a class=\"macoll bleu\" href=\"http:\/\/wikicollection.fr\/?page_id=10005#FRCI-PARISCARTEID-13-14\"><img src=http:\/\/www.wikicollection.fr\/wp-includes\/images\/epingle.jpg>Ajouter &agrave; ma collection<\/a><a class=\"macoll bleu\" href=\"http:\/\/wikicollection.fr\/?page_id=10005#FRCI-PARISCARTEID-13-14\"><img src=http:\/\/www.wikicollection.fr\/wp-includes\/images\/echange.jpg>Vendre\/&eacute;changer<\/a>  <a class=\"macoll bleu\" href=\"http:\/\/wikicollection.fr\/?page_id=10005#FRCI-PARISCARTEID-13-14\"><img src=http:\/\/www.wikicollection.fr\/wp-includes\/images\/loupe.jpg>Rechercher<\/a><br>      <br \/>\n<strong>Date &amp; lieu : <\/strong>non dat\u00e9 &#8211; Epernay (Marne)<strong><br \/>\nTaxe : <\/strong>13 francs (4 x 3 francs &#8211; s\u00e9rie unifi\u00e9e DA 1936-42) &amp; (1 francs &#8211; s\u00e9rie unifi\u00e9e 1936-58)<br \/>\n<strong>Carte :<\/strong> Carton uniface<br \/>\n<strong>Cr\u00e9dit photo :<\/strong> Daniel Genet<br \/>\n<img loading=\"lazy\" decoding=\"async\" class=\"alignnone wp-image-121506\" src=\"https:\/\/wikicollection.fr\/wp-content\/uploads\/2020\/12\/Carte-13-F-12-DA-et-1-serie-unifiee.jpg\" alt=\"\" width=\"411\" height=\"600\" srcset=\"https:\/\/wikicollection.fr\/wp-content\/uploads\/2020\/12\/Carte-13-F-12-DA-et-1-serie-unifiee.jpg 1254w, https:\/\/wikicollection.fr\/wp-content\/uploads\/2020\/12\/Carte-13-F-12-DA-et-1-serie-unifiee-445x650.jpg 445w, https:\/\/wikicollection.fr\/wp-content\/uploads\/2020\/12\/Carte-13-F-12-DA-et-1-serie-unifiee-205x300.jpg 205w, https:\/\/wikicollection.fr\/wp-content\/uploads\/2020\/12\/Carte-13-F-12-DA-et-1-serie-unifiee-701x1024.jpg 701w, https:\/\/wikicollection.fr\/wp-content\/uploads\/2020\/12\/Carte-13-F-12-DA-et-1-serie-unifiee-768x1121.jpg 768w, https:\/\/wikicollection.fr\/wp-content\/uploads\/2020\/12\/Carte-13-F-12-DA-et-1-serie-unifiee-1052x1536.jpg 1052w\" sizes=\"auto, (max-width: 411px) 100vw, 411px\" \/><\/p>\n<p><div id=\"FRCI-PARISCARTEID-13-15\"><br><\/div><hr class=\"divider\" \/><a class=\"macoll bleu\" href=\"http:\/\/wikicollection.fr\/?page_id=10005#FRCI-PARISCARTEID-13-15\"><img src=http:\/\/www.wikicollection.fr\/wp-includes\/images\/epingle.jpg>Ajouter &agrave; ma collection<\/a><a class=\"macoll bleu\" href=\"http:\/\/wikicollection.fr\/?page_id=10005#FRCI-PARISCARTEID-13-15\"><img src=http:\/\/www.wikicollection.fr\/wp-includes\/images\/echange.jpg>Vendre\/&eacute;changer<\/a>  <a class=\"macoll bleu\" href=\"http:\/\/wikicollection.fr\/?page_id=10005#FRCI-PARISCARTEID-13-15\"><img src=http:\/\/www.wikicollection.fr\/wp-includes\/images\/loupe.jpg>Rechercher<\/a><br>      <br \/>\n<strong>Date &amp; lieu : <\/strong>17 novembre 1939 &#8211; Loupiac (Tarn)<strong><br \/>\nTaxe : <\/strong>13 francs (12 francs &#8211; dimension 1939) &amp; (1 franc &#8211; s\u00e9rie unifi\u00e9e DA &#8211; distributeurs auxiliaires 1936-42)<br \/>\n<strong>Carte :<\/strong> Carton uniface<br \/>\n<strong>Cr\u00e9dit photo :<\/strong> Daniel Genet<br \/>\n<img loading=\"lazy\" decoding=\"async\" class=\"alignnone wp-image-121493\" src=\"https:\/\/wikicollection.fr\/wp-content\/uploads\/2020\/12\/Carte-12-F-dimension-et-1-F-DA-floue-1.jpg\" alt=\"\" width=\"478\" height=\"600\" srcset=\"https:\/\/wikicollection.fr\/wp-content\/uploads\/2020\/12\/Carte-12-F-dimension-et-1-F-DA-floue-1.jpg 1447w, https:\/\/wikicollection.fr\/wp-content\/uploads\/2020\/12\/Carte-12-F-dimension-et-1-F-DA-floue-1-445x559.jpg 445w, https:\/\/wikicollection.fr\/wp-content\/uploads\/2020\/12\/Carte-12-F-dimension-et-1-F-DA-floue-1-239x300.jpg 239w, https:\/\/wikicollection.fr\/wp-content\/uploads\/2020\/12\/Carte-12-F-dimension-et-1-F-DA-floue-1-815x1024.jpg 815w, https:\/\/wikicollection.fr\/wp-content\/uploads\/2020\/12\/Carte-12-F-dimension-et-1-F-DA-floue-1-768x965.jpg 768w, https:\/\/wikicollection.fr\/wp-content\/uploads\/2020\/12\/Carte-12-F-dimension-et-1-F-DA-floue-1-1223x1536.jpg 1223w\" sizes=\"auto, (max-width: 478px) 100vw, 478px\" \/><\/p>\n<p><div id=\"FRCI-PARISCARTEID-13-16\"><br><\/div><hr class=\"divider\" \/><a class=\"macoll bleu\" href=\"http:\/\/wikicollection.fr\/?page_id=10005#FRCI-PARISCARTEID-13-16\"><img src=http:\/\/www.wikicollection.fr\/wp-includes\/images\/epingle.jpg>Ajouter &agrave; ma collection<\/a><a class=\"macoll bleu\" href=\"http:\/\/wikicollection.fr\/?page_id=10005#FRCI-PARISCARTEID-13-16\"><img src=http:\/\/www.wikicollection.fr\/wp-includes\/images\/echange.jpg>Vendre\/&eacute;changer<\/a>  <a class=\"macoll bleu\" href=\"http:\/\/wikicollection.fr\/?page_id=10005#FRCI-PARISCARTEID-13-16\"><img src=http:\/\/www.wikicollection.fr\/wp-includes\/images\/loupe.jpg>Rechercher<\/a><br>      <br \/>\n<strong>Date &amp; lieu : <\/strong>17 novembre 1939- Paris <strong><br \/>\nTaxe : <\/strong>13 francs (12 francs &#8211; dimension 1939) &amp; (1 franc &#8211; s\u00e9rie unifi\u00e9e 1936-58)<br \/>\n<strong>Carte :<\/strong> Carton uniface<br \/>\n<strong>Cr\u00e9dit photo :<\/strong> Daniel Genet<br \/>\n<img loading=\"lazy\" decoding=\"async\" class=\"alignnone wp-image-121491\" src=\"https:\/\/wikicollection.fr\/wp-content\/uploads\/2020\/12\/Carte-13-F-avec-dimension-12-F-orange.jpg\" alt=\"\" width=\"600\" height=\"435\" srcset=\"https:\/\/wikicollection.fr\/wp-content\/uploads\/2020\/12\/Carte-13-F-avec-dimension-12-F-orange.jpg 1385w, https:\/\/wikicollection.fr\/wp-content\/uploads\/2020\/12\/Carte-13-F-avec-dimension-12-F-orange-445x323.jpg 445w, https:\/\/wikicollection.fr\/wp-content\/uploads\/2020\/12\/Carte-13-F-avec-dimension-12-F-orange-300x217.jpg 300w, https:\/\/wikicollection.fr\/wp-content\/uploads\/2020\/12\/Carte-13-F-avec-dimension-12-F-orange-1024x742.jpg 1024w, https:\/\/wikicollection.fr\/wp-content\/uploads\/2020\/12\/Carte-13-F-avec-dimension-12-F-orange-768x557.jpg 768w\" sizes=\"auto, (max-width: 600px) 100vw, 600px\" \/><\/p>\n<p><div id=\"FRCI-PARISCARTEID-13-17\"><br><\/div><hr class=\"divider\" \/><a class=\"macoll bleu\" href=\"http:\/\/wikicollection.fr\/?page_id=10005#FRCI-PARISCARTEID-13-17\"><img src=http:\/\/www.wikicollection.fr\/wp-includes\/images\/epingle.jpg>Ajouter &agrave; ma collection<\/a><a class=\"macoll bleu\" href=\"http:\/\/wikicollection.fr\/?page_id=10005#FRCI-PARISCARTEID-13-17\"><img src=http:\/\/www.wikicollection.fr\/wp-includes\/images\/echange.jpg>Vendre\/&eacute;changer<\/a>  <a class=\"macoll bleu\" href=\"http:\/\/wikicollection.fr\/?page_id=10005#FRCI-PARISCARTEID-13-17\"><img src=http:\/\/www.wikicollection.fr\/wp-includes\/images\/loupe.jpg>Rechercher<\/a><br>      <br \/>\n<strong>Date &amp; lieu : <\/strong>5 septembre 1940 &#8211; Chalon-sur-Marne<strong><br \/>\nTaxe : <\/strong>13 francs (12 francs &#8211; dimension 1933) &amp; (1 franc &#8211; s\u00e9rie unifi\u00e9e DA &#8211; distributeurs auxiliaires 1936-42)<br \/>\n<strong>Carte :<\/strong> Carton uniface<br \/>\n<strong>Cr\u00e9dit photo :<\/strong> Daniel Genet<br \/>\n<img loading=\"lazy\" decoding=\"async\" class=\"alignnone wp-image-121492\" src=\"https:\/\/wikicollection.fr\/wp-content\/uploads\/2020\/12\/Carte-13-F-avec-dimension-12-F-vert.jpg\" alt=\"\" width=\"456\" height=\"600\" srcset=\"https:\/\/wikicollection.fr\/wp-content\/uploads\/2020\/12\/Carte-13-F-avec-dimension-12-F-vert.jpg 1389w, https:\/\/wikicollection.fr\/wp-content\/uploads\/2020\/12\/Carte-13-F-avec-dimension-12-F-vert-445x586.jpg 445w, https:\/\/wikicollection.fr\/wp-content\/uploads\/2020\/12\/Carte-13-F-avec-dimension-12-F-vert-228x300.jpg 228w, https:\/\/wikicollection.fr\/wp-content\/uploads\/2020\/12\/Carte-13-F-avec-dimension-12-F-vert-778x1024.jpg 778w, https:\/\/wikicollection.fr\/wp-content\/uploads\/2020\/12\/Carte-13-F-avec-dimension-12-F-vert-768x1011.jpg 768w, https:\/\/wikicollection.fr\/wp-content\/uploads\/2020\/12\/Carte-13-F-avec-dimension-12-F-vert-1167x1536.jpg 1167w\" sizes=\"auto, (max-width: 456px) 100vw, 456px\" \/><\/p>\n<p><div id=\"FRCI-PARISCARTEID-13-18\"><br><\/div><hr class=\"divider\" \/><a class=\"macoll bleu\" href=\"http:\/\/wikicollection.fr\/?page_id=10005#FRCI-PARISCARTEID-13-18\"><img src=http:\/\/www.wikicollection.fr\/wp-includes\/images\/epingle.jpg>Ajouter &agrave; ma collection<\/a><a class=\"macoll bleu\" href=\"http:\/\/wikicollection.fr\/?page_id=10005#FRCI-PARISCARTEID-13-18\"><img src=http:\/\/www.wikicollection.fr\/wp-includes\/images\/echange.jpg>Vendre\/&eacute;changer<\/a>  <a class=\"macoll bleu\" href=\"http:\/\/wikicollection.fr\/?page_id=10005#FRCI-PARISCARTEID-13-18\"><img src=http:\/\/www.wikicollection.fr\/wp-includes\/images\/loupe.jpg>Rechercher<\/a><br>      <br \/>\n<strong>Date &amp; lieu : <\/strong>14 septembre 1940 &#8211; Molinet (Allier)<strong><br \/>\nTaxe : <\/strong>14,50 francs (2 x 6 francs &#8211; dimension 1939), (1 franc -s\u00e9rie unifi\u00e9e 1936-58) &amp; (1,50 francs -taxes communales 1939 pour l\u00e9galisation de signatures)<strong><br \/>\nCr\u00e9dit photo :<\/strong> Daniel Genet<strong><br \/>\n<\/strong><img loading=\"lazy\" decoding=\"async\" class=\"alignnone wp-image-121497\" src=\"https:\/\/wikicollection.fr\/wp-content\/uploads\/2020\/12\/Legalisation-signature-bis-floue-12-francs-dimension-et-150.jpg\" alt=\"\" width=\"440\" height=\"549\" srcset=\"https:\/\/wikicollection.fr\/wp-content\/uploads\/2020\/12\/Legalisation-signature-bis-floue-12-francs-dimension-et-150.jpg 1451w, https:\/\/wikicollection.fr\/wp-content\/uploads\/2020\/12\/Legalisation-signature-bis-floue-12-francs-dimension-et-150-445x556.jpg 445w, https:\/\/wikicollection.fr\/wp-content\/uploads\/2020\/12\/Legalisation-signature-bis-floue-12-francs-dimension-et-150-240x300.jpg 240w, https:\/\/wikicollection.fr\/wp-content\/uploads\/2020\/12\/Legalisation-signature-bis-floue-12-francs-dimension-et-150-820x1024.jpg 820w, https:\/\/wikicollection.fr\/wp-content\/uploads\/2020\/12\/Legalisation-signature-bis-floue-12-francs-dimension-et-150-768x959.jpg 768w, https:\/\/wikicollection.fr\/wp-content\/uploads\/2020\/12\/Legalisation-signature-bis-floue-12-francs-dimension-et-150-1230x1536.jpg 1230w\" sizes=\"auto, (max-width: 440px) 100vw, 440px\" \/><\/p>\n<p><div id=\"FRCI-PARISCARTEID-13-19\"><br><\/div><hr class=\"divider\" \/><a class=\"macoll bleu\" href=\"http:\/\/wikicollection.fr\/?page_id=10005#FRCI-PARISCARTEID-13-19\"><img src=http:\/\/www.wikicollection.fr\/wp-includes\/images\/epingle.jpg>Ajouter &agrave; ma collection<\/a><a class=\"macoll bleu\" href=\"http:\/\/wikicollection.fr\/?page_id=10005#FRCI-PARISCARTEID-13-19\"><img src=http:\/\/www.wikicollection.fr\/wp-includes\/images\/echange.jpg>Vendre\/&eacute;changer<\/a>  <a class=\"macoll bleu\" href=\"http:\/\/wikicollection.fr\/?page_id=10005#FRCI-PARISCARTEID-13-19\"><img src=http:\/\/www.wikicollection.fr\/wp-includes\/images\/loupe.jpg>Rechercher<\/a><br>      <br \/>\n<strong>Date &amp; lieu : <\/strong>24 aout 1940 &#8211; Le Creusot (Sa\u00f4ne-et-Loire)<strong><br \/>\n<\/strong><strong>Taxe : <\/strong>14,50 francs (9 francs &#8211; s\u00e9rie unifi\u00e9e 1936-58), (2 x 2 francs &#8211; s\u00e9rie unifi\u00e9e DA 1936-42) &amp; (1,50 francs &#8211; taxes communales 1939 pour l\u00e9galisation de signature)<strong><br \/>\nCr\u00e9dit photo :<\/strong> Daniel Genet<\/p>\n<p><img loading=\"lazy\" decoding=\"async\" class=\"alignnone wp-image-121498\" src=\"https:\/\/wikicollection.fr\/wp-content\/uploads\/2020\/12\/Legalisation-signature-bis-floue-13-francs-et-150.jpg\" alt=\"\" width=\"440\" height=\"600\" srcset=\"https:\/\/wikicollection.fr\/wp-content\/uploads\/2020\/12\/Legalisation-signature-bis-floue-13-francs-et-150.jpg 1395w, https:\/\/wikicollection.fr\/wp-content\/uploads\/2020\/12\/Legalisation-signature-bis-floue-13-francs-et-150-445x607.jpg 445w, https:\/\/wikicollection.fr\/wp-content\/uploads\/2020\/12\/Legalisation-signature-bis-floue-13-francs-et-150-220x300.jpg 220w, https:\/\/wikicollection.fr\/wp-content\/uploads\/2020\/12\/Legalisation-signature-bis-floue-13-francs-et-150-750x1024.jpg 750w, https:\/\/wikicollection.fr\/wp-content\/uploads\/2020\/12\/Legalisation-signature-bis-floue-13-francs-et-150-768x1048.jpg 768w, https:\/\/wikicollection.fr\/wp-content\/uploads\/2020\/12\/Legalisation-signature-bis-floue-13-francs-et-150-1125x1536.jpg 1125w\" sizes=\"auto, (max-width: 440px) 100vw, 440px\" \/><\/p>\n","protected":false},"excerpt":{"rendered":"<p>Les documents pr\u00e9curseurs de la carte d\u2019identit\u00e9 Droit de\u00a0 timbre de 4 francs \/ Janvier 1922 (Loi du 29 avril<\/p>\n","protected":false},"author":326,"featured_media":121818,"comment_status":"open","ping_status":"open","sticky":false,"template":"","format":"standard","meta":{"footnotes":""},"categories":[66],"tags":[],"class_list":["post-121591","post","type-post","status-publish","format-standard","has-post-thumbnail","hentry","category-carte-didentite"],"_links":{"self":[{"href":"https:\/\/wikicollection.fr\/index.php?rest_route=\/wp\/v2\/posts\/121591","targetHints":{"allow":["GET"]}}],"collection":[{"href":"https:\/\/wikicollection.fr\/index.php?rest_route=\/wp\/v2\/posts"}],"about":[{"href":"https:\/\/wikicollection.fr\/index.php?rest_route=\/wp\/v2\/types\/post"}],"author":[{"embeddable":true,"href":"https:\/\/wikicollection.fr\/index.php?rest_route=\/wp\/v2\/users\/326"}],"replies":[{"embeddable":true,"href":"https:\/\/wikicollection.fr\/index.php?rest_route=%2Fwp%2Fv2%2Fcomments&post=121591"}],"version-history":[{"count":0,"href":"https:\/\/wikicollection.fr\/index.php?rest_route=\/wp\/v2\/posts\/121591\/revisions"}],"wp:featuredmedia":[{"embeddable":true,"href":"https:\/\/wikicollection.fr\/index.php?rest_route=\/wp\/v2\/media\/121818"}],"wp:attachment":[{"href":"https:\/\/wikicollection.fr\/index.php?rest_route=%2Fwp%2Fv2%2Fmedia&parent=121591"}],"wp:term":[{"taxonomy":"category","embeddable":true,"href":"https:\/\/wikicollection.fr\/index.php?rest_route=%2Fwp%2Fv2%2Fcategories&post=121591"},{"taxonomy":"post_tag","embeddable":true,"href":"https:\/\/wikicollection.fr\/index.php?rest_route=%2Fwp%2Fv2%2Ftags&post=121591"}],"curies":[{"name":"wp","href":"https:\/\/api.w.org\/{rel}","templated":true}]}}