{"id":121085,"date":"2020-12-17T23:15:24","date_gmt":"2020-12-17T22:15:24","guid":{"rendered":"https:\/\/wikicollection.fr\/?p=121085"},"modified":"2020-12-23T17:05:09","modified_gmt":"2020-12-23T16:05:09","slug":"fonts-documentaires-premiere-guerre-mondiale-circulation-des-citoyens-dans-la-zone-des-armees-arrete-ordonnance-avis","status":"publish","type":"post","link":"https:\/\/wikicollection.fr\/?p=121085","title":{"rendered":"Fonds documentaires &#8211; Premi\u00e8re guerre mondiale &#8211; Circulation des citoyens dans la zone des arm\u00e9es &#8211; Arr\u00eat\u00e9s, ordonnances, avis&#8230;"},"content":{"rendered":"<a class=\"macoll bleu\" href=\"?page_id=10005\"><img src=http:\/\/www.wikicollection.fr\/wp-includes\/images\/ajout.jpg>Suivre cette page<\/a><br><br>\n<p>Cet article pr\u00e9sente quelques documents officiels r\u00e9glementant la circulation dans la zone des arm\u00e9es (en 3 zones : non r\u00e9serv\u00e9e, r\u00e9serv\u00e9e et avanc\u00e9e) mais \u00e9galement dans la zone de l&rsquo;int\u00e9rieur. En cliquant sur les images vous pouvez retrouver les num\u00e9risations d&rsquo;origine plus d\u00e9taill\u00e9es.<br \/>\nLa r\u00e9glementation \u00e9tait d&rsquo;une grande complexit\u00e9.<\/p>\n<p><strong>Arr\u00eat\u00e9 du 31 juillet 1914 \u2013 Affiche \u2013 \u00c9pinal <\/strong>(pour agrandir cliquer sur l&rsquo;image)<strong><br \/>\n<\/strong>R\u00e9publique fran\u00e7aise. Ville d\u2019\u00c9pinal. Arr\u00eat\u00e9. Le maire de la ville d\u2019\u00c9pinal.<br \/>\n<strong>Source :<\/strong> Limedia galeries \u2013 Libre de droit \u2013 Affiche 1914\/82 de la BMI d&rsquo;\u00c9pinal<\/p>\n<p><a href=\"https:\/\/galeries.limedia.fr\/ark:\/18128\/db2lt6s4vbbq146k\/\" target=\"_blank\" rel=\"noopener\"><img loading=\"lazy\" decoding=\"async\" class=\"wp-image-121090\" src=\"https:\/\/wikicollection.fr\/wp-content\/uploads\/2020\/12\/Affiche-arrete-31-juillet-1914-Epinal-OK.jpg\" alt=\"\" width=\"600\" height=\"753\" srcset=\"https:\/\/wikicollection.fr\/wp-content\/uploads\/2020\/12\/Affiche-arrete-31-juillet-1914-Epinal-OK.jpg 1938w, https:\/\/wikicollection.fr\/wp-content\/uploads\/2020\/12\/Affiche-arrete-31-juillet-1914-Epinal-OK-445x558.jpg 445w, https:\/\/wikicollection.fr\/wp-content\/uploads\/2020\/12\/Affiche-arrete-31-juillet-1914-Epinal-OK-239x300.jpg 239w, https:\/\/wikicollection.fr\/wp-content\/uploads\/2020\/12\/Affiche-arrete-31-juillet-1914-Epinal-OK-816x1024.jpg 816w, https:\/\/wikicollection.fr\/wp-content\/uploads\/2020\/12\/Affiche-arrete-31-juillet-1914-Epinal-OK-768x963.jpg 768w, https:\/\/wikicollection.fr\/wp-content\/uploads\/2020\/12\/Affiche-arrete-31-juillet-1914-Epinal-OK-1225x1536.jpg 1225w, https:\/\/wikicollection.fr\/wp-content\/uploads\/2020\/12\/Affiche-arrete-31-juillet-1914-Epinal-OK-1633x2048.jpg 1633w\" sizes=\"auto, (max-width: 600px) 100vw, 600px\" \/><\/a><\/p>\n<p>&nbsp;<\/p>\n<p><strong>Avis du 4 ao\u00fbt 1914 \u2013 Affiche \u2013 \u00c9pinal<\/strong> (pour agrandir cliquer sur l&rsquo;image)<strong><br \/>\n<\/strong>R\u00e9publique fran\u00e7aise. Ville d\u2019\u00c9pinal. Avis. Le Maire de la Ville d\u2019\u00c9pinal<br \/>\n<strong>Source :<\/strong> Limedia galeries \u2013 Libre de droit \u2013 Affiche 1914\/80 de la BMI d\u2019\u00c9pinal<\/p>\n<p><a href=\"https:\/\/galeries.limedia.fr\/ark:\/18128\/djps0b1smvg69v5l\/\" target=\"_blank\" rel=\"noopener\"><img loading=\"lazy\" decoding=\"async\" class=\"wp-image-121091\" src=\"https:\/\/wikicollection.fr\/wp-content\/uploads\/2020\/12\/Affiche-4-aout-1914-Epinal-Avis.jpg\" alt=\"\" width=\"600\" height=\"749\" srcset=\"https:\/\/wikicollection.fr\/wp-content\/uploads\/2020\/12\/Affiche-4-aout-1914-Epinal-Avis.jpg 1941w, https:\/\/wikicollection.fr\/wp-content\/uploads\/2020\/12\/Affiche-4-aout-1914-Epinal-Avis-445x556.jpg 445w, https:\/\/wikicollection.fr\/wp-content\/uploads\/2020\/12\/Affiche-4-aout-1914-Epinal-Avis-240x300.jpg 240w, https:\/\/wikicollection.fr\/wp-content\/uploads\/2020\/12\/Affiche-4-aout-1914-Epinal-Avis-820x1024.jpg 820w, https:\/\/wikicollection.fr\/wp-content\/uploads\/2020\/12\/Affiche-4-aout-1914-Epinal-Avis-768x959.jpg 768w, https:\/\/wikicollection.fr\/wp-content\/uploads\/2020\/12\/Affiche-4-aout-1914-Epinal-Avis-1230x1536.jpg 1230w, https:\/\/wikicollection.fr\/wp-content\/uploads\/2020\/12\/Affiche-4-aout-1914-Epinal-Avis-1641x2048.jpg 1641w\" sizes=\"auto, (max-width: 600px) 100vw, 600px\" \/><\/a><\/p>\n<p>&nbsp;<\/p>\n<p><strong>Arr\u00eat\u00e9 du 4 aout 1914 \u2013 Affiche \u2013 Haute-Garonne <\/strong>(pour agrandir cliquer sur l&rsquo;image)<strong><br \/>\n<\/strong>Arr\u00eat\u00e9 r\u00e9glementant le circulation g\u00e9n\u00e9rale<br \/>\n<strong>Source :\u00a0<\/strong> l&rsquo;Argonnaute \u2013 La contemporaine (AFF016739)<\/p>\n<p><strong><a href=\"https:\/\/argonnaute.parisnanterre.fr\/ark:\/14707\/a011547027384wFRBAf\/59e04baf99\" target=\"_blank\" rel=\"noopener\"><img loading=\"lazy\" decoding=\"async\" class=\"alignnone wp-image-121127\" src=\"https:\/\/wikicollection.fr\/wp-content\/uploads\/2020\/12\/Affiche-gironde-4-aout-1914-BDIC_AFF_016739-scaled.jpg\" alt=\"\" width=\"600\" height=\"792\" srcset=\"https:\/\/wikicollection.fr\/wp-content\/uploads\/2020\/12\/Affiche-gironde-4-aout-1914-BDIC_AFF_016739-scaled.jpg 1940w, https:\/\/wikicollection.fr\/wp-content\/uploads\/2020\/12\/Affiche-gironde-4-aout-1914-BDIC_AFF_016739-445x587.jpg 445w, https:\/\/wikicollection.fr\/wp-content\/uploads\/2020\/12\/Affiche-gironde-4-aout-1914-BDIC_AFF_016739-227x300.jpg 227w, https:\/\/wikicollection.fr\/wp-content\/uploads\/2020\/12\/Affiche-gironde-4-aout-1914-BDIC_AFF_016739-776x1024.jpg 776w, https:\/\/wikicollection.fr\/wp-content\/uploads\/2020\/12\/Affiche-gironde-4-aout-1914-BDIC_AFF_016739-768x1013.jpg 768w, https:\/\/wikicollection.fr\/wp-content\/uploads\/2020\/12\/Affiche-gironde-4-aout-1914-BDIC_AFF_016739-1164x1536.jpg 1164w, https:\/\/wikicollection.fr\/wp-content\/uploads\/2020\/12\/Affiche-gironde-4-aout-1914-BDIC_AFF_016739-1552x2048.jpg 1552w\" sizes=\"auto, (max-width: 600px) 100vw, 600px\" \/><\/a><\/strong><\/p>\n<p>&nbsp;<\/p>\n<p><strong>Arr\u00eat\u00e9 du 4 aout 1914 \u2013 Affiche \u2013 Haute-Garonne <\/strong>(pour agrandir cliquer sur l&rsquo;image)<strong><br \/>\n<\/strong>Arr\u00eat\u00e9 r\u00e9glementant le circulation des automobiles<br \/>\n<strong>Source :\u00a0<\/strong> l&rsquo;Argonnaute \u2013 La contemporaine (AFF016870)<br \/>\n<a href=\"https:\/\/argonnaute.parisnanterre.fr\/ark:\/14707\/a011547027385BFdDgO\/fc66e70222\" target=\"_blank\" rel=\"noopener\"><img loading=\"lazy\" decoding=\"async\" class=\"alignnone wp-image-121128\" src=\"https:\/\/wikicollection.fr\/wp-content\/uploads\/2020\/12\/Affiche-circulation-automobiles-haute-garonne-4-aout-1914-BDIC_AFF_016870-scaled.jpg\" alt=\"\" width=\"600\" height=\"822\" srcset=\"https:\/\/wikicollection.fr\/wp-content\/uploads\/2020\/12\/Affiche-circulation-automobiles-haute-garonne-4-aout-1914-BDIC_AFF_016870-scaled.jpg 1868w, https:\/\/wikicollection.fr\/wp-content\/uploads\/2020\/12\/Affiche-circulation-automobiles-haute-garonne-4-aout-1914-BDIC_AFF_016870-445x610.jpg 445w, https:\/\/wikicollection.fr\/wp-content\/uploads\/2020\/12\/Affiche-circulation-automobiles-haute-garonne-4-aout-1914-BDIC_AFF_016870-219x300.jpg 219w, https:\/\/wikicollection.fr\/wp-content\/uploads\/2020\/12\/Affiche-circulation-automobiles-haute-garonne-4-aout-1914-BDIC_AFF_016870-747x1024.jpg 747w, https:\/\/wikicollection.fr\/wp-content\/uploads\/2020\/12\/Affiche-circulation-automobiles-haute-garonne-4-aout-1914-BDIC_AFF_016870-768x1053.jpg 768w, https:\/\/wikicollection.fr\/wp-content\/uploads\/2020\/12\/Affiche-circulation-automobiles-haute-garonne-4-aout-1914-BDIC_AFF_016870-1121x1536.jpg 1121w, https:\/\/wikicollection.fr\/wp-content\/uploads\/2020\/12\/Affiche-circulation-automobiles-haute-garonne-4-aout-1914-BDIC_AFF_016870-1494x2048.jpg 1494w\" sizes=\"auto, (max-width: 600px) 100vw, 600px\" \/><\/a><\/p>\n<p>&nbsp;<\/p>\n<p><strong>Note du 12 ao\u00fbt 1914 \u2013 Affiche \u2013 \u00c9pinal <\/strong>(pour agrandir cliquer sur l&rsquo;image)<br \/>\nR\u00e9publique fran\u00e7aise. Ville d\u2019\u00c9pinal. Note du gouverneur d\u2019\u00c9pinal, au sujet de la circulation automobile.<br \/>\n<strong>Source : <\/strong>Limedia galeries \u2013 Libre de droit \u2013 Affiche 1914\/6 de la BMI d&rsquo;\u00c9pinal<strong><br \/>\n<\/strong><\/p>\n<p><a href=\"https:\/\/galeries.limedia.fr\/ark:\/18128\/dl9142tjb17bxt87\/\" target=\"_blank\" rel=\"noopener\"><img loading=\"lazy\" decoding=\"async\" class=\"alignnone wp-image-121092\" src=\"https:\/\/wikicollection.fr\/wp-content\/uploads\/2020\/12\/Affiche-12-aout-1914-Epinal-Note-OK.jpg\" alt=\"\" width=\"600\" height=\"726\" srcset=\"https:\/\/wikicollection.fr\/wp-content\/uploads\/2020\/12\/Affiche-12-aout-1914-Epinal-Note-OK.jpg 2019w, https:\/\/wikicollection.fr\/wp-content\/uploads\/2020\/12\/Affiche-12-aout-1914-Epinal-Note-OK-445x538.jpg 445w, https:\/\/wikicollection.fr\/wp-content\/uploads\/2020\/12\/Affiche-12-aout-1914-Epinal-Note-OK-248x300.jpg 248w, https:\/\/wikicollection.fr\/wp-content\/uploads\/2020\/12\/Affiche-12-aout-1914-Epinal-Note-OK-846x1024.jpg 846w, https:\/\/wikicollection.fr\/wp-content\/uploads\/2020\/12\/Affiche-12-aout-1914-Epinal-Note-OK-768x929.jpg 768w, https:\/\/wikicollection.fr\/wp-content\/uploads\/2020\/12\/Affiche-12-aout-1914-Epinal-Note-OK-1269x1536.jpg 1269w, https:\/\/wikicollection.fr\/wp-content\/uploads\/2020\/12\/Affiche-12-aout-1914-Epinal-Note-OK-1693x2048.jpg 1693w\" sizes=\"auto, (max-width: 600px) 100vw, 600px\" \/><\/a><\/p>\n<p>&nbsp;<\/p>\n<p><strong>Avis aux populations du 21 septembre et 8 octobre 1914 \u2013 Affiche \u2013 \u00c9pinal <\/strong>(pour agrandir cliquer sur l&rsquo;image)<br \/>\nR\u00e9publique fran\u00e7aise. Avis aux populations. Il est formellement interdit, dans toute la zone de l&rsquo;Arm\u00e9e, de monter sur un observatoire a\u00e9rien&#8230;<br \/>\n<strong>Source : <\/strong>Limedia galeries \u2013 Libre de droit \u2013 Affiche 1914\/39 de la BMI d&rsquo;\u00c9pinal<\/p>\n<p><a href=\"https:\/\/galeries.limedia.fr\/ark:\/18128\/dtnl4sf42hjfxhnx\/\" target=\"_blank\" rel=\"noopener\"><img loading=\"lazy\" decoding=\"async\" class=\"wp-image-121087\" src=\"https:\/\/wikicollection.fr\/wp-content\/uploads\/2020\/12\/Affiche-septembre-octobre-1914-Epinal-OK.jpg\" alt=\"\" width=\"600\" height=\"922\" srcset=\"https:\/\/wikicollection.fr\/wp-content\/uploads\/2020\/12\/Affiche-septembre-octobre-1914-Epinal-OK.jpg 1579w, https:\/\/wikicollection.fr\/wp-content\/uploads\/2020\/12\/Affiche-septembre-octobre-1914-Epinal-OK-445x684.jpg 445w, https:\/\/wikicollection.fr\/wp-content\/uploads\/2020\/12\/Affiche-septembre-octobre-1914-Epinal-OK-195x300.jpg 195w, https:\/\/wikicollection.fr\/wp-content\/uploads\/2020\/12\/Affiche-septembre-octobre-1914-Epinal-OK-666x1024.jpg 666w, https:\/\/wikicollection.fr\/wp-content\/uploads\/2020\/12\/Affiche-septembre-octobre-1914-Epinal-OK-768x1180.jpg 768w, https:\/\/wikicollection.fr\/wp-content\/uploads\/2020\/12\/Affiche-septembre-octobre-1914-Epinal-OK-999x1536.jpg 999w, https:\/\/wikicollection.fr\/wp-content\/uploads\/2020\/12\/Affiche-septembre-octobre-1914-Epinal-OK-1332x2048.jpg 1332w\" sizes=\"auto, (max-width: 600px) 100vw, 600px\" \/><\/a><\/p>\n<p>&nbsp;<\/p>\n<p><strong>Lettre du pr\u00e9fet des Vosges pr\u00e9cisant et accompagnant l&rsquo;affiche sur les restrictions de circulation \u2013 17 octobre 1914<\/strong> (pour agrandir cliquer sur l&rsquo;image)<br \/>\nLe Pr\u00e9fet du d\u00e9partement des Vosges \u00e0 Messieurs les Maires<br \/>\n<strong>Source : <\/strong>Limedia galeries \u2013 Libre de droit \u2013 Affiche 1914\/39bis de la BMI d&rsquo;\u00c9pinal<\/p>\n<p><a href=\"https:\/\/galeries.limedia.fr\/ark:\/18128\/dd0pwp9k7dhjbdhg\/\" target=\"_blank\" rel=\"noopener\"><img loading=\"lazy\" decoding=\"async\" class=\"wp-image-121089\" src=\"https:\/\/wikicollection.fr\/wp-content\/uploads\/2020\/12\/Lettre-17-oct-1914-Epinal.jpg\" alt=\"\" width=\"600\" height=\"888\" srcset=\"https:\/\/wikicollection.fr\/wp-content\/uploads\/2020\/12\/Lettre-17-oct-1914-Epinal.jpg 1606w, https:\/\/wikicollection.fr\/wp-content\/uploads\/2020\/12\/Lettre-17-oct-1914-Epinal-445x658.jpg 445w, https:\/\/wikicollection.fr\/wp-content\/uploads\/2020\/12\/Lettre-17-oct-1914-Epinal-203x300.jpg 203w, https:\/\/wikicollection.fr\/wp-content\/uploads\/2020\/12\/Lettre-17-oct-1914-Epinal-692x1024.jpg 692w, https:\/\/wikicollection.fr\/wp-content\/uploads\/2020\/12\/Lettre-17-oct-1914-Epinal-768x1136.jpg 768w, https:\/\/wikicollection.fr\/wp-content\/uploads\/2020\/12\/Lettre-17-oct-1914-Epinal-1038x1536.jpg 1038w, https:\/\/wikicollection.fr\/wp-content\/uploads\/2020\/12\/Lettre-17-oct-1914-Epinal-1384x2048.jpg 1384w\" sizes=\"auto, (max-width: 600px) 100vw, 600px\" \/><\/a><\/p>\n<p>&nbsp;<\/p>\n<p><strong>Avis aux populations du 1<sup>er<\/sup> d\u00e9cembre 1914 <\/strong><strong>\u2013 Affiche \u2013 \u00c9pinal <\/strong>(pour agrandir cliquer sur l\u2019image)<br \/>\nPr\u00e9fecture des Vosges. Circulation en chemin de fer<strong><br \/>\nSource : <\/strong>Biblioth\u00e8que municipale de Lyon (AffM0555)<br \/>\n<a href=\"https:\/\/numelyo.bm-lyon.fr\/f_view\/BML:BML_02AFF01001AffM0555#\" target=\"_blank\" rel=\"noopener\"><img loading=\"lazy\" decoding=\"async\" class=\"alignnone wp-image-121134\" src=\"https:\/\/wikicollection.fr\/wp-content\/uploads\/2020\/12\/Affiche-1-decembre-1914-chemin-de-fer-Vosges.jpg\" alt=\"\" width=\"600\" height=\"753\" srcset=\"https:\/\/wikicollection.fr\/wp-content\/uploads\/2020\/12\/Affiche-1-decembre-1914-chemin-de-fer-Vosges.jpg 1195w, https:\/\/wikicollection.fr\/wp-content\/uploads\/2020\/12\/Affiche-1-decembre-1914-chemin-de-fer-Vosges-445x559.jpg 445w, https:\/\/wikicollection.fr\/wp-content\/uploads\/2020\/12\/Affiche-1-decembre-1914-chemin-de-fer-Vosges-239x300.jpg 239w, https:\/\/wikicollection.fr\/wp-content\/uploads\/2020\/12\/Affiche-1-decembre-1914-chemin-de-fer-Vosges-816x1024.jpg 816w, https:\/\/wikicollection.fr\/wp-content\/uploads\/2020\/12\/Affiche-1-decembre-1914-chemin-de-fer-Vosges-768x964.jpg 768w\" sizes=\"auto, (max-width: 600px) 100vw, 600px\" \/><\/a><\/p>\n<p>&nbsp;<\/p>\n<p>R<strong>\u00e9glementation sur la circulation du 15 mars 1915 \u2013 Affiche \u2013 \u00c9pinal <\/strong>(pour agrandir cliquer sur l&rsquo;image)<br \/>\nR\u00e9publique fran\u00e7aise. Minist\u00e8re de la Guerre. \u00c9tat-major de l&rsquo;arm\u00e9e.<br \/>\nR\u00e9glementation sur la circulation dans la zone de l&rsquo;int\u00e9rieur et dans la zone des arm\u00e9es applicable \u00e0 partir du 15 mars.<br \/>\n<strong>Source :<\/strong> Limedia galeries \u2013 Libre de droit \u2013 Affiche 1915\/68 de la BMI d\u2019\u00c9pinal<\/p>\n<p><a href=\"https:\/\/galeries.limedia.fr\/ark:\/18128\/d0cwqqbmc51hs3b6\/\" target=\"_blank\" rel=\"noopener\"><img loading=\"lazy\" decoding=\"async\" class=\"wp-image-121094\" src=\"https:\/\/wikicollection.fr\/wp-content\/uploads\/2020\/12\/Affiche-15-mars-1915-OK.jpg\" alt=\"\" width=\"600\" height=\"973\" srcset=\"https:\/\/wikicollection.fr\/wp-content\/uploads\/2020\/12\/Affiche-15-mars-1915-OK.jpg 1484w, https:\/\/wikicollection.fr\/wp-content\/uploads\/2020\/12\/Affiche-15-mars-1915-OK-445x721.jpg 445w, https:\/\/wikicollection.fr\/wp-content\/uploads\/2020\/12\/Affiche-15-mars-1915-OK-185x300.jpg 185w, https:\/\/wikicollection.fr\/wp-content\/uploads\/2020\/12\/Affiche-15-mars-1915-OK-632x1024.jpg 632w, https:\/\/wikicollection.fr\/wp-content\/uploads\/2020\/12\/Affiche-15-mars-1915-OK-768x1245.jpg 768w, https:\/\/wikicollection.fr\/wp-content\/uploads\/2020\/12\/Affiche-15-mars-1915-OK-947x1536.jpg 947w, https:\/\/wikicollection.fr\/wp-content\/uploads\/2020\/12\/Affiche-15-mars-1915-OK-1263x2048.jpg 1263w\" sizes=\"auto, (max-width: 600px) 100vw, 600px\" \/><\/a><\/p>\n<p>&nbsp;<\/p>\n<p><strong>Ordonnance du 6 mai 1915 \u2013 Affiche \u2013 Valencienne <\/strong>(pour agrandir cliquer sur l&rsquo;image)<strong><br \/>\n<\/strong>Ordonnance concernant la circulation de la population et des \u00e9trangers sur le territoire de la commune de Valenciennes<br \/>\n<strong>Source :\u00a0<\/strong> l&rsquo;Argonnaute \u2013 La contemporaine (AFF16022)<\/p>\n<p><strong><a href=\"https:\/\/argonnaute.parisnanterre.fr\/ark:\/14707\/a0115470273840fjelx\/fa24a8d1f3\" target=\"_blank\" rel=\"noopener\"><img loading=\"lazy\" decoding=\"async\" class=\"alignnone wp-image-121093\" src=\"https:\/\/wikicollection.fr\/wp-content\/uploads\/2020\/12\/Affiche-5-mai-1915-valencienne-OK-scaled.jpg\" alt=\"\" width=\"600\" height=\"879\" srcset=\"https:\/\/wikicollection.fr\/wp-content\/uploads\/2020\/12\/Affiche-5-mai-1915-valencienne-OK-scaled.jpg 1748w, https:\/\/wikicollection.fr\/wp-content\/uploads\/2020\/12\/Affiche-5-mai-1915-valencienne-OK-445x652.jpg 445w, https:\/\/wikicollection.fr\/wp-content\/uploads\/2020\/12\/Affiche-5-mai-1915-valencienne-OK-205x300.jpg 205w, https:\/\/wikicollection.fr\/wp-content\/uploads\/2020\/12\/Affiche-5-mai-1915-valencienne-OK-699x1024.jpg 699w, https:\/\/wikicollection.fr\/wp-content\/uploads\/2020\/12\/Affiche-5-mai-1915-valencienne-OK-768x1125.jpg 768w, https:\/\/wikicollection.fr\/wp-content\/uploads\/2020\/12\/Affiche-5-mai-1915-valencienne-OK-1049x1536.jpg 1049w, https:\/\/wikicollection.fr\/wp-content\/uploads\/2020\/12\/Affiche-5-mai-1915-valencienne-OK-1398x2048.jpg 1398w\" sizes=\"auto, (max-width: 600px) 100vw, 600px\" \/><\/a><\/strong><\/p>\n<p>&nbsp;<\/p>\n<p><strong>Arr\u00eat\u00e9 du 1 janvier 1916 \u2013 Affiche Nationale\u00a0 <\/strong>(pour agrandir cliquer sur l&rsquo;image)<strong><br \/>\n<\/strong>Arr\u00eat\u00e9 r\u00e9glementant le circulation et le s\u00e9jour des \u00e9trangers dans la zone des arm\u00e9es<br \/>\n<strong>Source :\u00a0<\/strong> l&rsquo;Argonnaute \u2013 La contemporaine (AFF015559)<\/p>\n<p><a href=\"https:\/\/argonnaute.parisnanterre.fr\/ark:\/14707\/a0115470273841QpSct\/ab37ea01b2\" target=\"_blank\" rel=\"noopener\"><img loading=\"lazy\" decoding=\"async\" class=\"alignnone wp-image-121130\" src=\"https:\/\/wikicollection.fr\/wp-content\/uploads\/2020\/12\/Affiche-circulation-des-etrangers-1-janvier-1916-BDIC_AFF_015559-scaled.jpg\" alt=\"\" width=\"600\" height=\"789\" srcset=\"https:\/\/wikicollection.fr\/wp-content\/uploads\/2020\/12\/Affiche-circulation-des-etrangers-1-janvier-1916-BDIC_AFF_015559-scaled.jpg 1948w, https:\/\/wikicollection.fr\/wp-content\/uploads\/2020\/12\/Affiche-circulation-des-etrangers-1-janvier-1916-BDIC_AFF_015559-445x585.jpg 445w, https:\/\/wikicollection.fr\/wp-content\/uploads\/2020\/12\/Affiche-circulation-des-etrangers-1-janvier-1916-BDIC_AFF_015559-228x300.jpg 228w, https:\/\/wikicollection.fr\/wp-content\/uploads\/2020\/12\/Affiche-circulation-des-etrangers-1-janvier-1916-BDIC_AFF_015559-779x1024.jpg 779w, https:\/\/wikicollection.fr\/wp-content\/uploads\/2020\/12\/Affiche-circulation-des-etrangers-1-janvier-1916-BDIC_AFF_015559-768x1009.jpg 768w, https:\/\/wikicollection.fr\/wp-content\/uploads\/2020\/12\/Affiche-circulation-des-etrangers-1-janvier-1916-BDIC_AFF_015559-1169x1536.jpg 1169w, https:\/\/wikicollection.fr\/wp-content\/uploads\/2020\/12\/Affiche-circulation-des-etrangers-1-janvier-1916-BDIC_AFF_015559-1558x2048.jpg 1558w\" sizes=\"auto, (max-width: 600px) 100vw, 600px\" \/><\/a><\/p>\n<p>&nbsp;<\/p>\n<p><strong>Arr\u00eat\u00e9 du 15 juillet 1916<br \/>\n<\/strong>En attente de documents <strong><br \/>\n<\/strong><\/p>\n<p>&nbsp;<\/p>\n<p><strong>Arr\u00eat\u00e9 du 15 mars 1917 \u2013 Fascicule Imprimerie Nationale<\/strong> (pour agrandir cliquer sur l&rsquo;image et consulter le fascicule)<br \/>\n<span class=\"title\">La circulation des citoyens fran\u00e7ais dans la zone des arm\u00e9es. Grand quartier g\u00e9n\u00e9ral des arm\u00e9es fran\u00e7aises du nord et du nord-est.<br \/>\n<\/span><strong>Source :<\/strong> Gallica<\/p>\n<p><strong> <a href=\"https:\/\/gallica.bnf.fr\/ark:\/12148\/bpt6k65517720\/f1.item\" target=\"_blank\" rel=\"noopener\"><img loading=\"lazy\" decoding=\"async\" class=\"alignnone wp-image-121110\" src=\"https:\/\/wikicollection.fr\/wp-content\/uploads\/2020\/12\/Couverture-Arrete-du-15-mars-1917.jpeg\" alt=\"\" width=\"600\" height=\"976\" srcset=\"https:\/\/wikicollection.fr\/wp-content\/uploads\/2020\/12\/Couverture-Arrete-du-15-mars-1917.jpeg 921w, https:\/\/wikicollection.fr\/wp-content\/uploads\/2020\/12\/Couverture-Arrete-du-15-mars-1917-445x724.jpeg 445w, https:\/\/wikicollection.fr\/wp-content\/uploads\/2020\/12\/Couverture-Arrete-du-15-mars-1917-184x300.jpeg 184w, https:\/\/wikicollection.fr\/wp-content\/uploads\/2020\/12\/Couverture-Arrete-du-15-mars-1917-630x1024.jpeg 630w, https:\/\/wikicollection.fr\/wp-content\/uploads\/2020\/12\/Couverture-Arrete-du-15-mars-1917-768x1249.jpeg 768w\" sizes=\"auto, (max-width: 600px) 100vw, 600px\" \/><\/a><\/strong><\/p>\n<p>&nbsp;<\/p>\n<p><strong>Arr\u00eat\u00e9 du 15 mars 1917 \u2013 Affiche Nationale<\/strong> (pour agrandir cliquer sur l&rsquo;image)<br \/>\nCirculation dans la zone des arm\u00e9es. Le G\u00e9n\u00e9ral commandant en chef les Arm\u00e9es fran\u00e7aises du Nord et du Nord-Est&#8230;<br \/>\n<strong>Source :<\/strong> Limedia galeries \u2013 Libre de droit \u2013 Affiche 1917\/28 de la BMI d\u2019\u00c9pinal<\/p>\n<p><a href=\"https:\/\/galeries.limedia.fr\/ark:\/18128\/d7htq1l2lt4l6h3n\/\" target=\"_blank\" rel=\"noopener\"><img loading=\"lazy\" decoding=\"async\" class=\"alignnone wp-image-121096\" src=\"https:\/\/wikicollection.fr\/wp-content\/uploads\/2020\/12\/Affiche-15-mars-1917-OK.jpg\" alt=\"\" width=\"600\" height=\"962\" srcset=\"https:\/\/wikicollection.fr\/wp-content\/uploads\/2020\/12\/Affiche-15-mars-1917-OK.jpg 1509w, https:\/\/wikicollection.fr\/wp-content\/uploads\/2020\/12\/Affiche-15-mars-1917-OK-445x713.jpg 445w, https:\/\/wikicollection.fr\/wp-content\/uploads\/2020\/12\/Affiche-15-mars-1917-OK-187x300.jpg 187w, https:\/\/wikicollection.fr\/wp-content\/uploads\/2020\/12\/Affiche-15-mars-1917-OK-639x1024.jpg 639w, https:\/\/wikicollection.fr\/wp-content\/uploads\/2020\/12\/Affiche-15-mars-1917-OK-768x1231.jpg 768w, https:\/\/wikicollection.fr\/wp-content\/uploads\/2020\/12\/Affiche-15-mars-1917-OK-958x1536.jpg 958w, https:\/\/wikicollection.fr\/wp-content\/uploads\/2020\/12\/Affiche-15-mars-1917-OK-1278x2048.jpg 1278w\" sizes=\"auto, (max-width: 600px) 100vw, 600px\" \/><\/a><\/p>\n<p>&nbsp;<\/p>\n","protected":false},"excerpt":{"rendered":"<p>Cet article pr\u00e9sente quelques documents officiels r\u00e9glementant la circulation dans la zone des arm\u00e9es (en 3 zones : non r\u00e9serv\u00e9e,<\/p>\n","protected":false},"author":326,"featured_media":0,"comment_status":"open","ping_status":"open","sticky":false,"template":"","format":"standard","meta":{"footnotes":""},"categories":[66,73],"tags":[],"class_list":["post-121085","post","type-post","status-publish","format-standard","hentry","category-carte-didentite","category-cartes-nominatives"],"_links":{"self":[{"href":"https:\/\/wikicollection.fr\/index.php?rest_route=\/wp\/v2\/posts\/121085","targetHints":{"allow":["GET"]}}],"collection":[{"href":"https:\/\/wikicollection.fr\/index.php?rest_route=\/wp\/v2\/posts"}],"about":[{"href":"https:\/\/wikicollection.fr\/index.php?rest_route=\/wp\/v2\/types\/post"}],"author":[{"embeddable":true,"href":"https:\/\/wikicollection.fr\/index.php?rest_route=\/wp\/v2\/users\/326"}],"replies":[{"embeddable":true,"href":"https:\/\/wikicollection.fr\/index.php?rest_route=%2Fwp%2Fv2%2Fcomments&post=121085"}],"version-history":[{"count":0,"href":"https:\/\/wikicollection.fr\/index.php?rest_route=\/wp\/v2\/posts\/121085\/revisions"}],"wp:attachment":[{"href":"https:\/\/wikicollection.fr\/index.php?rest_route=%2Fwp%2Fv2%2Fmedia&parent=121085"}],"wp:term":[{"taxonomy":"category","embeddable":true,"href":"https:\/\/wikicollection.fr\/index.php?rest_route=%2Fwp%2Fv2%2Fcategories&post=121085"},{"taxonomy":"post_tag","embeddable":true,"href":"https:\/\/wikicollection.fr\/index.php?rest_route=%2Fwp%2Fv2%2Ftags&post=121085"}],"curies":[{"name":"wp","href":"https:\/\/api.w.org\/{rel}","templated":true}]}}