{"id":120810,"date":"2020-12-05T22:55:33","date_gmt":"2020-12-05T21:55:33","guid":{"rendered":"https:\/\/wikicollection.fr\/?p=120810"},"modified":"2020-12-11T17:45:49","modified_gmt":"2020-12-11T16:45:49","slug":"cartes-nominatives-laissez-passer-et-sauf-conduit-1914-a-1922","status":"publish","type":"post","link":"https:\/\/wikicollection.fr\/?p=120810","title":{"rendered":"Cartes nominatives \u2013 Laissez Passer et Sauf-Conduit \/ 1914 \u00e0 1922"},"content":{"rendered":"<a class=\"macoll bleu\" href=\"?page_id=10005\"><img src=http:\/\/www.wikicollection.fr\/wp-includes\/images\/ajout.jpg>Suivre cette page<\/a><br><br>\n<p>D\u00e9s le d\u00e9but du conflit des Laissez Passer &amp; Sauf-Conduit ont \u00e9t\u00e9 utilis\u00e9s pour circuler dans la zone des arm\u00e9es mais \u00e9galement dans le reste de la France.<br \/>\nPour le Sauf-Conduit, c&rsquo;est l\u2019arr\u00eat\u00e9 du 15 mars 1917 qui va red\u00e9finir le mod\u00e8le standard de l&rsquo;arr\u00eat\u00e9 du 15 juillet 1916 ainsi que la formule de demande. Ces documents seront utilis\u00e9s \u00e9galement apr\u00e8s la fin de la guerre.<br \/>\nCf. LA CIRCULATION DES CITOYENS FRAN\u00c7AIS DANS LA\u00a0 ZONE DES ARM\u00c9ES &#8211; I. ARR\u00caT\u00c9 DU 15 MARS 1917 SUR LA CIRCULATION &amp; II. INSTRUCTION SUR L&rsquo;APPLICATION DE L&rsquo;ARR\u00caT\u00c9 DU 15 MARS 1917 (<a class=\"itemPage\" href=\"https:\/\/gallica.bnf.fr\/ark:\/12148\/bpt6k65517720\/f35.item#\" target=\"_blank\" rel=\"noopener noreferrer\">ANNEXE I. Formule de demande de sauf-conduit \u00e0 adresser \u00e0 l&rsquo;Autorit\u00e9 militaire<\/a>) &amp; (<a class=\"itemPage\" href=\"https:\/\/gallica.bnf.fr\/ark:\/12148\/bpt6k65517720\/f39.item#\" target=\"_blank\" rel=\"noopener noreferrer\">ANNEXE III. Mod\u00e8le de sauf-conduit pr\u00e9vu par l&rsquo;Arr\u00eat\u00e9 du 15 juillet 1916<\/a>)<\/p>\n<p>Comme pour les autres documents servant \u00e0 la circulation des personnes, on trouve de nombreuses variantes de Laissez Passer &amp; Sauf-Conduit<\/p>\n<p>Formule de demande de Sauf-Conduit \u00e0 adresser \u00e0 l&rsquo;Autorit\u00e9 militaire \u2013 Arr\u00eat\u00e9 du 15 mars 1917<br \/>\n<img loading=\"lazy\" decoding=\"async\" class=\"alignnone wp-image-120816\" src=\"https:\/\/wikicollection.fr\/wp-content\/uploads\/2020\/12\/Demande-de-Sauf-Conduit-modele-R-scaled.jpg\" alt=\"\" width=\"500\" height=\"833\" srcset=\"https:\/\/wikicollection.fr\/wp-content\/uploads\/2020\/12\/Demande-de-Sauf-Conduit-modele-R-scaled.jpg 1537w, https:\/\/wikicollection.fr\/wp-content\/uploads\/2020\/12\/Demande-de-Sauf-Conduit-modele-R-445x741.jpg 445w, https:\/\/wikicollection.fr\/wp-content\/uploads\/2020\/12\/Demande-de-Sauf-Conduit-modele-R-180x300.jpg 180w, https:\/\/wikicollection.fr\/wp-content\/uploads\/2020\/12\/Demande-de-Sauf-Conduit-modele-R-615x1024.jpg 615w, https:\/\/wikicollection.fr\/wp-content\/uploads\/2020\/12\/Demande-de-Sauf-Conduit-modele-R-768x1279.jpg 768w, https:\/\/wikicollection.fr\/wp-content\/uploads\/2020\/12\/Demande-de-Sauf-Conduit-modele-R-922x1536.jpg 922w, https:\/\/wikicollection.fr\/wp-content\/uploads\/2020\/12\/Demande-de-Sauf-Conduit-modele-R-1230x2048.jpg 1230w\" sizes=\"auto, (max-width: 500px) 100vw, 500px\" \/><\/p>\n<p>Mod\u00e8le de Sauf-Conduit pr\u00e9vu par l&rsquo;Arr\u00eat\u00e9 du 15 juillet 1916<br \/>\n<img loading=\"lazy\" decoding=\"async\" class=\"alignnone wp-image-120818\" src=\"https:\/\/wikicollection.fr\/wp-content\/uploads\/2020\/12\/Sauf-Conduit-modele-R-scaled.jpg\" alt=\"\" width=\"500\" height=\"766\" srcset=\"https:\/\/wikicollection.fr\/wp-content\/uploads\/2020\/12\/Sauf-Conduit-modele-R-scaled.jpg 1670w, https:\/\/wikicollection.fr\/wp-content\/uploads\/2020\/12\/Sauf-Conduit-modele-R-445x682.jpg 445w, https:\/\/wikicollection.fr\/wp-content\/uploads\/2020\/12\/Sauf-Conduit-modele-R-196x300.jpg 196w, https:\/\/wikicollection.fr\/wp-content\/uploads\/2020\/12\/Sauf-Conduit-modele-R-668x1024.jpg 668w, https:\/\/wikicollection.fr\/wp-content\/uploads\/2020\/12\/Sauf-Conduit-modele-R-768x1177.jpg 768w, https:\/\/wikicollection.fr\/wp-content\/uploads\/2020\/12\/Sauf-Conduit-modele-R-1002x1536.jpg 1002w, https:\/\/wikicollection.fr\/wp-content\/uploads\/2020\/12\/Sauf-Conduit-modele-R-1336x2048.jpg 1336w\" sizes=\"auto, (max-width: 500px) 100vw, 500px\" \/><\/p>\n<p><img loading=\"lazy\" decoding=\"async\" class=\"alignnone wp-image-120817\" src=\"https:\/\/wikicollection.fr\/wp-content\/uploads\/2020\/12\/Sauf-Conduit-modele-V-scaled.jpg\" alt=\"\" width=\"500\" height=\"894\" srcset=\"https:\/\/wikicollection.fr\/wp-content\/uploads\/2020\/12\/Sauf-Conduit-modele-V-scaled.jpg 1431w, https:\/\/wikicollection.fr\/wp-content\/uploads\/2020\/12\/Sauf-Conduit-modele-V-445x796.jpg 445w, https:\/\/wikicollection.fr\/wp-content\/uploads\/2020\/12\/Sauf-Conduit-modele-V-168x300.jpg 168w, https:\/\/wikicollection.fr\/wp-content\/uploads\/2020\/12\/Sauf-Conduit-modele-V-573x1024.jpg 573w, https:\/\/wikicollection.fr\/wp-content\/uploads\/2020\/12\/Sauf-Conduit-modele-V-768x1374.jpg 768w, https:\/\/wikicollection.fr\/wp-content\/uploads\/2020\/12\/Sauf-Conduit-modele-V-859x1536.jpg 859w, https:\/\/wikicollection.fr\/wp-content\/uploads\/2020\/12\/Sauf-Conduit-modele-V-1145x2048.jpg 1145w\" sizes=\"auto, (max-width: 500px) 100vw, 500px\" \/><\/p>\n<p><div id=\"FRBN-SAUFCONDUIT-10-1\"><br><\/div><hr class=\"divider\" \/><a class=\"macoll bleu\" href=\"http:\/\/wikicollection.fr\/?page_id=10005#FRBN-SAUFCONDUIT-10-1\"><img src=http:\/\/www.wikicollection.fr\/wp-includes\/images\/epingle.jpg>Ajouter &agrave; ma collection<\/a><a class=\"macoll bleu\" href=\"http:\/\/wikicollection.fr\/?page_id=10005#FRBN-SAUFCONDUIT-10-1\"><img src=http:\/\/www.wikicollection.fr\/wp-includes\/images\/echange.jpg>Vendre\/&eacute;changer<\/a>  <a class=\"macoll bleu\" href=\"http:\/\/wikicollection.fr\/?page_id=10005#FRBN-SAUFCONDUIT-10-1\"><img src=http:\/\/www.wikicollection.fr\/wp-includes\/images\/loupe.jpg>Rechercher<\/a><br>      <br \/>\n<strong>D\u00e9partement\/Commune :<\/strong> Vosges\/Vicherey<br \/>\n<strong>Date :<\/strong> 27 septembre 1914<br \/>\n<strong>Trajet :<\/strong> Vicherey, Buligny, Bruley<br \/>\n<strong>Moyen de transport :<\/strong> Non pr\u00e9cis\u00e9<br \/>\n<strong>D\u00e9tails :<\/strong> Pour rentrer les r\u00e9coltes<br \/>\n<strong>Dimensions (mm) :<\/strong> 210 x 140<br \/>\n<strong>Imprimeur :<\/strong> Papier pour correspondance<br \/>\n<img loading=\"lazy\" decoding=\"async\" class=\"alignnone wp-image-120819\" src=\"https:\/\/wikicollection.fr\/wp-content\/uploads\/2020\/12\/Sauf-Conduit-Vicherey-sept-1914-scaled.jpg\" alt=\"\" width=\"500\" height=\"789\" srcset=\"https:\/\/wikicollection.fr\/wp-content\/uploads\/2020\/12\/Sauf-Conduit-Vicherey-sept-1914-scaled.jpg 1622w, https:\/\/wikicollection.fr\/wp-content\/uploads\/2020\/12\/Sauf-Conduit-Vicherey-sept-1914-445x702.jpg 445w, https:\/\/wikicollection.fr\/wp-content\/uploads\/2020\/12\/Sauf-Conduit-Vicherey-sept-1914-190x300.jpg 190w, https:\/\/wikicollection.fr\/wp-content\/uploads\/2020\/12\/Sauf-Conduit-Vicherey-sept-1914-649x1024.jpg 649w, https:\/\/wikicollection.fr\/wp-content\/uploads\/2020\/12\/Sauf-Conduit-Vicherey-sept-1914-768x1212.jpg 768w, https:\/\/wikicollection.fr\/wp-content\/uploads\/2020\/12\/Sauf-Conduit-Vicherey-sept-1914-973x1536.jpg 973w, https:\/\/wikicollection.fr\/wp-content\/uploads\/2020\/12\/Sauf-Conduit-Vicherey-sept-1914-1298x2048.jpg 1298w\" sizes=\"auto, (max-width: 500px) 100vw, 500px\" \/><\/p>\n<p><div id=\"FRBN-SAUFCONDUIT-10-2\"><br><\/div><hr class=\"divider\" \/><a class=\"macoll bleu\" href=\"http:\/\/wikicollection.fr\/?page_id=10005#FRBN-SAUFCONDUIT-10-2\"><img src=http:\/\/www.wikicollection.fr\/wp-includes\/images\/epingle.jpg>Ajouter &agrave; ma collection<\/a><a class=\"macoll bleu\" href=\"http:\/\/wikicollection.fr\/?page_id=10005#FRBN-SAUFCONDUIT-10-2\"><img src=http:\/\/www.wikicollection.fr\/wp-includes\/images\/echange.jpg>Vendre\/&eacute;changer<\/a>  <a class=\"macoll bleu\" href=\"http:\/\/wikicollection.fr\/?page_id=10005#FRBN-SAUFCONDUIT-10-2\"><img src=http:\/\/www.wikicollection.fr\/wp-includes\/images\/loupe.jpg>Rechercher<\/a><br>      <br \/>\n<strong>D\u00e9partement\/Commune :<\/strong> Marne\/Cheppes la Prairie<br \/>\n<strong>Date :<\/strong> 29 septembre 1915<br \/>\n<strong>Trajet :<\/strong> Cheppes la Prairie \u00e0 Pagny et retour<br \/>\n<strong>Moyen de transport :<\/strong> Non pr\u00e9cis\u00e9<br \/>\n<strong>Signalement :<\/strong> Non pr\u00e9cis\u00e9<br \/>\n<strong>D\u00e9tails :<\/strong> Non vis\u00e9 par le commissaire de police ou le maire de Pagny (comme indiqu\u00e9)<br \/>\n<strong>Dimensions (mm) :<\/strong> 180 x 115<br \/>\n<strong>Imprimeur :<\/strong> Non indiqu\u00e9<br \/>\n<img loading=\"lazy\" decoding=\"async\" class=\"alignnone wp-image-120820\" src=\"https:\/\/wikicollection.fr\/wp-content\/uploads\/2020\/12\/Sauf-conduit-Cheppes-la-Prairie-1915-PM-scaled-e1607189708286.jpg\" alt=\"\" width=\"500\" height=\"774\" srcset=\"https:\/\/wikicollection.fr\/wp-content\/uploads\/2020\/12\/Sauf-conduit-Cheppes-la-Prairie-1915-PM-scaled-e1607189708286.jpg 1388w, https:\/\/wikicollection.fr\/wp-content\/uploads\/2020\/12\/Sauf-conduit-Cheppes-la-Prairie-1915-PM-scaled-e1607189708286-445x689.jpg 445w, https:\/\/wikicollection.fr\/wp-content\/uploads\/2020\/12\/Sauf-conduit-Cheppes-la-Prairie-1915-PM-scaled-e1607189708286-194x300.jpg 194w, https:\/\/wikicollection.fr\/wp-content\/uploads\/2020\/12\/Sauf-conduit-Cheppes-la-Prairie-1915-PM-scaled-e1607189708286-661x1024.jpg 661w, https:\/\/wikicollection.fr\/wp-content\/uploads\/2020\/12\/Sauf-conduit-Cheppes-la-Prairie-1915-PM-scaled-e1607189708286-768x1190.jpg 768w, https:\/\/wikicollection.fr\/wp-content\/uploads\/2020\/12\/Sauf-conduit-Cheppes-la-Prairie-1915-PM-scaled-e1607189708286-992x1536.jpg 992w, https:\/\/wikicollection.fr\/wp-content\/uploads\/2020\/12\/Sauf-conduit-Cheppes-la-Prairie-1915-PM-scaled-e1607189708286-1322x2048.jpg 1322w\" sizes=\"auto, (max-width: 500px) 100vw, 500px\" \/><\/p>\n<p><div id=\"FRBN-SAUFCONDUIT-10-3\"><br><\/div><hr class=\"divider\" \/><a class=\"macoll bleu\" href=\"http:\/\/wikicollection.fr\/?page_id=10005#FRBN-SAUFCONDUIT-10-3\"><img src=http:\/\/www.wikicollection.fr\/wp-includes\/images\/epingle.jpg>Ajouter &agrave; ma collection<\/a><a class=\"macoll bleu\" href=\"http:\/\/wikicollection.fr\/?page_id=10005#FRBN-SAUFCONDUIT-10-3\"><img src=http:\/\/www.wikicollection.fr\/wp-includes\/images\/echange.jpg>Vendre\/&eacute;changer<\/a>  <a class=\"macoll bleu\" href=\"http:\/\/wikicollection.fr\/?page_id=10005#FRBN-SAUFCONDUIT-10-3\"><img src=http:\/\/www.wikicollection.fr\/wp-includes\/images\/loupe.jpg>Rechercher<\/a><br>      <br \/>\n<strong>D\u00e9partement\/Commune :<\/strong> Marne\/Cheppes la Prairie<br \/>\n<strong>Date :<\/strong> 30 septembre 1915<br \/>\n<strong>Trajet :<\/strong> Cheppes la Prairie \u00e0 Nancy<br \/>\n<strong>Moyen de transport :<\/strong> Chemin de fer<br \/>\n<strong>Signalement :<\/strong>\u00a0 Renseign\u00e9<br \/>\n<strong>D\u00e9tails :<\/strong> Aucune mention sur l&rsquo;obligation de visa par le commissaire de police ou le maire de Nancy<br \/>\n<strong>Dimensions (mm) :<\/strong> 215 x 140<br \/>\n<strong>Imprimeur :<\/strong> Non indiqu\u00e9<br \/>\n<img loading=\"lazy\" decoding=\"async\" class=\"alignnone wp-image-120824\" src=\"https:\/\/wikicollection.fr\/wp-content\/uploads\/2020\/12\/Sauf-conduit-Cheppes-la-Prairie-1915-GM-scaled-e1607190326358.jpg\" alt=\"\" width=\"500\" height=\"785\" srcset=\"https:\/\/wikicollection.fr\/wp-content\/uploads\/2020\/12\/Sauf-conduit-Cheppes-la-Prairie-1915-GM-scaled-e1607190326358.jpg 1574w, https:\/\/wikicollection.fr\/wp-content\/uploads\/2020\/12\/Sauf-conduit-Cheppes-la-Prairie-1915-GM-scaled-e1607190326358-445x698.jpg 445w, https:\/\/wikicollection.fr\/wp-content\/uploads\/2020\/12\/Sauf-conduit-Cheppes-la-Prairie-1915-GM-scaled-e1607190326358-191x300.jpg 191w, https:\/\/wikicollection.fr\/wp-content\/uploads\/2020\/12\/Sauf-conduit-Cheppes-la-Prairie-1915-GM-scaled-e1607190326358-653x1024.jpg 653w, https:\/\/wikicollection.fr\/wp-content\/uploads\/2020\/12\/Sauf-conduit-Cheppes-la-Prairie-1915-GM-scaled-e1607190326358-768x1205.jpg 768w, https:\/\/wikicollection.fr\/wp-content\/uploads\/2020\/12\/Sauf-conduit-Cheppes-la-Prairie-1915-GM-scaled-e1607190326358-979x1536.jpg 979w, https:\/\/wikicollection.fr\/wp-content\/uploads\/2020\/12\/Sauf-conduit-Cheppes-la-Prairie-1915-GM-scaled-e1607190326358-1305x2048.jpg 1305w\" sizes=\"auto, (max-width: 500px) 100vw, 500px\" \/><\/p>\n<p><div id=\"FRBN-SAUFCONDUIT-10-4\"><br><\/div><hr class=\"divider\" \/><a class=\"macoll bleu\" href=\"http:\/\/wikicollection.fr\/?page_id=10005#FRBN-SAUFCONDUIT-10-4\"><img src=http:\/\/www.wikicollection.fr\/wp-includes\/images\/epingle.jpg>Ajouter &agrave; ma collection<\/a><a class=\"macoll bleu\" href=\"http:\/\/wikicollection.fr\/?page_id=10005#FRBN-SAUFCONDUIT-10-4\"><img src=http:\/\/www.wikicollection.fr\/wp-includes\/images\/echange.jpg>Vendre\/&eacute;changer<\/a>  <a class=\"macoll bleu\" href=\"http:\/\/wikicollection.fr\/?page_id=10005#FRBN-SAUFCONDUIT-10-4\"><img src=http:\/\/www.wikicollection.fr\/wp-includes\/images\/loupe.jpg>Rechercher<\/a><br>      <br \/>\n<strong>D\u00e9partement\/Commune :<\/strong> Meurthe-et-Moselle\/Nancy<br \/>\n<strong>Date :<\/strong> 29 f\u00e9vrier 1916<br \/>\n<strong>Trajet :<\/strong> Nancy \u00e0 Toul par Velaine-en-Haye<br \/>\n<strong>Moyen de transport :<\/strong> A pied<br \/>\n<strong>Signalement :<\/strong>\u00a0 Renseign\u00e9<br \/>\n<strong>D\u00e9tails :<\/strong>\u00a0 Au verso, visa du commissaire de police de Toul \u00e0 l&rsquo;arriv\u00e9e et au d\u00e9part le 6 &amp; 9 mars 1916<br \/>\n<strong>Observations importantes au verso<\/strong> : Directives en fonction de la zone et du mode de d\u00e9placement \u2013 La zone Z correspond aux zones A (avanc\u00e9e proche du front)\u00a0 &amp; B (r\u00e9serv\u00e9e), la zone C \u00e9tant la zone non-r\u00e9serv\u00e9e \u2013 Les r\u00e8gles de circulation \u00e9taient tr\u00e8s complexes.<br \/>\n<strong>Dimensions (mm) :<\/strong> 215 x 160<br \/>\n<strong>Imprimeur :<\/strong> Non indiqu\u00e9<br \/>\n<img loading=\"lazy\" decoding=\"async\" class=\"alignnone wp-image-120828\" src=\"https:\/\/wikicollection.fr\/wp-content\/uploads\/2020\/12\/Sauf-conduit-1916-Nancy-R-scaled.jpg\" alt=\"\" width=\"500\" height=\"676\" srcset=\"https:\/\/wikicollection.fr\/wp-content\/uploads\/2020\/12\/Sauf-conduit-1916-Nancy-R-scaled.jpg 1893w, https:\/\/wikicollection.fr\/wp-content\/uploads\/2020\/12\/Sauf-conduit-1916-Nancy-R-445x602.jpg 445w, https:\/\/wikicollection.fr\/wp-content\/uploads\/2020\/12\/Sauf-conduit-1916-Nancy-R-222x300.jpg 222w, https:\/\/wikicollection.fr\/wp-content\/uploads\/2020\/12\/Sauf-conduit-1916-Nancy-R-757x1024.jpg 757w, https:\/\/wikicollection.fr\/wp-content\/uploads\/2020\/12\/Sauf-conduit-1916-Nancy-R-768x1039.jpg 768w, https:\/\/wikicollection.fr\/wp-content\/uploads\/2020\/12\/Sauf-conduit-1916-Nancy-R-1136x1536.jpg 1136w, https:\/\/wikicollection.fr\/wp-content\/uploads\/2020\/12\/Sauf-conduit-1916-Nancy-R-1514x2048.jpg 1514w\" sizes=\"auto, (max-width: 500px) 100vw, 500px\" \/><\/p>\n<p><img loading=\"lazy\" decoding=\"async\" class=\"alignnone wp-image-120827\" src=\"https:\/\/wikicollection.fr\/wp-content\/uploads\/2020\/12\/Sauf-conduit-1916-Nancy-V-scaled.jpg\" alt=\"\" width=\"500\" height=\"682\" srcset=\"https:\/\/wikicollection.fr\/wp-content\/uploads\/2020\/12\/Sauf-conduit-1916-Nancy-V-scaled.jpg 1877w, https:\/\/wikicollection.fr\/wp-content\/uploads\/2020\/12\/Sauf-conduit-1916-Nancy-V-445x607.jpg 445w, https:\/\/wikicollection.fr\/wp-content\/uploads\/2020\/12\/Sauf-conduit-1916-Nancy-V-220x300.jpg 220w, https:\/\/wikicollection.fr\/wp-content\/uploads\/2020\/12\/Sauf-conduit-1916-Nancy-V-751x1024.jpg 751w, https:\/\/wikicollection.fr\/wp-content\/uploads\/2020\/12\/Sauf-conduit-1916-Nancy-V-768x1047.jpg 768w, https:\/\/wikicollection.fr\/wp-content\/uploads\/2020\/12\/Sauf-conduit-1916-Nancy-V-1126x1536.jpg 1126w, https:\/\/wikicollection.fr\/wp-content\/uploads\/2020\/12\/Sauf-conduit-1916-Nancy-V-1502x2048.jpg 1502w\" sizes=\"auto, (max-width: 500px) 100vw, 500px\" \/><\/p>\n<p><div id=\"FRBN-SAUFCONDUIT-10-5\"><br><\/div><hr class=\"divider\" \/><a class=\"macoll bleu\" href=\"http:\/\/wikicollection.fr\/?page_id=10005#FRBN-SAUFCONDUIT-10-5\"><img src=http:\/\/www.wikicollection.fr\/wp-includes\/images\/epingle.jpg>Ajouter &agrave; ma collection<\/a><a class=\"macoll bleu\" href=\"http:\/\/wikicollection.fr\/?page_id=10005#FRBN-SAUFCONDUIT-10-5\"><img src=http:\/\/www.wikicollection.fr\/wp-includes\/images\/echange.jpg>Vendre\/&eacute;changer<\/a>  <a class=\"macoll bleu\" href=\"http:\/\/wikicollection.fr\/?page_id=10005#FRBN-SAUFCONDUIT-10-5\"><img src=http:\/\/www.wikicollection.fr\/wp-includes\/images\/loupe.jpg>Rechercher<\/a><br>      <br \/>\n<strong>D\u00e9partement\/Commune :<\/strong> Rh\u00f4ne\/Lyon-Bellecourt<br \/>\n<strong>Date :<\/strong> 4 avril 1917, fin du voyage en d\u00e9cembre 1917<br \/>\n<strong>Trajet :<\/strong> Lyon \u00e0 Bourg avec de nombreux arr\u00eats<br \/>\n<strong>Moyen de transport :<\/strong> Chemin de fer, en voiture non automobile, \u00e0 pied<br \/>\n<strong>Signalement :<\/strong>\u00a0 Renseign\u00e9, voyageur de commerce<br \/>\n<strong>D\u00e9tails :<\/strong>\u00a0 Au recto et au verso nombreux visas de commissaires de police de Dijon, Dole, Bourg, Lons-le-Saunier, Besan\u00e7on, Chamb\u00e9ry&#8230;\u00a0 sur 8 mois environ<br \/>\n<strong>Dimensions (mm) :<\/strong> 245 x 160<br \/>\n<strong>Imprimeur :<\/strong> Imp. R\u00e9unies, Lyon<br \/>\n<img loading=\"lazy\" decoding=\"async\" class=\"alignnone wp-image-120832\" src=\"https:\/\/wikicollection.fr\/wp-content\/uploads\/2020\/12\/Sauf-conduit-Bourg-4-avril-17-R-scaled-e1607199386347.jpg\" alt=\"\" width=\"500\" height=\"765\" srcset=\"https:\/\/wikicollection.fr\/wp-content\/uploads\/2020\/12\/Sauf-conduit-Bourg-4-avril-17-R-scaled-e1607199386347.jpg 1606w, https:\/\/wikicollection.fr\/wp-content\/uploads\/2020\/12\/Sauf-conduit-Bourg-4-avril-17-R-scaled-e1607199386347-445x681.jpg 445w, https:\/\/wikicollection.fr\/wp-content\/uploads\/2020\/12\/Sauf-conduit-Bourg-4-avril-17-R-scaled-e1607199386347-196x300.jpg 196w, https:\/\/wikicollection.fr\/wp-content\/uploads\/2020\/12\/Sauf-conduit-Bourg-4-avril-17-R-scaled-e1607199386347-669x1024.jpg 669w, https:\/\/wikicollection.fr\/wp-content\/uploads\/2020\/12\/Sauf-conduit-Bourg-4-avril-17-R-scaled-e1607199386347-768x1175.jpg 768w, https:\/\/wikicollection.fr\/wp-content\/uploads\/2020\/12\/Sauf-conduit-Bourg-4-avril-17-R-scaled-e1607199386347-1004x1536.jpg 1004w, https:\/\/wikicollection.fr\/wp-content\/uploads\/2020\/12\/Sauf-conduit-Bourg-4-avril-17-R-scaled-e1607199386347-1339x2048.jpg 1339w\" sizes=\"auto, (max-width: 500px) 100vw, 500px\" \/><\/p>\n<p><img loading=\"lazy\" decoding=\"async\" class=\"alignnone wp-image-120831\" src=\"https:\/\/wikicollection.fr\/wp-content\/uploads\/2020\/12\/Sauf-conduit-Bourg-4-avril-17-V-scaled-e1607199351646.jpg\" alt=\"\" width=\"500\" height=\"768\" srcset=\"https:\/\/wikicollection.fr\/wp-content\/uploads\/2020\/12\/Sauf-conduit-Bourg-4-avril-17-V-scaled-e1607199351646.jpg 1574w, https:\/\/wikicollection.fr\/wp-content\/uploads\/2020\/12\/Sauf-conduit-Bourg-4-avril-17-V-scaled-e1607199351646-445x684.jpg 445w, https:\/\/wikicollection.fr\/wp-content\/uploads\/2020\/12\/Sauf-conduit-Bourg-4-avril-17-V-scaled-e1607199351646-195x300.jpg 195w, https:\/\/wikicollection.fr\/wp-content\/uploads\/2020\/12\/Sauf-conduit-Bourg-4-avril-17-V-scaled-e1607199351646-666x1024.jpg 666w, https:\/\/wikicollection.fr\/wp-content\/uploads\/2020\/12\/Sauf-conduit-Bourg-4-avril-17-V-scaled-e1607199351646-768x1180.jpg 768w, https:\/\/wikicollection.fr\/wp-content\/uploads\/2020\/12\/Sauf-conduit-Bourg-4-avril-17-V-scaled-e1607199351646-999x1536.jpg 999w, https:\/\/wikicollection.fr\/wp-content\/uploads\/2020\/12\/Sauf-conduit-Bourg-4-avril-17-V-scaled-e1607199351646-1333x2048.jpg 1333w\" sizes=\"auto, (max-width: 500px) 100vw, 500px\" \/><\/p>\n<p><div id=\"FRBN-SAUFCONDUIT-10-6\"><br><\/div><hr class=\"divider\" \/><a class=\"macoll bleu\" href=\"http:\/\/wikicollection.fr\/?page_id=10005#FRBN-SAUFCONDUIT-10-6\"><img src=http:\/\/www.wikicollection.fr\/wp-includes\/images\/epingle.jpg>Ajouter &agrave; ma collection<\/a><a class=\"macoll bleu\" href=\"http:\/\/wikicollection.fr\/?page_id=10005#FRBN-SAUFCONDUIT-10-6\"><img src=http:\/\/www.wikicollection.fr\/wp-includes\/images\/echange.jpg>Vendre\/&eacute;changer<\/a>  <a class=\"macoll bleu\" href=\"http:\/\/wikicollection.fr\/?page_id=10005#FRBN-SAUFCONDUIT-10-6\"><img src=http:\/\/www.wikicollection.fr\/wp-includes\/images\/loupe.jpg>Rechercher<\/a><br>      <br \/>\n<strong>D\u00e9partement\/Commune :<\/strong> Bouche-du-Rh\u00f4ne\/Marseille<br \/>\n<strong>Date :<\/strong> 18 janvier 1918 \u2013 fin du voyage en novembre 1918<br \/>\n<strong>Trajet :<\/strong> Marseille \u00e0 Toulon avec de nombreux arr\u00eats<br \/>\n<strong>Moyen de transport :<\/strong> Non renseign\u00e9<br \/>\n<strong>Signalement :<\/strong>\u00a0 Renseign\u00e9, voyageur de commerce<br \/>\n<strong>D\u00e9tails :<\/strong>\u00a0 Au recto et au verso nombreux visas de commissaires de police de Lyon, Dole, Dijon, Lyon, Besan\u00e7on, Bourg, Lons-le-Saunier, Valence, Chamb\u00e9ry, Toulon &#8230;\u00a0 sur 10 mois environ<br \/>\n<strong>Dimensions (mm) :<\/strong> 305 x 210<br \/>\n<strong>Imprimeur :<\/strong> Non renseign\u00e9<br \/>\n<img loading=\"lazy\" decoding=\"async\" class=\"alignnone wp-image-120834\" src=\"https:\/\/wikicollection.fr\/wp-content\/uploads\/2020\/12\/Sauf-conduit-Toulon-18-janvier-18-R-scaled.jpg\" alt=\"\" width=\"500\" height=\"730\" srcset=\"https:\/\/wikicollection.fr\/wp-content\/uploads\/2020\/12\/Sauf-conduit-Toulon-18-janvier-18-R-scaled.jpg 1753w, https:\/\/wikicollection.fr\/wp-content\/uploads\/2020\/12\/Sauf-conduit-Toulon-18-janvier-18-R-445x650.jpg 445w, https:\/\/wikicollection.fr\/wp-content\/uploads\/2020\/12\/Sauf-conduit-Toulon-18-janvier-18-R-205x300.jpg 205w, https:\/\/wikicollection.fr\/wp-content\/uploads\/2020\/12\/Sauf-conduit-Toulon-18-janvier-18-R-701x1024.jpg 701w, https:\/\/wikicollection.fr\/wp-content\/uploads\/2020\/12\/Sauf-conduit-Toulon-18-janvier-18-R-768x1121.jpg 768w, https:\/\/wikicollection.fr\/wp-content\/uploads\/2020\/12\/Sauf-conduit-Toulon-18-janvier-18-R-1052x1536.jpg 1052w, https:\/\/wikicollection.fr\/wp-content\/uploads\/2020\/12\/Sauf-conduit-Toulon-18-janvier-18-R-1403x2048.jpg 1403w\" sizes=\"auto, (max-width: 500px) 100vw, 500px\" \/><\/p>\n<p><img loading=\"lazy\" decoding=\"async\" class=\"alignnone wp-image-120833\" src=\"https:\/\/wikicollection.fr\/wp-content\/uploads\/2020\/12\/Sauf-conduit-Toulon-18-janvier-18-V-scaled.jpg\" alt=\"\" width=\"500\" height=\"719\" srcset=\"https:\/\/wikicollection.fr\/wp-content\/uploads\/2020\/12\/Sauf-conduit-Toulon-18-janvier-18-V-scaled.jpg 1780w, https:\/\/wikicollection.fr\/wp-content\/uploads\/2020\/12\/Sauf-conduit-Toulon-18-janvier-18-V-445x640.jpg 445w, https:\/\/wikicollection.fr\/wp-content\/uploads\/2020\/12\/Sauf-conduit-Toulon-18-janvier-18-V-209x300.jpg 209w, https:\/\/wikicollection.fr\/wp-content\/uploads\/2020\/12\/Sauf-conduit-Toulon-18-janvier-18-V-712x1024.jpg 712w, https:\/\/wikicollection.fr\/wp-content\/uploads\/2020\/12\/Sauf-conduit-Toulon-18-janvier-18-V-768x1105.jpg 768w, https:\/\/wikicollection.fr\/wp-content\/uploads\/2020\/12\/Sauf-conduit-Toulon-18-janvier-18-V-1068x1536.jpg 1068w, https:\/\/wikicollection.fr\/wp-content\/uploads\/2020\/12\/Sauf-conduit-Toulon-18-janvier-18-V-1424x2048.jpg 1424w\" sizes=\"auto, (max-width: 500px) 100vw, 500px\" \/><\/p>\n<p><div id=\"FRBN-SAUFCONDUIT-10-7\"><br><\/div><hr class=\"divider\" \/><a class=\"macoll bleu\" href=\"http:\/\/wikicollection.fr\/?page_id=10005#FRBN-SAUFCONDUIT-10-7\"><img src=http:\/\/www.wikicollection.fr\/wp-includes\/images\/epingle.jpg>Ajouter &agrave; ma collection<\/a><a class=\"macoll bleu\" href=\"http:\/\/wikicollection.fr\/?page_id=10005#FRBN-SAUFCONDUIT-10-7\"><img src=http:\/\/www.wikicollection.fr\/wp-includes\/images\/echange.jpg>Vendre\/&eacute;changer<\/a>  <a class=\"macoll bleu\" href=\"http:\/\/wikicollection.fr\/?page_id=10005#FRBN-SAUFCONDUIT-10-7\"><img src=http:\/\/www.wikicollection.fr\/wp-includes\/images\/loupe.jpg>Rechercher<\/a><br>      <br \/>\n<strong>D\u00e9partement\/Commune :<\/strong> Ni\u00e8vre\/Decize<br \/>\n<strong>Date :<\/strong> 10 janvier 1919 jusqu&rsquo;au 10 f\u00e9vrier 1919<br \/>\n<strong>Trajet :<\/strong> Decize \u00e0 Nancy<br \/>\n<strong>Moyen de transport :<\/strong> Chemin de Fer<br \/>\n<strong>Signalement :<\/strong>\u00a0 Renseign\u00e9<br \/>\n<strong>D\u00e9tails :<\/strong>\u00a0 Document conforme au mod\u00e8le de l&rsquo;arr\u00eat\u00e9 du 15 juillet 1916, visa du commissaire de police de Nancy au verso<br \/>\n<strong>Dimensions (mm) :<\/strong> 220 x 135<br \/>\n<strong>Imprimeur :<\/strong> Non renseign\u00e9<br \/>\n<img loading=\"lazy\" decoding=\"async\" class=\"alignnone wp-image-120836\" src=\"https:\/\/wikicollection.fr\/wp-content\/uploads\/2020\/12\/Sauf-conduit-Decizes-1919-R-scaled.jpg\" alt=\"\" width=\"500\" height=\"824\" srcset=\"https:\/\/wikicollection.fr\/wp-content\/uploads\/2020\/12\/Sauf-conduit-Decizes-1919-R-scaled.jpg 1553w, https:\/\/wikicollection.fr\/wp-content\/uploads\/2020\/12\/Sauf-conduit-Decizes-1919-R-445x733.jpg 445w, https:\/\/wikicollection.fr\/wp-content\/uploads\/2020\/12\/Sauf-conduit-Decizes-1919-R-182x300.jpg 182w, https:\/\/wikicollection.fr\/wp-content\/uploads\/2020\/12\/Sauf-conduit-Decizes-1919-R-621x1024.jpg 621w, https:\/\/wikicollection.fr\/wp-content\/uploads\/2020\/12\/Sauf-conduit-Decizes-1919-R-768x1266.jpg 768w, https:\/\/wikicollection.fr\/wp-content\/uploads\/2020\/12\/Sauf-conduit-Decizes-1919-R-932x1536.jpg 932w, https:\/\/wikicollection.fr\/wp-content\/uploads\/2020\/12\/Sauf-conduit-Decizes-1919-R-1243x2048.jpg 1243w\" sizes=\"auto, (max-width: 500px) 100vw, 500px\" \/><\/p>\n<p><img loading=\"lazy\" decoding=\"async\" class=\"alignnone wp-image-120835\" src=\"https:\/\/wikicollection.fr\/wp-content\/uploads\/2020\/12\/Sauf-conduit-Decizes-1919-V-scaled.jpg\" alt=\"\" width=\"500\" height=\"845\" srcset=\"https:\/\/wikicollection.fr\/wp-content\/uploads\/2020\/12\/Sauf-conduit-Decizes-1919-V-scaled.jpg 1515w, https:\/\/wikicollection.fr\/wp-content\/uploads\/2020\/12\/Sauf-conduit-Decizes-1919-V-445x752.jpg 445w, https:\/\/wikicollection.fr\/wp-content\/uploads\/2020\/12\/Sauf-conduit-Decizes-1919-V-178x300.jpg 178w, https:\/\/wikicollection.fr\/wp-content\/uploads\/2020\/12\/Sauf-conduit-Decizes-1919-V-606x1024.jpg 606w, https:\/\/wikicollection.fr\/wp-content\/uploads\/2020\/12\/Sauf-conduit-Decizes-1919-V-768x1298.jpg 768w, https:\/\/wikicollection.fr\/wp-content\/uploads\/2020\/12\/Sauf-conduit-Decizes-1919-V-909x1536.jpg 909w, https:\/\/wikicollection.fr\/wp-content\/uploads\/2020\/12\/Sauf-conduit-Decizes-1919-V-1212x2048.jpg 1212w\" sizes=\"auto, (max-width: 500px) 100vw, 500px\" \/><\/p>\n<p><div id=\"FRBN-SAUFCONDUIT-10-8\"><br><\/div><hr class=\"divider\" \/><a class=\"macoll bleu\" href=\"http:\/\/wikicollection.fr\/?page_id=10005#FRBN-SAUFCONDUIT-10-8\"><img src=http:\/\/www.wikicollection.fr\/wp-includes\/images\/epingle.jpg>Ajouter &agrave; ma collection<\/a><a class=\"macoll bleu\" href=\"http:\/\/wikicollection.fr\/?page_id=10005#FRBN-SAUFCONDUIT-10-8\"><img src=http:\/\/www.wikicollection.fr\/wp-includes\/images\/echange.jpg>Vendre\/&eacute;changer<\/a>  <a class=\"macoll bleu\" href=\"http:\/\/wikicollection.fr\/?page_id=10005#FRBN-SAUFCONDUIT-10-8\"><img src=http:\/\/www.wikicollection.fr\/wp-includes\/images\/loupe.jpg>Rechercher<\/a><br>      <br \/>\n<strong>D\u00e9partement\/Commune :<\/strong> Meurthe-et-Moselle\/Nancy<br \/>\n<strong>Date :<\/strong> 30 mai 1922 au 30 juin 1922<br \/>\n<strong>Trajet :<\/strong> Nancy \u00e0 Mayence, Kaiserslautern, Bingen<br \/>\n<strong>Moyen de transport :<\/strong> Automobile<br \/>\n<strong>Signalement :<\/strong>\u00a0 Non renseign\u00e9<br \/>\n<strong>D\u00e9tails :<\/strong>\u00a0 Document conforme au mod\u00e8le de l&rsquo;arr\u00eat\u00e9 du 15 juillet 1916, sert \u00e9galement de permis de s\u00e9jour<br \/>\n<strong>Dimensions (mm) :<\/strong> 275 x 155<br \/>\n<strong>Imprimeur :<\/strong> Marc Himhaus et Ren\u00e8 Chapelot \u2013 Imp. R\u00e9unies \u2013 Nancy<br \/>\n<img loading=\"lazy\" decoding=\"async\" class=\"alignnone wp-image-120838\" src=\"https:\/\/wikicollection.fr\/wp-content\/uploads\/2020\/12\/Sauf-conduit-Nancy-1922-R-scaled.jpg\" alt=\"\" width=\"500\" height=\"886\" srcset=\"https:\/\/wikicollection.fr\/wp-content\/uploads\/2020\/12\/Sauf-conduit-Nancy-1922-R-scaled.jpg 1444w, https:\/\/wikicollection.fr\/wp-content\/uploads\/2020\/12\/Sauf-conduit-Nancy-1922-R-445x789.jpg 445w, https:\/\/wikicollection.fr\/wp-content\/uploads\/2020\/12\/Sauf-conduit-Nancy-1922-R-169x300.jpg 169w, https:\/\/wikicollection.fr\/wp-content\/uploads\/2020\/12\/Sauf-conduit-Nancy-1922-R-578x1024.jpg 578w, https:\/\/wikicollection.fr\/wp-content\/uploads\/2020\/12\/Sauf-conduit-Nancy-1922-R-768x1362.jpg 768w, https:\/\/wikicollection.fr\/wp-content\/uploads\/2020\/12\/Sauf-conduit-Nancy-1922-R-866x1536.jpg 866w, https:\/\/wikicollection.fr\/wp-content\/uploads\/2020\/12\/Sauf-conduit-Nancy-1922-R-1155x2048.jpg 1155w\" sizes=\"auto, (max-width: 500px) 100vw, 500px\" \/><\/p>\n<p><img loading=\"lazy\" decoding=\"async\" class=\"alignnone wp-image-120837\" src=\"https:\/\/wikicollection.fr\/wp-content\/uploads\/2020\/12\/Sauf-conduit-Nancy-1922-V-scaled.jpg\" alt=\"\" width=\"500\" height=\"898\" srcset=\"https:\/\/wikicollection.fr\/wp-content\/uploads\/2020\/12\/Sauf-conduit-Nancy-1922-V-scaled.jpg 1426w, https:\/\/wikicollection.fr\/wp-content\/uploads\/2020\/12\/Sauf-conduit-Nancy-1922-V-445x799.jpg 445w, https:\/\/wikicollection.fr\/wp-content\/uploads\/2020\/12\/Sauf-conduit-Nancy-1922-V-167x300.jpg 167w, https:\/\/wikicollection.fr\/wp-content\/uploads\/2020\/12\/Sauf-conduit-Nancy-1922-V-571x1024.jpg 571w, https:\/\/wikicollection.fr\/wp-content\/uploads\/2020\/12\/Sauf-conduit-Nancy-1922-V-768x1378.jpg 768w, https:\/\/wikicollection.fr\/wp-content\/uploads\/2020\/12\/Sauf-conduit-Nancy-1922-V-856x1536.jpg 856w, https:\/\/wikicollection.fr\/wp-content\/uploads\/2020\/12\/Sauf-conduit-Nancy-1922-V-1141x2048.jpg 1141w\" sizes=\"auto, (max-width: 500px) 100vw, 500px\" \/><\/p>\n<p><div id=\"FRBN-SAUFCONDUIT-10-9\"><br><\/div><hr class=\"divider\" \/><a class=\"macoll bleu\" href=\"http:\/\/wikicollection.fr\/?page_id=10005#FRBN-SAUFCONDUIT-10-9\"><img src=http:\/\/www.wikicollection.fr\/wp-includes\/images\/epingle.jpg>Ajouter &agrave; ma collection<\/a><a class=\"macoll bleu\" href=\"http:\/\/wikicollection.fr\/?page_id=10005#FRBN-SAUFCONDUIT-10-9\"><img src=http:\/\/www.wikicollection.fr\/wp-includes\/images\/echange.jpg>Vendre\/&eacute;changer<\/a>  <a class=\"macoll bleu\" href=\"http:\/\/wikicollection.fr\/?page_id=10005#FRBN-SAUFCONDUIT-10-9\"><img src=http:\/\/www.wikicollection.fr\/wp-includes\/images\/loupe.jpg>Rechercher<\/a><br>      <br \/>\n<strong>D\u00e9partement\/Commune :<\/strong> Charente-Maritime (-Inf\u00e9rieure)\/Aigrefeuille<br \/>\n<strong>Date :<\/strong> 24 avril 1915<br \/>\n<strong>Trajet :<\/strong> Zone de l&rsquo;int\u00e9rieur (loin du front)<br \/>\n<strong>Moyen de transport :<\/strong> Automobile<br \/>\n<strong>Signalement :<\/strong>\u00a0 Age, taille, Tr\u00e9sori\u00e8re \u00e0 l&rsquo;Union des Femmes de France (Infirmi\u00e8res b\u00e9n\u00e9voles)<br \/>\n<strong>D\u00e9tails :<\/strong> Sauf-Conduit permanent, visa et tampon de l&rsquo;autorit\u00e9 militaire<br \/>\n<strong>Dimensions (mm) :<\/strong> 110 x 160<br \/>\n<strong>Imprimeur :<\/strong> Duplicateur \u00e0 alcool<br \/>\n<strong>Cr\u00e9dit photo :<\/strong> Laurent Nesly<\/p>\n<p><img loading=\"lazy\" decoding=\"async\" class=\"alignnone wp-image-120974\" src=\"https:\/\/wikicollection.fr\/wp-content\/uploads\/2020\/12\/Sauf-conduit-Infirmiere-scaled.jpg\" alt=\"\" width=\"600\" height=\"439\" srcset=\"https:\/\/wikicollection.fr\/wp-content\/uploads\/2020\/12\/Sauf-conduit-Infirmiere-scaled.jpg 2560w, https:\/\/wikicollection.fr\/wp-content\/uploads\/2020\/12\/Sauf-conduit-Infirmiere-445x326.jpg 445w, https:\/\/wikicollection.fr\/wp-content\/uploads\/2020\/12\/Sauf-conduit-Infirmiere-300x220.jpg 300w, https:\/\/wikicollection.fr\/wp-content\/uploads\/2020\/12\/Sauf-conduit-Infirmiere-1024x749.jpg 1024w, https:\/\/wikicollection.fr\/wp-content\/uploads\/2020\/12\/Sauf-conduit-Infirmiere-768x562.jpg 768w, https:\/\/wikicollection.fr\/wp-content\/uploads\/2020\/12\/Sauf-conduit-Infirmiere-1536x1124.jpg 1536w, https:\/\/wikicollection.fr\/wp-content\/uploads\/2020\/12\/Sauf-conduit-Infirmiere-2048x1499.jpg 2048w\" sizes=\"auto, (max-width: 600px) 100vw, 600px\" \/><\/p>\n<p><div id=\"FRBN-LAISSEZPASSER-10-1\"><br><\/div><hr class=\"divider\" \/><a class=\"macoll bleu\" href=\"http:\/\/wikicollection.fr\/?page_id=10005#FRBN-LAISSEZPASSER-10-1\"><img src=http:\/\/www.wikicollection.fr\/wp-includes\/images\/epingle.jpg>Ajouter &agrave; ma collection<\/a><a class=\"macoll bleu\" href=\"http:\/\/wikicollection.fr\/?page_id=10005#FRBN-LAISSEZPASSER-10-1\"><img src=http:\/\/www.wikicollection.fr\/wp-includes\/images\/echange.jpg>Vendre\/&eacute;changer<\/a>  <a class=\"macoll bleu\" href=\"http:\/\/wikicollection.fr\/?page_id=10005#FRBN-LAISSEZPASSER-10-1\"><img src=http:\/\/www.wikicollection.fr\/wp-includes\/images\/loupe.jpg>Rechercher<\/a><br>      <br \/>\n<strong>Laissez Passer<\/strong><br \/>\n<strong>D\u00e9partement\/Commune :<\/strong> Meurthe-et-Moselle\/Saint Germain<br \/>\n<strong>Date :<\/strong> 24 aout 1914<br \/>\n<strong>Trajet :<\/strong> Saint Germain \u00e0 Charmes pour une destination inconnue<br \/>\n<strong>Moyen de transport :<\/strong> Non renseign\u00e9<br \/>\n<strong>Signalement :<\/strong>\u00a0 Non renseign\u00e9<br \/>\n<strong>D\u00e9tails :<\/strong>\u00a0 Visa du commissaire de police de Charmes pour un retour \u00e0 Saint Germain<br \/>\n<strong>Dimensions (mm) :<\/strong> 110 x 160<br \/>\n<strong>Imprimeur :<\/strong> Document manuscrit sur une page de cahier d&rsquo;\u00e9colier<\/p>\n<p><img loading=\"lazy\" decoding=\"async\" class=\"alignnone wp-image-120851\" src=\"https:\/\/wikicollection.fr\/wp-content\/uploads\/2020\/12\/Laissez-passer-manuscript-St-Germain-R-scaled.jpg\" alt=\"\" width=\"602\" height=\"414\" srcset=\"https:\/\/wikicollection.fr\/wp-content\/uploads\/2020\/12\/Laissez-passer-manuscript-St-Germain-R-scaled.jpg 2560w, https:\/\/wikicollection.fr\/wp-content\/uploads\/2020\/12\/Laissez-passer-manuscript-St-Germain-R-445x306.jpg 445w, https:\/\/wikicollection.fr\/wp-content\/uploads\/2020\/12\/Laissez-passer-manuscript-St-Germain-R-300x206.jpg 300w, https:\/\/wikicollection.fr\/wp-content\/uploads\/2020\/12\/Laissez-passer-manuscript-St-Germain-R-1024x703.jpg 1024w, https:\/\/wikicollection.fr\/wp-content\/uploads\/2020\/12\/Laissez-passer-manuscript-St-Germain-R-768x528.jpg 768w, https:\/\/wikicollection.fr\/wp-content\/uploads\/2020\/12\/Laissez-passer-manuscript-St-Germain-R-1536x1055.jpg 1536w, https:\/\/wikicollection.fr\/wp-content\/uploads\/2020\/12\/Laissez-passer-manuscript-St-Germain-R-2048x1407.jpg 2048w, https:\/\/wikicollection.fr\/wp-content\/uploads\/2020\/12\/Laissez-passer-manuscript-St-Germain-R-130x90.jpg 130w\" sizes=\"auto, (max-width: 602px) 100vw, 602px\" \/><\/p>\n<p><img loading=\"lazy\" decoding=\"async\" class=\"alignnone wp-image-120841\" src=\"https:\/\/wikicollection.fr\/wp-content\/uploads\/2020\/12\/Laissez-passer-manuscript-V-scaled-e1607203090288.jpg\" alt=\"\" width=\"413\" height=\"592\" srcset=\"https:\/\/wikicollection.fr\/wp-content\/uploads\/2020\/12\/Laissez-passer-manuscript-V-scaled-e1607203090288.jpg 1376w, https:\/\/wikicollection.fr\/wp-content\/uploads\/2020\/12\/Laissez-passer-manuscript-V-scaled-e1607203090288-445x637.jpg 445w, https:\/\/wikicollection.fr\/wp-content\/uploads\/2020\/12\/Laissez-passer-manuscript-V-scaled-e1607203090288-209x300.jpg 209w, https:\/\/wikicollection.fr\/wp-content\/uploads\/2020\/12\/Laissez-passer-manuscript-V-scaled-e1607203090288-715x1024.jpg 715w, https:\/\/wikicollection.fr\/wp-content\/uploads\/2020\/12\/Laissez-passer-manuscript-V-scaled-e1607203090288-768x1100.jpg 768w, https:\/\/wikicollection.fr\/wp-content\/uploads\/2020\/12\/Laissez-passer-manuscript-V-scaled-e1607203090288-1072x1536.jpg 1072w\" sizes=\"auto, (max-width: 413px) 100vw, 413px\" \/><\/p>\n<p><div id=\"FRBN-LAISSEZPASSER-10-2\"><br><\/div><hr class=\"divider\" \/><a class=\"macoll bleu\" href=\"http:\/\/wikicollection.fr\/?page_id=10005#FRBN-LAISSEZPASSER-10-2\"><img src=http:\/\/www.wikicollection.fr\/wp-includes\/images\/epingle.jpg>Ajouter &agrave; ma collection<\/a><a class=\"macoll bleu\" href=\"http:\/\/wikicollection.fr\/?page_id=10005#FRBN-LAISSEZPASSER-10-2\"><img src=http:\/\/www.wikicollection.fr\/wp-includes\/images\/echange.jpg>Vendre\/&eacute;changer<\/a>  <a class=\"macoll bleu\" href=\"http:\/\/wikicollection.fr\/?page_id=10005#FRBN-LAISSEZPASSER-10-2\"><img src=http:\/\/www.wikicollection.fr\/wp-includes\/images\/loupe.jpg>Rechercher<\/a><br>      <br \/>\n<strong>Laissez Passer<\/strong><br \/>\n<strong>D\u00e9partement\/Commune :<\/strong> Haute-Sa\u00f4ne\/Francourt<br \/>\n<strong>Date :<\/strong> 25 octobre 1914<br \/>\n<strong>Trajet :<\/strong> Francourt \u00e0 Langres<br \/>\n<strong>Moyen de transport :<\/strong> Non renseign\u00e9<br \/>\n<strong>Signalement :<\/strong>\u00a0 Non renseign\u00e9<br \/>\n<strong>Dimensions (mm) :<\/strong> 110 x 160<br \/>\n<strong>Imprimeur :<\/strong> Document manuscrit sur une page de cahier d&rsquo;\u00e9colier<\/p>\n<p><img loading=\"lazy\" decoding=\"async\" class=\"alignnone wp-image-120842\" src=\"https:\/\/wikicollection.fr\/wp-content\/uploads\/2020\/12\/Laissez-passer-maniscript-R-scaled-e1607203003632.jpg\" alt=\"\" width=\"602\" height=\"394\" srcset=\"https:\/\/wikicollection.fr\/wp-content\/uploads\/2020\/12\/Laissez-passer-maniscript-R-scaled-e1607203003632.jpg 1484w, https:\/\/wikicollection.fr\/wp-content\/uploads\/2020\/12\/Laissez-passer-maniscript-R-scaled-e1607203003632-445x291.jpg 445w, https:\/\/wikicollection.fr\/wp-content\/uploads\/2020\/12\/Laissez-passer-maniscript-R-scaled-e1607203003632-300x196.jpg 300w, https:\/\/wikicollection.fr\/wp-content\/uploads\/2020\/12\/Laissez-passer-maniscript-R-scaled-e1607203003632-1024x671.jpg 1024w, https:\/\/wikicollection.fr\/wp-content\/uploads\/2020\/12\/Laissez-passer-maniscript-R-scaled-e1607203003632-768x503.jpg 768w\" sizes=\"auto, (max-width: 602px) 100vw, 602px\" \/><\/p>\n<p><div id=\"FRBN-LAISSEZPASSER-10-3\"><br><\/div><hr class=\"divider\" \/><a class=\"macoll bleu\" href=\"http:\/\/wikicollection.fr\/?page_id=10005#FRBN-LAISSEZPASSER-10-3\"><img src=http:\/\/www.wikicollection.fr\/wp-includes\/images\/epingle.jpg>Ajouter &agrave; ma collection<\/a><a class=\"macoll bleu\" href=\"http:\/\/wikicollection.fr\/?page_id=10005#FRBN-LAISSEZPASSER-10-3\"><img src=http:\/\/www.wikicollection.fr\/wp-includes\/images\/echange.jpg>Vendre\/&eacute;changer<\/a>  <a class=\"macoll bleu\" href=\"http:\/\/wikicollection.fr\/?page_id=10005#FRBN-LAISSEZPASSER-10-3\"><img src=http:\/\/www.wikicollection.fr\/wp-includes\/images\/loupe.jpg>Rechercher<\/a><br>      <br \/>\n<strong>Laissez Passer<\/strong><br \/>\n<strong>D\u00e9partement\/Commune :<\/strong> Vosges\/Lerrain<br \/>\n<strong>Date :<\/strong> 5 mai 1915<br \/>\n<strong>Trajet :<\/strong> Lerrain \u00e0 \u00c9pinal et retour<br \/>\n<strong>Moyen de transport :<\/strong> Non renseign\u00e9<br \/>\n<strong>Signalement :<\/strong>\u00a0 Renseign\u00e9<br \/>\n<strong>D\u00e9tails :<\/strong>\u00a0 Visa du chef de poste de la gare (1\u00e8re arm\u00e9e)<br \/>\n<strong>Dimensions (mm) :<\/strong> 130 x 210<br \/>\n<strong>Imprimeur :<\/strong> Imp. Administrative des Vosges \u2013 Epinal<br \/>\n<img loading=\"lazy\" decoding=\"async\" class=\"alignnone wp-image-120852\" src=\"https:\/\/wikicollection.fr\/wp-content\/uploads\/2020\/12\/Laissez-passer-Lerrain-1915-scaled.jpg\" alt=\"\" width=\"602\" height=\"377\" srcset=\"https:\/\/wikicollection.fr\/wp-content\/uploads\/2020\/12\/Laissez-passer-Lerrain-1915-scaled.jpg 2560w, https:\/\/wikicollection.fr\/wp-content\/uploads\/2020\/12\/Laissez-passer-Lerrain-1915-445x278.jpg 445w, https:\/\/wikicollection.fr\/wp-content\/uploads\/2020\/12\/Laissez-passer-Lerrain-1915-300x187.jpg 300w, https:\/\/wikicollection.fr\/wp-content\/uploads\/2020\/12\/Laissez-passer-Lerrain-1915-1024x640.jpg 1024w, https:\/\/wikicollection.fr\/wp-content\/uploads\/2020\/12\/Laissez-passer-Lerrain-1915-768x480.jpg 768w, https:\/\/wikicollection.fr\/wp-content\/uploads\/2020\/12\/Laissez-passer-Lerrain-1915-1536x960.jpg 1536w, https:\/\/wikicollection.fr\/wp-content\/uploads\/2020\/12\/Laissez-passer-Lerrain-1915-2048x1280.jpg 2048w\" sizes=\"auto, (max-width: 602px) 100vw, 602px\" \/><\/p>\n","protected":false},"excerpt":{"rendered":"<p>D\u00e9s le d\u00e9but du conflit des Laissez Passer &amp; Sauf-Conduit ont \u00e9t\u00e9 utilis\u00e9s pour circuler dans la zone des arm\u00e9es<\/p>\n","protected":false},"author":326,"featured_media":0,"comment_status":"open","ping_status":"open","sticky":false,"template":"","format":"standard","meta":{"footnotes":""},"categories":[73],"tags":[],"class_list":["post-120810","post","type-post","status-publish","format-standard","hentry","category-cartes-nominatives"],"_links":{"self":[{"href":"https:\/\/wikicollection.fr\/index.php?rest_route=\/wp\/v2\/posts\/120810","targetHints":{"allow":["GET"]}}],"collection":[{"href":"https:\/\/wikicollection.fr\/index.php?rest_route=\/wp\/v2\/posts"}],"about":[{"href":"https:\/\/wikicollection.fr\/index.php?rest_route=\/wp\/v2\/types\/post"}],"author":[{"embeddable":true,"href":"https:\/\/wikicollection.fr\/index.php?rest_route=\/wp\/v2\/users\/326"}],"replies":[{"embeddable":true,"href":"https:\/\/wikicollection.fr\/index.php?rest_route=%2Fwp%2Fv2%2Fcomments&post=120810"}],"version-history":[{"count":0,"href":"https:\/\/wikicollection.fr\/index.php?rest_route=\/wp\/v2\/posts\/120810\/revisions"}],"wp:attachment":[{"href":"https:\/\/wikicollection.fr\/index.php?rest_route=%2Fwp%2Fv2%2Fmedia&parent=120810"}],"wp:term":[{"taxonomy":"category","embeddable":true,"href":"https:\/\/wikicollection.fr\/index.php?rest_route=%2Fwp%2Fv2%2Fcategories&post=120810"},{"taxonomy":"post_tag","embeddable":true,"href":"https:\/\/wikicollection.fr\/index.php?rest_route=%2Fwp%2Fv2%2Ftags&post=120810"}],"curies":[{"name":"wp","href":"https:\/\/api.w.org\/{rel}","templated":true}]}}