{"id":109928,"date":"2019-10-12T14:03:24","date_gmt":"2019-10-12T13:03:24","guid":{"rendered":"https:\/\/wikicollection.fr\/?p=109928"},"modified":"2019-10-12T15:34:15","modified_gmt":"2019-10-12T14:34:15","slug":"rationnement-emissions-nationales-1939-1949-cartes-professionnelles-de-negociant-en-bestiaux-timbres-fiscaux","status":"publish","type":"post","link":"https:\/\/wikicollection.fr\/?p=109928","title":{"rendered":"Rationnement \u2013 Emissions nationales (1939-1949) \u2013 Cartes Professionnelles de N\u00e9gociant en Bestiaux &#8211; Timbres fiscaux"},"content":{"rendered":"<a class=\"macoll bleu\" href=\"?page_id=10005\"><img src=http:\/\/www.wikicollection.fr\/wp-includes\/images\/ajout.jpg>Suivre cette page<\/a><br><br>\n<p>De 1943 \u00e0 1951, l&rsquo;exercice des professions int\u00e9ressant le b\u00e9tail et la viande \u00e9tait limit\u00e9 aux d\u00e9tenteurs d&rsquo;une carte professionnelle sur laquelle devaient \u00eatre appos\u00e9s des timbres fiscaux sp\u00e9cifiques. Ces timbres fiscaux \u00e9taient \u00e9galement appos\u00e9s sur\u00a0 les accus\u00e9s de r\u00e9ception de demande de carte.<\/p>\n<p><strong>Timbres fiscaux avec l\u00e9gende \u00ab\u00a0Comit\u00e9 National Interprofessionnel de la Viande\u00a0\u00bb (CNIV) &#8211; 1943-45<\/strong><\/p>\n<p>Accus\u00e9 de r\u00e9ception de demande de carte professionnelle ou de carte de producteur (1943)<\/p>\n<p><img loading=\"lazy\" decoding=\"async\" class=\"alignnone wp-image-109929\" src=\"https:\/\/wikicollection.fr\/wp-content\/uploads\/2019\/10\/Accus\u00e9-de-r\u00e9ception-CNIV-1943.jpg\" alt=\"\" width=\"444\" height=\"800\" \/><\/p>\n<p>Accus\u00e9 de r\u00e9ception de demande de carte professionnelle ou de carte de producteur (1944)<\/p>\n<p><img loading=\"lazy\" decoding=\"async\" class=\"alignnone wp-image-109930\" src=\"https:\/\/wikicollection.fr\/wp-content\/uploads\/2019\/10\/Accus\u00e9-de-r\u00e9ception-CNIV-1944.jpg\" alt=\"\" width=\"456\" height=\"800\" \/><\/p>\n<p>&nbsp;<\/p>\n<p><strong>Timbres fiscaux avec l\u00e9gende \u00ab\u00a0Minist\u00e8re de l&rsquo;Agriculture et du Ravitaillement\u00a0\u00bb &#8211; 1946<\/strong><\/p>\n<p>Accus\u00e9 de r\u00e9ception de demande de carte professionnelle 1946<\/p>\n<p><img loading=\"lazy\" decoding=\"async\" class=\"alignnone wp-image-109931\" src=\"https:\/\/wikicollection.fr\/wp-content\/uploads\/2019\/10\/Accus\u00e9-de-r\u00e9ception-Minist\u00e9re-Agriculture-et-Ravitaillement-1946.jpg\" alt=\"\" width=\"461\" height=\"800\" \/><\/p>\n<p>&nbsp;<\/p>\n<p><strong>Timbres fiscaux avec l\u00e9gende \u00ab\u00a0R\u00e9publique Fran\u00e7aise &#8211; Redevance\u00a0\u00bb &#8211; 1947-48<\/strong><\/p>\n<p>Accus\u00e9 de r\u00e9ception de demande de carte professionnelle (1947)<\/p>\n<p><img loading=\"lazy\" decoding=\"async\" class=\"alignnone wp-image-109933\" src=\"https:\/\/wikicollection.fr\/wp-content\/uploads\/2019\/10\/Accus\u00e9-de-r\u00e9ception-R\u00e9publique-fran\u00e7aise-1947.jpg\" alt=\"\" width=\"464\" height=\"800\" \/><\/p>\n<p>Accus\u00e9 de r\u00e9ception de demande de carte professionnelle (1948)<\/p>\n<p><img loading=\"lazy\" decoding=\"async\" class=\"alignnone wp-image-109936\" src=\"https:\/\/wikicollection.fr\/wp-content\/uploads\/2019\/10\/Accus\u00e9-de-r\u00e9ception-R\u00e9publique-fran\u00e7aise-1948-1.jpg\" alt=\"\" width=\"466\" height=\"800\" \/><\/p>\n<p>Carte professionnelle d&rsquo;acheteur de b\u00e9tail sur pied (1947)<\/p>\n<p><img loading=\"lazy\" decoding=\"async\" class=\"alignnone wp-image-109932\" src=\"https:\/\/wikicollection.fr\/wp-content\/uploads\/2019\/10\/Carte-Professionnelle-1947.jpg\" alt=\"\" width=\"466\" height=\"638\" \/><\/p>\n<p>&nbsp;<\/p>\n<p><strong>Timbres fiscaux \u00e9mis par le \u00ab\u00a0Minist\u00e8re de l&rsquo;Agriculture\u00a0\u00bb &#8211; 1950-51<\/strong><\/p>\n<p>Carte professionnelle d&rsquo;acheteur de b\u00e9tail sur pied (1951)<\/p>\n<p><img loading=\"lazy\" decoding=\"async\" class=\"alignnone wp-image-109937\" src=\"https:\/\/wikicollection.fr\/wp-content\/uploads\/2019\/10\/Carte-Professionnelle-1951.jpg\" alt=\"\" width=\"466\" height=\"639\" \/><br \/>\n&nbsp;<br \/>\n&nbsp;<br \/>\n&nbsp;<br \/>\n<a href=\"http:\/\/wikicollection.fr\/?p=101963\"><img loading=\"lazy\" decoding=\"async\" class=\"alignnone\" src=\"http:\/\/wikicollection.fr\/wp-content\/uploads\/2015\/09\/fleche1.jpg\" alt=\"fleche\" width=\"20\" height=\"20\" \/><\/a><a href=\"http:\/\/wikicollection.fr\/?p=40554\" data-wp-editing=\"1\"> Voir d&rsquo;autres cartes professionnelles du Comit\u00e9 National Interprofessionnel des Viandes<\/a><br \/>\n<a href=\"http:\/\/wikicollection.fr\/?p=101963\"><img loading=\"lazy\" decoding=\"async\" class=\"alignnone\" src=\"http:\/\/wikicollection.fr\/wp-content\/uploads\/2015\/09\/fleche1.jpg\" alt=\"fleche\" width=\"20\" height=\"20\" \/><\/a><a href=\"http:\/\/wikicollection.fr\/?p=40561\" data-wp-editing=\"1\"> Voir une autre carte professionnelle du Service des Viandes<\/a><\/p>\n","protected":false},"excerpt":{"rendered":"<p>De 1943 \u00e0 1951, l&rsquo;exercice des professions int\u00e9ressant le b\u00e9tail et la viande \u00e9tait limit\u00e9 aux d\u00e9tenteurs d&rsquo;une carte professionnelle<\/p>\n","protected":false},"author":326,"featured_media":0,"comment_status":"open","ping_status":"open","sticky":false,"template":"","format":"standard","meta":{"footnotes":""},"categories":[10],"tags":[],"class_list":["post-109928","post","type-post","status-publish","format-standard","hentry","category-emissions-1939-1949-nationales"],"_links":{"self":[{"href":"https:\/\/wikicollection.fr\/index.php?rest_route=\/wp\/v2\/posts\/109928","targetHints":{"allow":["GET"]}}],"collection":[{"href":"https:\/\/wikicollection.fr\/index.php?rest_route=\/wp\/v2\/posts"}],"about":[{"href":"https:\/\/wikicollection.fr\/index.php?rest_route=\/wp\/v2\/types\/post"}],"author":[{"embeddable":true,"href":"https:\/\/wikicollection.fr\/index.php?rest_route=\/wp\/v2\/users\/326"}],"replies":[{"embeddable":true,"href":"https:\/\/wikicollection.fr\/index.php?rest_route=%2Fwp%2Fv2%2Fcomments&post=109928"}],"version-history":[{"count":0,"href":"https:\/\/wikicollection.fr\/index.php?rest_route=\/wp\/v2\/posts\/109928\/revisions"}],"wp:attachment":[{"href":"https:\/\/wikicollection.fr\/index.php?rest_route=%2Fwp%2Fv2%2Fmedia&parent=109928"}],"wp:term":[{"taxonomy":"category","embeddable":true,"href":"https:\/\/wikicollection.fr\/index.php?rest_route=%2Fwp%2Fv2%2Fcategories&post=109928"},{"taxonomy":"post_tag","embeddable":true,"href":"https:\/\/wikicollection.fr\/index.php?rest_route=%2Fwp%2Fv2%2Ftags&post=109928"}],"curies":[{"name":"wp","href":"https:\/\/api.w.org\/{rel}","templated":true}]}}