{"id":103134,"date":"2019-05-25T21:58:35","date_gmt":"2019-05-25T20:58:35","guid":{"rendered":"http:\/\/wikicollection.fr\/?p=103134"},"modified":"2019-05-25T21:59:09","modified_gmt":"2019-05-25T20:59:09","slug":"rationnement-emissions-locales-1914-1922-kreuznach-rhenanie-carte-de-savon-seifenkarte-janvier-a-juin-1919","status":"publish","type":"post","link":"https:\/\/wikicollection.fr\/?p=103134","title":{"rendered":"Rationnement \u2013 Emissions locales (1914-1922) \u2013 Kreuznach (Rh\u00e9nanie) \u2013 Carte de savon \/ Seifenkarte (janvier \u00e0 juin 1919)"},"content":{"rendered":"<p><a class=\"macoll bleu\" href=\"?page_id=10005\"><img src=http:\/\/www.wikicollection.fr\/wp-includes\/images\/ajout.jpg>Suivre cette page<\/a><br><br> Kreuznach (Rh\u00e9nanie occup\u00e9e par les troupes fran\u00e7aises)<\/p>\n<p><a href=\"http:\/\/wikicollection.fr\/wp-content\/uploads\/2019\/05\/Kreuznach-Seifenkarte-savon-janvier-\u00e0-juin-1919.jpg\" data-rel=\"lightbox-image-0\" data-magnific_type=\"image\" data-rl_title=\"\" data-rl_caption=\"\" title=\"\"><img loading=\"lazy\" decoding=\"async\" class=\"alignnone wp-image-103135\" src=\"http:\/\/wikicollection.fr\/wp-content\/uploads\/2019\/05\/Kreuznach-Seifenkarte-savon-janvier-\u00e0-juin-1919-785x1024.jpg\" alt=\"\" width=\"544\" height=\"710\" srcset=\"https:\/\/wikicollection.fr\/wp-content\/uploads\/2019\/05\/Kreuznach-Seifenkarte-savon-janvier-\u00e0-juin-1919-785x1024.jpg 785w, https:\/\/wikicollection.fr\/wp-content\/uploads\/2019\/05\/Kreuznach-Seifenkarte-savon-janvier-\u00e0-juin-1919-445x581.jpg 445w, https:\/\/wikicollection.fr\/wp-content\/uploads\/2019\/05\/Kreuznach-Seifenkarte-savon-janvier-\u00e0-juin-1919-230x300.jpg 230w, https:\/\/wikicollection.fr\/wp-content\/uploads\/2019\/05\/Kreuznach-Seifenkarte-savon-janvier-\u00e0-juin-1919-768x1002.jpg 768w, https:\/\/wikicollection.fr\/wp-content\/uploads\/2019\/05\/Kreuznach-Seifenkarte-savon-janvier-\u00e0-juin-1919.jpg 993w\" sizes=\"auto, (max-width: 544px) 100vw, 544px\" \/><\/a><\/p>\n<p><a href=\"http:\/\/wikicollection.fr\/?p=100408\"><img loading=\"lazy\" decoding=\"async\" src=\"http:\/\/wikicollection.fr\/wp-content\/uploads\/2015\/09\/fleche1.jpg\" alt=\"fleche\" width=\"20\" height=\"20\" \/>\u00a0Acc\u00e9der \u00e0 la page principale rationnement pour l\u2019Alsace et la Lorraine (1914-1922)<\/a><\/p>\n","protected":false},"excerpt":{"rendered":"<p>Kreuznach (Rh\u00e9nanie occup\u00e9e par les troupes fran\u00e7aises) \u00a0Acc\u00e9der \u00e0 la page principale rationnement pour l\u2019Alsace et la Lorraine (1914-1922)<\/p>\n","protected":false},"author":326,"featured_media":0,"comment_status":"open","ping_status":"open","sticky":false,"template":"","format":"standard","meta":{"footnotes":""},"categories":[14],"tags":[],"class_list":["post-103134","post","type-post","status-publish","format-standard","hentry","category-emissions-1914-1922"],"_links":{"self":[{"href":"https:\/\/wikicollection.fr\/index.php?rest_route=\/wp\/v2\/posts\/103134","targetHints":{"allow":["GET"]}}],"collection":[{"href":"https:\/\/wikicollection.fr\/index.php?rest_route=\/wp\/v2\/posts"}],"about":[{"href":"https:\/\/wikicollection.fr\/index.php?rest_route=\/wp\/v2\/types\/post"}],"author":[{"embeddable":true,"href":"https:\/\/wikicollection.fr\/index.php?rest_route=\/wp\/v2\/users\/326"}],"replies":[{"embeddable":true,"href":"https:\/\/wikicollection.fr\/index.php?rest_route=%2Fwp%2Fv2%2Fcomments&post=103134"}],"version-history":[{"count":0,"href":"https:\/\/wikicollection.fr\/index.php?rest_route=\/wp\/v2\/posts\/103134\/revisions"}],"wp:attachment":[{"href":"https:\/\/wikicollection.fr\/index.php?rest_route=%2Fwp%2Fv2%2Fmedia&parent=103134"}],"wp:term":[{"taxonomy":"category","embeddable":true,"href":"https:\/\/wikicollection.fr\/index.php?rest_route=%2Fwp%2Fv2%2Fcategories&post=103134"},{"taxonomy":"post_tag","embeddable":true,"href":"https:\/\/wikicollection.fr\/index.php?rest_route=%2Fwp%2Fv2%2Ftags&post=103134"}],"curies":[{"name":"wp","href":"https:\/\/api.w.org\/{rel}","templated":true}]}}