{"id":102033,"date":"2019-05-08T21:13:04","date_gmt":"2019-05-08T20:13:04","guid":{"rendered":"http:\/\/wikicollection.fr\/?p=102033"},"modified":"2019-05-08T21:13:50","modified_gmt":"2019-05-08T20:13:50","slug":"rationnement-emissions-locales-1939-1949-haut-rhin-cinquieme-carte-de-vetements-pour-filles-de-3-a-15-ans-funfte-reichskleiderkarte-grise-jusquau-31-decembre-19","status":"publish","type":"post","link":"https:\/\/wikicollection.fr\/?p=102033","title":{"rendered":"Rationnement \u2013 Emissions locales (1939-1949) \u2013 (Haut-Rhin) \u2013 5\u00e8me carte de v\u00eatements pour filles de 3 \u00e0 15 ans \/ F\u00fcnfte Reichskleiderkarte (Jusqu&rsquo;au 31 d\u00e9cembre 1945)"},"content":{"rendered":"<a class=\"macoll bleu\" href=\"?page_id=10005\"><img src=http:\/\/www.wikicollection.fr\/wp-includes\/images\/ajout.jpg>Suivre cette page<\/a><br><br>\n<p><strong>Localit\u00e9 :<\/strong> Gundolsheim (Arrondissement de Guebwiller) &#8211; En partie utilis\u00e9e, Guebwiller est lib\u00e9r\u00e9e le 4 f\u00e9vrier 1945<\/p>\n<p>Ext\u00e9rieur<\/p>\n<p><img loading=\"lazy\" decoding=\"async\" class=\"alignnone wp-image-102034\" src=\"http:\/\/wikicollection.fr\/wp-content\/uploads\/2019\/05\/F\u00fcnfte-Reichskleiderkarte-1940-46-Guebviller-R1-Filles.jpg\" alt=\"\" width=\"669\" height=\"588\" srcset=\"https:\/\/wikicollection.fr\/wp-content\/uploads\/2019\/05\/F\u00fcnfte-Reichskleiderkarte-1940-46-Guebviller-R1-Filles.jpg 2007w, https:\/\/wikicollection.fr\/wp-content\/uploads\/2019\/05\/F\u00fcnfte-Reichskleiderkarte-1940-46-Guebviller-R1-Filles-445x391.jpg 445w, https:\/\/wikicollection.fr\/wp-content\/uploads\/2019\/05\/F\u00fcnfte-Reichskleiderkarte-1940-46-Guebviller-R1-Filles-300x263.jpg 300w, https:\/\/wikicollection.fr\/wp-content\/uploads\/2019\/05\/F\u00fcnfte-Reichskleiderkarte-1940-46-Guebviller-R1-Filles-768x674.jpg 768w, https:\/\/wikicollection.fr\/wp-content\/uploads\/2019\/05\/F\u00fcnfte-Reichskleiderkarte-1940-46-Guebviller-R1-Filles-1024x899.jpg 1024w\" sizes=\"auto, (max-width: 669px) 100vw, 669px\" \/><\/p>\n<p>Int\u00e9rieur gauche<\/p>\n<p><img loading=\"lazy\" decoding=\"async\" class=\"alignnone wp-image-102035\" src=\"http:\/\/wikicollection.fr\/wp-content\/uploads\/2019\/05\/F\u00fcnfte-Reichskleiderkarte-1940-46-Guebviller-V1-Filles.jpg\" alt=\"\" width=\"679\" height=\"589\" srcset=\"https:\/\/wikicollection.fr\/wp-content\/uploads\/2019\/05\/F\u00fcnfte-Reichskleiderkarte-1940-46-Guebviller-V1-Filles.jpg 2040w, https:\/\/wikicollection.fr\/wp-content\/uploads\/2019\/05\/F\u00fcnfte-Reichskleiderkarte-1940-46-Guebviller-V1-Filles-445x386.jpg 445w, https:\/\/wikicollection.fr\/wp-content\/uploads\/2019\/05\/F\u00fcnfte-Reichskleiderkarte-1940-46-Guebviller-V1-Filles-300x260.jpg 300w, https:\/\/wikicollection.fr\/wp-content\/uploads\/2019\/05\/F\u00fcnfte-Reichskleiderkarte-1940-46-Guebviller-V1-Filles-768x666.jpg 768w, https:\/\/wikicollection.fr\/wp-content\/uploads\/2019\/05\/F\u00fcnfte-Reichskleiderkarte-1940-46-Guebviller-V1-Filles-1024x888.jpg 1024w\" sizes=\"auto, (max-width: 679px) 100vw, 679px\" \/><\/p>\n<p>Int\u00e9rieur droit<\/p>\n<p><img loading=\"lazy\" decoding=\"async\" class=\"alignnone wp-image-102036\" src=\"http:\/\/wikicollection.fr\/wp-content\/uploads\/2019\/05\/F\u00fcnfte-Reichskleiderkarte-1940-46-Guebviller-V2-Filles.jpg\" alt=\"\" width=\"828\" height=\"590\" srcset=\"https:\/\/wikicollection.fr\/wp-content\/uploads\/2019\/05\/F\u00fcnfte-Reichskleiderkarte-1940-46-Guebviller-V2-Filles.jpg 2450w, https:\/\/wikicollection.fr\/wp-content\/uploads\/2019\/05\/F\u00fcnfte-Reichskleiderkarte-1940-46-Guebviller-V2-Filles-445x317.jpg 445w, https:\/\/wikicollection.fr\/wp-content\/uploads\/2019\/05\/F\u00fcnfte-Reichskleiderkarte-1940-46-Guebviller-V2-Filles-300x214.jpg 300w, https:\/\/wikicollection.fr\/wp-content\/uploads\/2019\/05\/F\u00fcnfte-Reichskleiderkarte-1940-46-Guebviller-V2-Filles-768x547.jpg 768w, https:\/\/wikicollection.fr\/wp-content\/uploads\/2019\/05\/F\u00fcnfte-Reichskleiderkarte-1940-46-Guebviller-V2-Filles-1024x729.jpg 1024w\" sizes=\"auto, (max-width: 828px) 100vw, 828px\" \/><\/p>\n<p>&nbsp;<\/p>\n<p>&nbsp;<\/p>\n<p><a href=\"http:\/\/wikicollection.fr\/?p=101963\"><img loading=\"lazy\" decoding=\"async\" src=\"http:\/\/wikicollection.fr\/wp-content\/uploads\/2015\/09\/fleche1.jpg\" alt=\"fleche\" width=\"20\" height=\"20\" \/>\u00a0Acc\u00e9der \u00e0 la page principale rationnement pour l\u2019Alsace et la Lorraine (1939-1949)<\/a><\/p>\n","protected":false},"excerpt":{"rendered":"<p>Localit\u00e9 : Gundolsheim (Arrondissement de Guebwiller) &#8211; En partie utilis\u00e9e, Guebwiller est lib\u00e9r\u00e9e le 4 f\u00e9vrier 1945 Ext\u00e9rieur Int\u00e9rieur gauche<\/p>\n","protected":false},"author":326,"featured_media":0,"comment_status":"open","ping_status":"open","sticky":false,"template":"","format":"standard","meta":{"footnotes":""},"categories":[11],"tags":[],"class_list":["post-102033","post","type-post","status-publish","format-standard","hentry","category-emissions-1939-1949-locales"],"_links":{"self":[{"href":"https:\/\/wikicollection.fr\/index.php?rest_route=\/wp\/v2\/posts\/102033","targetHints":{"allow":["GET"]}}],"collection":[{"href":"https:\/\/wikicollection.fr\/index.php?rest_route=\/wp\/v2\/posts"}],"about":[{"href":"https:\/\/wikicollection.fr\/index.php?rest_route=\/wp\/v2\/types\/post"}],"author":[{"embeddable":true,"href":"https:\/\/wikicollection.fr\/index.php?rest_route=\/wp\/v2\/users\/326"}],"replies":[{"embeddable":true,"href":"https:\/\/wikicollection.fr\/index.php?rest_route=%2Fwp%2Fv2%2Fcomments&post=102033"}],"version-history":[{"count":0,"href":"https:\/\/wikicollection.fr\/index.php?rest_route=\/wp\/v2\/posts\/102033\/revisions"}],"wp:attachment":[{"href":"https:\/\/wikicollection.fr\/index.php?rest_route=%2Fwp%2Fv2%2Fmedia&parent=102033"}],"wp:term":[{"taxonomy":"category","embeddable":true,"href":"https:\/\/wikicollection.fr\/index.php?rest_route=%2Fwp%2Fv2%2Fcategories&post=102033"},{"taxonomy":"post_tag","embeddable":true,"href":"https:\/\/wikicollection.fr\/index.php?rest_route=%2Fwp%2Fv2%2Ftags&post=102033"}],"curies":[{"name":"wp","href":"https:\/\/api.w.org\/{rel}","templated":true}]}}