{"id":102026,"date":"2019-05-08T21:10:23","date_gmt":"2019-05-08T20:10:23","guid":{"rendered":"http:\/\/wikicollection.fr\/?p=102026"},"modified":"2019-05-12T11:43:30","modified_gmt":"2019-05-12T10:43:30","slug":"rationnement-emissions-locales-1939-1949-guebwiller-haut-rhin-cinquieme-carte-de-vetements-pour-garcons-de-3-a-15-ans-funfte-reichskleiderkarte-verte-jusquau-31","status":"publish","type":"post","link":"https:\/\/wikicollection.fr\/?p=102026","title":{"rendered":"Rationnement \u2013 Emissions locales (1939-1949) \u2013 (Haut-Rhin) \u2013 5\u00e8me carte de v\u00eatements pour gar\u00e7ons de 3 \u00e0 15 ans \/ F\u00fcnfte Reichskleiderkarte (Verte, jusqu&rsquo;au 31 d\u00e9cembre 1945)"},"content":{"rendered":"<a class=\"macoll bleu\" href=\"?page_id=10005\"><img src=http:\/\/www.wikicollection.fr\/wp-includes\/images\/ajout.jpg>Suivre cette page<\/a><br><br>\n<p><strong>Localit\u00e9 :<\/strong> Gundolsheim (Arrondissement de Guebwiller) &#8211; En partie utilis\u00e9e, Guebwiller est lib\u00e9r\u00e9e le 4 f\u00e9vrier<\/p>\n<p>Ext\u00e9rieur<\/p>\n<p><a href=\"http:\/\/wikicollection.fr\/wp-content\/uploads\/2019\/05\/F\u00fcnfte-Reichskleiderkarte-1940-46-Guebviller-R1-Gar\u00e7ons.jpg\" data-rel=\"lightbox-image-0\" data-magnific_type=\"image\" data-rl_title=\"\" data-rl_caption=\"\" title=\"\"><img loading=\"lazy\" decoding=\"async\" class=\"alignnone wp-image-102027\" src=\"http:\/\/wikicollection.fr\/wp-content\/uploads\/2019\/05\/F\u00fcnfte-Reichskleiderkarte-1940-46-Guebviller-R1-Gar\u00e7ons.jpg\" alt=\"\" width=\"794\" height=\"557\" srcset=\"https:\/\/wikicollection.fr\/wp-content\/uploads\/2019\/05\/F\u00fcnfte-Reichskleiderkarte-1940-46-Guebviller-R1-Gar\u00e7ons.jpg 2500w, https:\/\/wikicollection.fr\/wp-content\/uploads\/2019\/05\/F\u00fcnfte-Reichskleiderkarte-1940-46-Guebviller-R1-Gar\u00e7ons-445x312.jpg 445w, https:\/\/wikicollection.fr\/wp-content\/uploads\/2019\/05\/F\u00fcnfte-Reichskleiderkarte-1940-46-Guebviller-R1-Gar\u00e7ons-300x211.jpg 300w, https:\/\/wikicollection.fr\/wp-content\/uploads\/2019\/05\/F\u00fcnfte-Reichskleiderkarte-1940-46-Guebviller-R1-Gar\u00e7ons-768x539.jpg 768w, https:\/\/wikicollection.fr\/wp-content\/uploads\/2019\/05\/F\u00fcnfte-Reichskleiderkarte-1940-46-Guebviller-R1-Gar\u00e7ons-1024x719.jpg 1024w, https:\/\/wikicollection.fr\/wp-content\/uploads\/2019\/05\/F\u00fcnfte-Reichskleiderkarte-1940-46-Guebviller-R1-Gar\u00e7ons-130x90.jpg 130w\" sizes=\"auto, (max-width: 794px) 100vw, 794px\" \/><\/a><\/p>\n<p>Int\u00e9rieur gauche<\/p>\n<p><a href=\"http:\/\/wikicollection.fr\/wp-content\/uploads\/2019\/05\/F\u00fcnfte-Reichskleiderkarte-1940-46-Guebviller-V2-Gar\u00e7ons.jpg\" data-rel=\"lightbox-image-1\" data-magnific_type=\"image\" data-rl_title=\"\" data-rl_caption=\"\" title=\"\"><img loading=\"lazy\" decoding=\"async\" class=\"alignnone wp-image-102028\" src=\"http:\/\/wikicollection.fr\/wp-content\/uploads\/2019\/05\/F\u00fcnfte-Reichskleiderkarte-1940-46-Guebviller-V2-Gar\u00e7ons.jpg\" alt=\"\" width=\"792\" height=\"561\" srcset=\"https:\/\/wikicollection.fr\/wp-content\/uploads\/2019\/05\/F\u00fcnfte-Reichskleiderkarte-1940-46-Guebviller-V2-Gar\u00e7ons.jpg 2477w, https:\/\/wikicollection.fr\/wp-content\/uploads\/2019\/05\/F\u00fcnfte-Reichskleiderkarte-1940-46-Guebviller-V2-Gar\u00e7ons-445x315.jpg 445w, https:\/\/wikicollection.fr\/wp-content\/uploads\/2019\/05\/F\u00fcnfte-Reichskleiderkarte-1940-46-Guebviller-V2-Gar\u00e7ons-300x213.jpg 300w, https:\/\/wikicollection.fr\/wp-content\/uploads\/2019\/05\/F\u00fcnfte-Reichskleiderkarte-1940-46-Guebviller-V2-Gar\u00e7ons-768x544.jpg 768w, https:\/\/wikicollection.fr\/wp-content\/uploads\/2019\/05\/F\u00fcnfte-Reichskleiderkarte-1940-46-Guebviller-V2-Gar\u00e7ons-1024x726.jpg 1024w\" sizes=\"auto, (max-width: 792px) 100vw, 792px\" \/><\/a><\/p>\n<p>Int\u00e9rieur droit<\/p>\n<p><a href=\"http:\/\/wikicollection.fr\/wp-content\/uploads\/2019\/05\/F\u00fcnfte-Reichskleiderkarte-1940-46-Guebviller-V1-Gar\u00e7ons.jpg\" data-rel=\"lightbox-image-2\" data-magnific_type=\"image\" data-rl_title=\"\" data-rl_caption=\"\" title=\"\"><img loading=\"lazy\" decoding=\"async\" class=\"alignnone wp-image-102029\" src=\"http:\/\/wikicollection.fr\/wp-content\/uploads\/2019\/05\/F\u00fcnfte-Reichskleiderkarte-1940-46-Guebviller-V1-Gar\u00e7ons.jpg\" alt=\"\" width=\"773\" height=\"561\" srcset=\"https:\/\/wikicollection.fr\/wp-content\/uploads\/2019\/05\/F\u00fcnfte-Reichskleiderkarte-1940-46-Guebviller-V1-Gar\u00e7ons.jpg 2462w, https:\/\/wikicollection.fr\/wp-content\/uploads\/2019\/05\/F\u00fcnfte-Reichskleiderkarte-1940-46-Guebviller-V1-Gar\u00e7ons-445x323.jpg 445w, https:\/\/wikicollection.fr\/wp-content\/uploads\/2019\/05\/F\u00fcnfte-Reichskleiderkarte-1940-46-Guebviller-V1-Gar\u00e7ons-300x218.jpg 300w, https:\/\/wikicollection.fr\/wp-content\/uploads\/2019\/05\/F\u00fcnfte-Reichskleiderkarte-1940-46-Guebviller-V1-Gar\u00e7ons-768x557.jpg 768w, https:\/\/wikicollection.fr\/wp-content\/uploads\/2019\/05\/F\u00fcnfte-Reichskleiderkarte-1940-46-Guebviller-V1-Gar\u00e7ons-1024x742.jpg 1024w\" sizes=\"auto, (max-width: 773px) 100vw, 773px\" \/><\/a><\/p>\n<p>&nbsp;<\/p>\n<p>&nbsp;<\/p>\n<p><a href=\"http:\/\/wikicollection.fr\/?p=101963\"><img loading=\"lazy\" decoding=\"async\" src=\"http:\/\/wikicollection.fr\/wp-content\/uploads\/2015\/09\/fleche1.jpg\" alt=\"fleche\" width=\"20\" height=\"20\" \/>\u00a0Acc\u00e9der \u00e0 la page principale rationnement pour l\u2019Alsace et la Lorraine (1939-1949)<\/a><\/p>\n","protected":false},"excerpt":{"rendered":"<p>Localit\u00e9 : Gundolsheim (Arrondissement de Guebwiller) &#8211; En partie utilis\u00e9e, Guebwiller est lib\u00e9r\u00e9e le 4 f\u00e9vrier Ext\u00e9rieur Int\u00e9rieur gauche Int\u00e9rieur<\/p>\n","protected":false},"author":326,"featured_media":0,"comment_status":"open","ping_status":"open","sticky":false,"template":"","format":"standard","meta":{"footnotes":""},"categories":[11],"tags":[],"class_list":["post-102026","post","type-post","status-publish","format-standard","hentry","category-emissions-1939-1949-locales"],"_links":{"self":[{"href":"https:\/\/wikicollection.fr\/index.php?rest_route=\/wp\/v2\/posts\/102026","targetHints":{"allow":["GET"]}}],"collection":[{"href":"https:\/\/wikicollection.fr\/index.php?rest_route=\/wp\/v2\/posts"}],"about":[{"href":"https:\/\/wikicollection.fr\/index.php?rest_route=\/wp\/v2\/types\/post"}],"author":[{"embeddable":true,"href":"https:\/\/wikicollection.fr\/index.php?rest_route=\/wp\/v2\/users\/326"}],"replies":[{"embeddable":true,"href":"https:\/\/wikicollection.fr\/index.php?rest_route=%2Fwp%2Fv2%2Fcomments&post=102026"}],"version-history":[{"count":0,"href":"https:\/\/wikicollection.fr\/index.php?rest_route=\/wp\/v2\/posts\/102026\/revisions"}],"wp:attachment":[{"href":"https:\/\/wikicollection.fr\/index.php?rest_route=%2Fwp%2Fv2%2Fmedia&parent=102026"}],"wp:term":[{"taxonomy":"category","embeddable":true,"href":"https:\/\/wikicollection.fr\/index.php?rest_route=%2Fwp%2Fv2%2Fcategories&post=102026"},{"taxonomy":"post_tag","embeddable":true,"href":"https:\/\/wikicollection.fr\/index.php?rest_route=%2Fwp%2Fv2%2Ftags&post=102026"}],"curies":[{"name":"wp","href":"https:\/\/api.w.org\/{rel}","templated":true}]}}