{"id":101907,"date":"2019-05-04T22:34:47","date_gmt":"2019-05-04T21:34:47","guid":{"rendered":"http:\/\/wikicollection.fr\/?p=101907"},"modified":"2019-05-11T17:00:51","modified_gmt":"2019-05-11T16:00:51","slug":"rationnement-emissions-locales-1914-1922-strasbourg-bas-rhin-tickets-de-commande-pour-oeuf-bestellmarken-fur-eier-31-decembre-1917-au-10-fevrier-1918","status":"publish","type":"post","link":"https:\/\/wikicollection.fr\/?p=101907","title":{"rendered":"Rationnement \u2013 Emissions locales (1914-1922) \u2013 Strasbourg (Bas-Rhin) \u2013 Tickets de commande pour \u0153uf \/ Bestellmarken f\u00fcr Eier (31 d\u00e9cembre 1917 au 10 f\u00e9vrier 1918)"},"content":{"rendered":"<a class=\"macoll bleu\" href=\"?page_id=10005\"><img src=http:\/\/www.wikicollection.fr\/wp-includes\/images\/ajout.jpg>Suivre cette page<\/a><br><br>\n<p><strong>Cr\u00e9dit photo :<\/strong>\u00a0Eric-Nicolas Labinieau<\/p>\n<p>Verso non disponible<\/p>\n<p><a href=\"http:\/\/wikicollection.fr\/wp-content\/uploads\/2019\/05\/K-1.jpg\" data-rel=\"lightbox-image-0\" data-magnific_type=\"image\" data-rl_title=\"\" data-rl_caption=\"\" title=\"\"><img loading=\"lazy\" decoding=\"async\" class=\"alignnone wp-image-102266\" src=\"http:\/\/wikicollection.fr\/wp-content\/uploads\/2019\/05\/K-1.jpg\" alt=\"\" width=\"608\" height=\"625\" srcset=\"https:\/\/wikicollection.fr\/wp-content\/uploads\/2019\/05\/K-1.jpg 1215w, https:\/\/wikicollection.fr\/wp-content\/uploads\/2019\/05\/K-1-445x457.jpg 445w, https:\/\/wikicollection.fr\/wp-content\/uploads\/2019\/05\/K-1-292x300.jpg 292w, https:\/\/wikicollection.fr\/wp-content\/uploads\/2019\/05\/K-1-768x789.jpg 768w, https:\/\/wikicollection.fr\/wp-content\/uploads\/2019\/05\/K-1-996x1024.jpg 996w\" sizes=\"auto, (max-width: 608px) 100vw, 608px\" \/><\/a><\/p>\n<p><a href=\"http:\/\/wikicollection.fr\/?p=100408\"><img loading=\"lazy\" decoding=\"async\" src=\"http:\/\/wikicollection.fr\/wp-content\/uploads\/2015\/09\/fleche1.jpg\" alt=\"fleche\" width=\"20\" height=\"20\" \/>\u00a0Acc\u00e9der \u00e0 la page principale rationnement pour l\u2019Alsace et la Lorraine (1914-1922)<\/a><\/p>\n","protected":false},"excerpt":{"rendered":"<p>Cr\u00e9dit photo :\u00a0Eric-Nicolas Labinieau Verso non disponible \u00a0Acc\u00e9der \u00e0 la page principale rationnement pour l\u2019Alsace et la Lorraine (1914-1922)<\/p>\n","protected":false},"author":326,"featured_media":0,"comment_status":"open","ping_status":"open","sticky":false,"template":"","format":"standard","meta":{"footnotes":""},"categories":[14],"tags":[],"class_list":["post-101907","post","type-post","status-publish","format-standard","hentry","category-emissions-1914-1922"],"_links":{"self":[{"href":"https:\/\/wikicollection.fr\/index.php?rest_route=\/wp\/v2\/posts\/101907","targetHints":{"allow":["GET"]}}],"collection":[{"href":"https:\/\/wikicollection.fr\/index.php?rest_route=\/wp\/v2\/posts"}],"about":[{"href":"https:\/\/wikicollection.fr\/index.php?rest_route=\/wp\/v2\/types\/post"}],"author":[{"embeddable":true,"href":"https:\/\/wikicollection.fr\/index.php?rest_route=\/wp\/v2\/users\/326"}],"replies":[{"embeddable":true,"href":"https:\/\/wikicollection.fr\/index.php?rest_route=%2Fwp%2Fv2%2Fcomments&post=101907"}],"version-history":[{"count":0,"href":"https:\/\/wikicollection.fr\/index.php?rest_route=\/wp\/v2\/posts\/101907\/revisions"}],"wp:attachment":[{"href":"https:\/\/wikicollection.fr\/index.php?rest_route=%2Fwp%2Fv2%2Fmedia&parent=101907"}],"wp:term":[{"taxonomy":"category","embeddable":true,"href":"https:\/\/wikicollection.fr\/index.php?rest_route=%2Fwp%2Fv2%2Fcategories&post=101907"},{"taxonomy":"post_tag","embeddable":true,"href":"https:\/\/wikicollection.fr\/index.php?rest_route=%2Fwp%2Fv2%2Ftags&post=101907"}],"curies":[{"name":"wp","href":"https:\/\/api.w.org\/{rel}","templated":true}]}}