{"id":101725,"date":"2019-05-02T20:39:30","date_gmt":"2019-05-02T19:39:30","guid":{"rendered":"http:\/\/wikicollection.fr\/?p=101725"},"modified":"2019-05-10T19:32:21","modified_gmt":"2019-05-10T18:32:21","slug":"rationnement-emissions-locales-1914-1922-strasbourg-bas-rhin-carte-de-supplements-a-la-carte-de-pain-pour-travailleurs-de-force-en-carnet-de-8-feuillets-verts-27-aout-au-21","status":"publish","type":"post","link":"https:\/\/wikicollection.fr\/?p=101725","title":{"rendered":"Rationnement \u2013 Emissions locales (1914-1922) \u2013 Strasbourg (Bas-Rhin) &#8211; Carte de suppl\u00e9ments \u00e0 la carte de pain pour travailleurs de force en carnet de 8 feuillets verts (27 ao\u00fbt au 21 octobre, sans ann\u00e9e)"},"content":{"rendered":"<a class=\"macoll bleu\" href=\"?page_id=10005\"><img src=http:\/\/www.wikicollection.fr\/wp-includes\/images\/ajout.jpg>Suivre cette page<\/a><br><br>\n<p><strong>Cr\u00e9dit photo :<\/strong>\u00a0Eric-Nicolas Labinieau<\/p>\n<p><img loading=\"lazy\" decoding=\"async\" class=\"alignnone wp-image-101726\" src=\"http:\/\/wikicollection.fr\/wp-content\/uploads\/2019\/05\/Carnet-2.jpg\" alt=\"\" width=\"717\" height=\"895\" srcset=\"https:\/\/wikicollection.fr\/wp-content\/uploads\/2019\/05\/Carnet-2.jpg 985w, https:\/\/wikicollection.fr\/wp-content\/uploads\/2019\/05\/Carnet-2-445x555.jpg 445w, https:\/\/wikicollection.fr\/wp-content\/uploads\/2019\/05\/Carnet-2-240x300.jpg 240w, https:\/\/wikicollection.fr\/wp-content\/uploads\/2019\/05\/Carnet-2-768x958.jpg 768w, https:\/\/wikicollection.fr\/wp-content\/uploads\/2019\/05\/Carnet-2-821x1024.jpg 821w\" sizes=\"auto, (max-width: 717px) 100vw, 717px\" \/><\/p>\n<p><a href=\"http:\/\/wikicollection.fr\/?p=100408\"><img loading=\"lazy\" decoding=\"async\" src=\"http:\/\/wikicollection.fr\/wp-content\/uploads\/2015\/09\/fleche1.jpg\" alt=\"fleche\" width=\"20\" height=\"20\" \/>\u00a0Acc\u00e9der \u00e0 la page principale rationnement pour l\u2019Alsace et la Lorraine (1914-1922)<\/a><\/p>\n","protected":false},"excerpt":{"rendered":"<p>Cr\u00e9dit photo :\u00a0Eric-Nicolas Labinieau \u00a0Acc\u00e9der \u00e0 la page principale rationnement pour l\u2019Alsace et la Lorraine (1914-1922)<\/p>\n","protected":false},"author":326,"featured_media":0,"comment_status":"open","ping_status":"open","sticky":false,"template":"","format":"standard","meta":{"footnotes":""},"categories":[14],"tags":[],"class_list":["post-101725","post","type-post","status-publish","format-standard","hentry","category-emissions-1914-1922"],"_links":{"self":[{"href":"https:\/\/wikicollection.fr\/index.php?rest_route=\/wp\/v2\/posts\/101725","targetHints":{"allow":["GET"]}}],"collection":[{"href":"https:\/\/wikicollection.fr\/index.php?rest_route=\/wp\/v2\/posts"}],"about":[{"href":"https:\/\/wikicollection.fr\/index.php?rest_route=\/wp\/v2\/types\/post"}],"author":[{"embeddable":true,"href":"https:\/\/wikicollection.fr\/index.php?rest_route=\/wp\/v2\/users\/326"}],"replies":[{"embeddable":true,"href":"https:\/\/wikicollection.fr\/index.php?rest_route=%2Fwp%2Fv2%2Fcomments&post=101725"}],"version-history":[{"count":0,"href":"https:\/\/wikicollection.fr\/index.php?rest_route=\/wp\/v2\/posts\/101725\/revisions"}],"wp:attachment":[{"href":"https:\/\/wikicollection.fr\/index.php?rest_route=%2Fwp%2Fv2%2Fmedia&parent=101725"}],"wp:term":[{"taxonomy":"category","embeddable":true,"href":"https:\/\/wikicollection.fr\/index.php?rest_route=%2Fwp%2Fv2%2Fcategories&post=101725"},{"taxonomy":"post_tag","embeddable":true,"href":"https:\/\/wikicollection.fr\/index.php?rest_route=%2Fwp%2Fv2%2Ftags&post=101725"}],"curies":[{"name":"wp","href":"https:\/\/api.w.org\/{rel}","templated":true}]}}