{"id":10,"date":"2015-09-08T20:26:11","date_gmt":"2015-09-08T20:26:11","guid":{"rendered":"http:\/\/www.wikicollection.fr\/?p=10"},"modified":"2016-05-12T13:35:14","modified_gmt":"2016-05-12T12:35:14","slug":"la-france-rationnee-histoire-illustree-des-restrictions-1940-1949-par-bernard-le-marec","status":"publish","type":"post","link":"https:\/\/wikicollection.fr\/?p=10","title":{"rendered":"La France rationn\u00e9e par Bernard Le Marec"},"content":{"rendered":"<p style=\"padding-left: 60px;\"><a href=\"http:\/\/wikicollection.fr\/wp-content\/uploads\/ouestfrance.jpg\" data-rel=\"lightbox-image-0\" data-magnific_type=\"image\" data-rl_title=\"\" data-rl_caption=\"\" title=\"\"><img loading=\"lazy\" decoding=\"async\" class=\"alignnone size-full wp-image-12917\" src=\"http:\/\/wikicollection.fr\/wp-content\/uploads\/ouestfrance.jpg\" alt=\"ouestfrance\" width=\"138\" height=\"48\" \/><\/a><em><strong>La France rationn\u00e9e, le nouveau livre de Bernard Le Marec<\/strong><\/em><\/p>\n<p><a href=\"http:\/\/wikicollection.fr\/wp-content\/uploads\/lemarec1.jpg\" data-rel=\"lightbox-image-1\" data-magnific_type=\"image\" data-rl_title=\"\" data-rl_caption=\"\" title=\"\"><img loading=\"lazy\" decoding=\"async\" class=\"size-full wp-image-12918 alignleft\" src=\"http:\/\/wikicollection.fr\/wp-content\/uploads\/lemarec1.jpg\" alt=\"lemarec\" width=\"240\" height=\"357\" srcset=\"https:\/\/wikicollection.fr\/wp-content\/uploads\/lemarec1.jpg 240w, https:\/\/wikicollection.fr\/wp-content\/uploads\/lemarec1-202x300.jpg 202w\" sizes=\"auto, (max-width: 240px) 100vw, 240px\" \/><\/a><em>Cela faisait plusieurs mois que sa sortie \u00e9tait attendue : le livre de Bernard Le Marec est enfin en librairie. Un \u00e9v\u00e9nement qui d\u00e9passe de loin les fronti\u00e8res rheusoises, car La France rationn\u00e9e, histoire illustr\u00e9e des restrictions 1940-1949 est d\u00e9j\u00e0 reconnue comme un ouvrage de r\u00e9f\u00e9rence. P\u00e9diatre de formation et professeur de g\u00e9n\u00e9tique au CHU retrait\u00e9, l&rsquo;auteur a su convertir sa passion en un v\u00e9ritable travail d&rsquo;historien. Cet ouvrage est le troisi\u00e8me qu&rsquo;il publie. Il avait \u00e9crit les deux pr\u00e9c\u00e9dents en collaboration avec son fr\u00e8re.<br \/>\n<\/em><br \/>\n<em> \u00ab Je suis un miracul\u00e9 \u00bb<br \/>\n<\/em><br \/>\n<em> \u00ab Cela repr\u00e9sente dix ans de boulot au quotidien. J&rsquo;ai \u00e9t\u00e9 tr\u00e8s marqu\u00e9 par mon enfance. Je suis un miracul\u00e9, car je me suis retrouv\u00e9 deux fois sous les bombes. Mes grands parents ont trouv\u00e9 la mort le 26 ao\u00fbt 1944, lors du dernier bombardement de Paris. L&rsquo;histoire du rationnement commence en 1940 pour se terminer quatre ans apr\u00e8s la fin du conflit. \u00bb<br \/>\n<\/em><br \/>\n<em> Le rationnement concerne alors la vie des Fran\u00e7ais, de la naissance avec les tickets de grossesse, jusqu&rsquo;\u00e0 la mort avec le bon de cercueil. <b>\u00ab Il y avait m\u00eame des cartes pour l&rsquo;insuline \u00e0 destination des diab\u00e9tiques et d&rsquo;autres de la SPA pour l&rsquo;alimentation des animaux domestiques ! Dans ce livre j&rsquo;explique l&rsquo;installation du rationnement, les structures officielles du ravitaillement et les cons\u00e9quences sur les principales denr\u00e9es alimentaires. Tous les instants de la vie sont marqu\u00e9s par le rationnement, l&rsquo;alimentation mais aussi le textile, la mode les jeux et m\u00eame la religion <\/b>! \u00bb<br \/>\n<\/em><br \/>\n<em> Au fil de ses 450 pages, l&rsquo;ouvrage, consid\u00e9rablement illustr\u00e9, se veut p\u00e9dagogique. Et l&rsquo;humour y trouve sa place. <b>\u00ab En cette p\u00e9riode, c&rsquo;\u00e9tait le seul sujet dont les chansonniers pouvaient se moquer. \u00bb<\/b> L&rsquo;\u00e9tude des journaux est \u00e9galement tr\u00e8s \u00e9tay\u00e9e : <b>\u00ab Il \u00e9tait essentiel de lire la presse en cette p\u00e9riode car c&rsquo;\u00e9tait le seul moyen de conna\u00eetre les dotations mensuelles. Il n&rsquo;y avait pas un jour sans article sur le sujet. \u00bb<br \/>\n<\/b><\/em><br \/>\n<em> Bernard Le Marec raconte cette histoire avec une passion non dissimul\u00e9e mais toujours avec cette simplicit\u00e9 qui le caract\u00e9rise. Et lorsque l&rsquo;on lui demande sur quoi il va travailler d\u00e9sormais, il r\u00e9pond : <b>\u00ab Je viens d&rsquo;atterrir. Je vais peut-\u00eatre travailler sur les caricatures et les dessins de presse de cette \u00e9poque. \u00bb<br \/>\n<\/b><\/em><\/p>\n<p><a href=\"http:\/\/wikicollection.fr\/?product=la-france-rationnee-par-bernard-le-marec\">Acc\u00e9der \u00e0 la fiche produit<\/a><\/p>\n<p>&nbsp;<\/p>\n","protected":false},"excerpt":{"rendered":"<p>La France rationn\u00e9e, le nouveau livre de Bernard Le Marec Cela faisait plusieurs mois que sa sortie \u00e9tait attendue :<\/p>\n","protected":false},"author":1,"featured_media":13,"comment_status":"open","ping_status":"open","sticky":false,"template":"","format":"standard","meta":{"footnotes":""},"categories":[3,4],"tags":[],"class_list":["post-10","post","type-post","status-publish","format-standard","has-post-thumbnail","hentry","category-bibliographie","category-rationnement"],"_links":{"self":[{"href":"https:\/\/wikicollection.fr\/index.php?rest_route=\/wp\/v2\/posts\/10","targetHints":{"allow":["GET"]}}],"collection":[{"href":"https:\/\/wikicollection.fr\/index.php?rest_route=\/wp\/v2\/posts"}],"about":[{"href":"https:\/\/wikicollection.fr\/index.php?rest_route=\/wp\/v2\/types\/post"}],"author":[{"embeddable":true,"href":"https:\/\/wikicollection.fr\/index.php?rest_route=\/wp\/v2\/users\/1"}],"replies":[{"embeddable":true,"href":"https:\/\/wikicollection.fr\/index.php?rest_route=%2Fwp%2Fv2%2Fcomments&post=10"}],"version-history":[{"count":0,"href":"https:\/\/wikicollection.fr\/index.php?rest_route=\/wp\/v2\/posts\/10\/revisions"}],"wp:featuredmedia":[{"embeddable":true,"href":"https:\/\/wikicollection.fr\/index.php?rest_route=\/wp\/v2\/media\/13"}],"wp:attachment":[{"href":"https:\/\/wikicollection.fr\/index.php?rest_route=%2Fwp%2Fv2%2Fmedia&parent=10"}],"wp:term":[{"taxonomy":"category","embeddable":true,"href":"https:\/\/wikicollection.fr\/index.php?rest_route=%2Fwp%2Fv2%2Fcategories&post=10"},{"taxonomy":"post_tag","embeddable":true,"href":"https:\/\/wikicollection.fr\/index.php?rest_route=%2Fwp%2Fv2%2Ftags&post=10"}],"curies":[{"name":"wp","href":"https:\/\/api.w.org\/{rel}","templated":true}]}}